{"id":9076,"date":"2018-05-14T13:48:22","date_gmt":"2018-05-14T13:48:22","guid":{"rendered":"http:\/\/blogsaverroes.juntadeandalucia.es\/ceipjosefinaaldecoa\/?p=9076"},"modified":"2018-05-21T01:44:21","modified_gmt":"2018-05-21T01:44:21","slug":"reunion-del-eoe-con-nuevas-familias-de-infantil-3-anoscurso-1819","status":"publish","type":"post","link":"https:\/\/blogsaverroes.juntadeandalucia.es\/ceipjosefinaaldecoa\/2018\/05\/14\/reunion-del-eoe-con-nuevas-familias-de-infantil-3-anoscurso-1819\/","title":{"rendered":"Reuni\u00f3n del EOE con Nuevas Familias de Infantil 3 a\u00f1os(Curso 18\/19)"},"content":{"rendered":"<p style=\"text-align: justify\"><span style=\"font-size: 14pt;color: #000000\"><strong>Reuni\u00f3n del Equipo de Orientaci\u00f3n Educativa<\/strong>(EOE) <span style=\"text-decoration: underline\"><strong>con Nuevas Familias de Infantil 3 a\u00f1os &#8211;&gt;Curso 18\/19<\/strong><\/span><\/span><br \/>\n<span style=\"font-size: 14pt;color: #000000\">D\u00eda: <strong>Martes 12 de junio<\/strong><\/span><br \/>\n<span style=\"font-size: 14pt;color: #000000\">Lugar: <strong>Sal\u00f3n Multiusos del colegio<\/strong><\/span><br \/>\n<span style=\"font-size: 14pt;color: #000000\">Hora: <strong>9:30 horas<\/strong><\/span><\/p>\n<p style=\"text-align: center\"><span style=\"font-size: 14pt;color: #000000\">ES IMPORTANTE, !NO faltes!<\/span><a href=\"http:\/\/blogsaverroes.juntadeandalucia.es\/ceipjosefinaaldecoa\/2018\/05\/14\/reunion-del-eoe-con-nuevas-familias-de-infantil-3-anoscurso-1819\/carla-eoe-3anos\/\" rel=\"attachment wp-att-9077\"><img loading=\"lazy\" decoding=\"async\" width=\"1439\" height=\"1079\" class=\"aligncenter size-full wp-image-9077\" alt=\"\" src=\"https:\/\/blogsaverroes.juntadeandalucia.es\/ceipjosefinaaldecoa\/files\/2018\/05\/CARLA-EOE-3a\u00f1os.png\" srcset=\"https:\/\/blogsaverroes.juntadeandalucia.es\/ceipjosefinaaldecoa\/files\/2018\/05\/CARLA-EOE-3a\u00f1os.png 1439w, https:\/\/blogsaverroes.juntadeandalucia.es\/ceipjosefinaaldecoa\/files\/2018\/05\/CARLA-EOE-3a\u00f1os-300x225.png 300w, https:\/\/blogsaverroes.juntadeandalucia.es\/ceipjosefinaaldecoa\/files\/2018\/05\/CARLA-EOE-3a\u00f1os-768x576.png 768w, https:\/\/blogsaverroes.juntadeandalucia.es\/ceipjosefinaaldecoa\/files\/2018\/05\/CARLA-EOE-3a\u00f1os-1024x768.png 1024w, https:\/\/blogsaverroes.juntadeandalucia.es\/ceipjosefinaaldecoa\/files\/2018\/05\/CARLA-EOE-3a\u00f1os-24x18.png 24w, https:\/\/blogsaverroes.juntadeandalucia.es\/ceipjosefinaaldecoa\/files\/2018\/05\/CARLA-EOE-3a\u00f1os-36x27.png 36w, https:\/\/blogsaverroes.juntadeandalucia.es\/ceipjosefinaaldecoa\/files\/2018\/05\/CARLA-EOE-3a\u00f1os-48x36.png 48w\" sizes=\"(max-width: 1439px) 100vw, 1439px\" \/><\/a><\/p>\n","protected":false},"excerpt":{"rendered":"<p>Reuni\u00f3n del Equipo de Orientaci\u00f3n Educativa(EOE) con Nuevas Familias de Infantil 3 a\u00f1os &#8211;&gt;Curso 18\/19 D\u00eda: Martes 12 de junio Lugar: Sal\u00f3n Multiusos del colegio Hora: 9:30 horas ES IMPORTANTE, !NO faltes!<\/p>\n","protected":false},"author":2825,"featured_media":9077,"comment_status":"open","ping_status":"open","sticky":false,"template":"","format":"standard","meta":{"ngg_post_thumbnail":0,"footnotes":""},"categories":[3202,28],"tags":[1244188,1244214,1244215,294078],"aioseo_notices":[],"_links":{"self":[{"href":"https:\/\/blogsaverroes.juntadeandalucia.es\/ceipjosefinaaldecoa\/wp-json\/wp\/v2\/posts\/9076"}],"collection":[{"href":"https:\/\/blogsaverroes.juntadeandalucia.es\/ceipjosefinaaldecoa\/wp-json\/wp\/v2\/posts"}],"about":[{"href":"https:\/\/blogsaverroes.juntadeandalucia.es\/ceipjosefinaaldecoa\/wp-json\/wp\/v2\/types\/post"}],"author":[{"embeddable":true,"href":"https:\/\/blogsaverroes.juntadeandalucia.es\/ceipjosefinaaldecoa\/wp-json\/wp\/v2\/users\/2825"}],"replies":[{"embeddable":true,"href":"https:\/\/blogsaverroes.juntadeandalucia.es\/ceipjosefinaaldecoa\/wp-json\/wp\/v2\/comments?post=9076"}],"version-history":[{"count":6,"href":"https:\/\/blogsaverroes.juntadeandalucia.es\/ceipjosefinaaldecoa\/wp-json\/wp\/v2\/posts\/9076\/revisions"}],"predecessor-version":[{"id":9269,"href":"https:\/\/blogsaverroes.juntadeandalucia.es\/ceipjosefinaaldecoa\/wp-json\/wp\/v2\/posts\/9076\/revisions\/9269"}],"wp:featuredmedia":[{"embeddable":true,"href":"https:\/\/blogsaverroes.juntadeandalucia.es\/ceipjosefinaaldecoa\/wp-json\/wp\/v2\/media\/9077"}],"wp:attachment":[{"href":"https:\/\/blogsaverroes.juntadeandalucia.es\/ceipjosefinaaldecoa\/wp-json\/wp\/v2\/media?parent=9076"}],"wp:term":[{"taxonomy":"category","embeddable":true,"href":"https:\/\/blogsaverroes.juntadeandalucia.es\/ceipjosefinaaldecoa\/wp-json\/wp\/v2\/categories?post=9076"},{"taxonomy":"post_tag","embeddable":true,"href":"https:\/\/blogsaverroes.juntadeandalucia.es\/ceipjosefinaaldecoa\/wp-json\/wp\/v2\/tags?post=9076"}],"curies":[{"name":"wp","href":"https:\/\/api.w.org\/{rel}","templated":true}]}}