{"id":2810,"date":"2026-02-07T18:05:57","date_gmt":"2026-02-07T18:05:57","guid":{"rendered":"https:\/\/blogsaverroes.juntadeandalucia.es\/ceipjosefinapascual\/?p=2810"},"modified":"2026-02-07T18:05:57","modified_gmt":"2026-02-07T18:05:57","slug":"reconocimiento-micole","status":"publish","type":"post","link":"https:\/\/blogsaverroes.juntadeandalucia.es\/ceipjosefinapascual\/reconocimiento-micole\/","title":{"rendered":"Reconocimiento \u00abMicole\u00bb"},"content":{"rendered":"<p>Rescatamos una grata noticia que nos lleg\u00f3 en septiembre de la mano del Diario de C\u00e1diz.<\/p>\n<p>&nbsp;Nos han reconocido como el mejor colegio de C\u00e1diz. No creemos ser l@s mejores, en nuestra ciudad hay muchos coles estupendos, pero s\u00ed nos encanta que se nos reconozca por dos bonitos pilares, ser un centro familiar, cercano y abierto a tod@ aquel que lo necesite, y la implicaci\u00f3n de todo el personal del cole. Somos una gran familia, y estamos muy orgullos@s. Gracias a tod@s l@s que han hecho posible este reconocimiento, gracias por poner vuestro granito de arena \ud83d\udc99<\/p>\n<p><a href=\"http:\/\/Mejores colegios de C\u00e1diz\">https:\/\/www.diarodecadiz.es\/vivir_en_cadiz\/son-mejores-colegios-cadiz-2025_0_2004686868.html?fbclid=IwdGRjcAMlIrdjbGNrAyUiDGV4dG4DYWVtAjExAAEeM9P7XDSzfLNPdbH6mnLjlY2v6oD34Bz9_759E1qyC042jOsoaHK-jEDe7L8_aem_IEeLI49dw9pCyB7zZb-hQQ<\/a><\/p>\n","protected":false},"excerpt":{"rendered":"<p>Rescatamos una grata noticia que nos lleg\u00f3 en septiembre de la mano del Diario de C\u00e1diz. &nbsp;Nos han reconocido como el mejor colegio de C\u00e1diz.&hellip;<\/p>\n","protected":false},"author":12036,"featured_media":0,"comment_status":"open","ping_status":"open","sticky":false,"template":"","format":"standard","meta":{"ngg_post_thumbnail":0,"footnotes":""},"categories":[11909],"tags":[],"aioseo_notices":[],"_links":{"self":[{"href":"https:\/\/blogsaverroes.juntadeandalucia.es\/ceipjosefinapascual\/wp-json\/wp\/v2\/posts\/2810"}],"collection":[{"href":"https:\/\/blogsaverroes.juntadeandalucia.es\/ceipjosefinapascual\/wp-json\/wp\/v2\/posts"}],"about":[{"href":"https:\/\/blogsaverroes.juntadeandalucia.es\/ceipjosefinapascual\/wp-json\/wp\/v2\/types\/post"}],"author":[{"embeddable":true,"href":"https:\/\/blogsaverroes.juntadeandalucia.es\/ceipjosefinapascual\/wp-json\/wp\/v2\/users\/12036"}],"replies":[{"embeddable":true,"href":"https:\/\/blogsaverroes.juntadeandalucia.es\/ceipjosefinapascual\/wp-json\/wp\/v2\/comments?post=2810"}],"version-history":[{"count":2,"href":"https:\/\/blogsaverroes.juntadeandalucia.es\/ceipjosefinapascual\/wp-json\/wp\/v2\/posts\/2810\/revisions"}],"predecessor-version":[{"id":2812,"href":"https:\/\/blogsaverroes.juntadeandalucia.es\/ceipjosefinapascual\/wp-json\/wp\/v2\/posts\/2810\/revisions\/2812"}],"wp:attachment":[{"href":"https:\/\/blogsaverroes.juntadeandalucia.es\/ceipjosefinapascual\/wp-json\/wp\/v2\/media?parent=2810"}],"wp:term":[{"taxonomy":"category","embeddable":true,"href":"https:\/\/blogsaverroes.juntadeandalucia.es\/ceipjosefinapascual\/wp-json\/wp\/v2\/categories?post=2810"},{"taxonomy":"post_tag","embeddable":true,"href":"https:\/\/blogsaverroes.juntadeandalucia.es\/ceipjosefinapascual\/wp-json\/wp\/v2\/tags?post=2810"}],"curies":[{"name":"wp","href":"https:\/\/api.w.org\/{rel}","templated":true}]}}