{"id":4360,"date":"2022-10-27T11:12:55","date_gmt":"2022-10-27T09:12:55","guid":{"rendered":"https:\/\/blogsaverroes.juntadeandalucia.es\/ceipjoseluissanchez\/?p=4360"},"modified":"2022-10-27T11:16:43","modified_gmt":"2022-10-27T09:16:43","slug":"cheque-escolar","status":"publish","type":"post","link":"https:\/\/blogsaverroes.juntadeandalucia.es\/ceipjoseluissanchez\/2022\/10\/27\/cheque-escolar\/","title":{"rendered":"CHEQUE ESCOLAR"},"content":{"rendered":"<p>Se informa a las familias de que ya pueden solicitar el cheque escolar de 100 euros a la Junta de Andaluc\u00eda<\/p>\n<p><img decoding=\"async\" src=\"https:\/\/scontent-mad1-1.xx.fbcdn.net\/v\/t39.30808-6\/311788114_493973262769488_8820390923774408460_n.jpg?_nc_cat=110&amp;ccb=1-7&amp;_nc_sid=8bfeb9&amp;_nc_ohc=mvnxsb_z42YAX8azOZd&amp;_nc_ht=scontent-mad1-1.xx&amp;oh=00_AfCtHhdAfp8bmLcZrL5gdb7pwvB4OOZeYewb5Xv8LRZkDw&amp;oe=635F0341\" alt=\"Puede ser una imagen de calzado y texto que dice &quot;SOLICITA el CHEQUE ESCOLAR DE ANDALUC\u00cdA de 100\u20ac&quot;\"><\/p>\n<p>Toda la informaci\u00f3n aqu\u00ed:<\/p>\n<p><a href=\"https:\/\/portals.ced.junta-andalucia.es\/educacion\/portals\/web\/prensa\/inicio\/-\/noticia\/detalle\/las-familias-podran-solicitar-el-cheque-escolar-de-100-euros-hasta-el-proximo-9-de-noviembre?fbclid=IwAR29TIn0RHK_A2_nzv48Un3NWSpUUqsXfHmNe3vbvAUwWRPlar1d9Qcjbdw\">https:\/\/portals.ced.junta-andalucia.es\/educacion\/portals\/web\/prensa\/inicio\/-\/noticia\/detalle\/las-familias-podran-solicitar-el-cheque-escolar-de-100-euros-hasta-el-proximo-9-de-noviembre?fbclid=IwAR29TIn0RHK_A2_nzv48Un3NWSpUUqsXfHmNe3vbvAUwWRPlar1d9Qcjbdw<\/a><\/p>\n<p>Un saludo<\/p>\n<p>La Direcci\u00f3n<\/p>\n<p>&nbsp;<\/p>\n","protected":false},"excerpt":{"rendered":"<p>Se informa a las familias de que ya pueden solicitar el cheque escolar de 100 euros a la Junta de Andaluc\u00eda Toda la informaci\u00f3n aqu\u00ed: https:\/\/portals.ced.junta-andalucia.es\/educacion\/portals\/web\/prensa\/inicio\/-\/noticia\/detalle\/las-familias-podran-solicitar-el-cheque-escolar-de-100-euros-hasta-el-proximo-9-de-noviembre?fbclid=IwAR29TIn0RHK_A2_nzv48Un3NWSpUUqsXfHmNe3vbvAUwWRPlar1d9Qcjbdw Un saludo La Direcci\u00f3n &nbsp;<\/p>\n","protected":false},"author":7222,"featured_media":0,"comment_status":"closed","ping_status":"closed","sticky":false,"template":"","format":"standard","meta":{"ngg_post_thumbnail":0,"footnotes":""},"categories":[307418],"tags":[],"aioseo_notices":[],"_links":{"self":[{"href":"https:\/\/blogsaverroes.juntadeandalucia.es\/ceipjoseluissanchez\/wp-json\/wp\/v2\/posts\/4360"}],"collection":[{"href":"https:\/\/blogsaverroes.juntadeandalucia.es\/ceipjoseluissanchez\/wp-json\/wp\/v2\/posts"}],"about":[{"href":"https:\/\/blogsaverroes.juntadeandalucia.es\/ceipjoseluissanchez\/wp-json\/wp\/v2\/types\/post"}],"author":[{"embeddable":true,"href":"https:\/\/blogsaverroes.juntadeandalucia.es\/ceipjoseluissanchez\/wp-json\/wp\/v2\/users\/7222"}],"replies":[{"embeddable":true,"href":"https:\/\/blogsaverroes.juntadeandalucia.es\/ceipjoseluissanchez\/wp-json\/wp\/v2\/comments?post=4360"}],"version-history":[{"count":6,"href":"https:\/\/blogsaverroes.juntadeandalucia.es\/ceipjoseluissanchez\/wp-json\/wp\/v2\/posts\/4360\/revisions"}],"predecessor-version":[{"id":4366,"href":"https:\/\/blogsaverroes.juntadeandalucia.es\/ceipjoseluissanchez\/wp-json\/wp\/v2\/posts\/4360\/revisions\/4366"}],"wp:attachment":[{"href":"https:\/\/blogsaverroes.juntadeandalucia.es\/ceipjoseluissanchez\/wp-json\/wp\/v2\/media?parent=4360"}],"wp:term":[{"taxonomy":"category","embeddable":true,"href":"https:\/\/blogsaverroes.juntadeandalucia.es\/ceipjoseluissanchez\/wp-json\/wp\/v2\/categories?post=4360"},{"taxonomy":"post_tag","embeddable":true,"href":"https:\/\/blogsaverroes.juntadeandalucia.es\/ceipjoseluissanchez\/wp-json\/wp\/v2\/tags?post=4360"}],"curies":[{"name":"wp","href":"https:\/\/api.w.org\/{rel}","templated":true}]}}