{"id":2599,"date":"2025-03-02T10:41:50","date_gmt":"2025-03-02T08:41:50","guid":{"rendered":"https:\/\/blogsaverroes.juntadeandalucia.es\/ceipjosemorenovilla\/?p=2599"},"modified":"2025-09-02T20:07:59","modified_gmt":"2025-09-02T18:07:59","slug":"lanzamiento-de-nuestra-web","status":"publish","type":"post","link":"https:\/\/blogsaverroes.juntadeandalucia.es\/ceipjosemorenovilla\/lanzamiento-de-nuestra-web\/","title":{"rendered":"Lanzamiento de nuestra p\u00e1gina web"},"content":{"rendered":"<p>Tras unos meses sin p\u00e1gina web por la eliminaci\u00f3n de <span style=\"color: #008000\"><strong><em>Helvia<\/em><\/strong><\/span>, nos complace presentar <a title=\"Sitio web del CEIP Jos\u00e9 Moreno Villa\" href=\"https:\/\/blogsaverroes.juntadeandalucia.es\/ceipjosemorenovilla\/\"><strong>nuestra nueva web<\/strong><\/a> en el sitio <a href=\"https:\/\/blogsaverroes.juntadeandalucia.es\/\">WordPress Averroes<\/a>, que se ir\u00e1 enriqueciendo de contenido poco a poco.<\/p>\n<p>Esperamos que sea \u00fatil y del agrado de toda la Comunidad Educativa.<\/p>\n","protected":false},"excerpt":{"rendered":"<p>Tras unos meses sin p\u00e1gina web por la eliminaci\u00f3n de Helvia, nos complace presentar nuestra nueva web en el sitio WordPress Averroes, que se ir\u00e1 enriqueciendo de contenido poco a poco. Esperamos que sea \u00fatil y del agrado de toda la Comunidad Educativa.<\/p>\n","protected":false},"author":1868,"featured_media":0,"comment_status":"closed","ping_status":"closed","sticky":false,"template":"","format":"standard","meta":{"ngg_post_thumbnail":0,"footnotes":""},"categories":[36031],"tags":[],"aioseo_notices":[],"_links":{"self":[{"href":"https:\/\/blogsaverroes.juntadeandalucia.es\/ceipjosemorenovilla\/wp-json\/wp\/v2\/posts\/2599"}],"collection":[{"href":"https:\/\/blogsaverroes.juntadeandalucia.es\/ceipjosemorenovilla\/wp-json\/wp\/v2\/posts"}],"about":[{"href":"https:\/\/blogsaverroes.juntadeandalucia.es\/ceipjosemorenovilla\/wp-json\/wp\/v2\/types\/post"}],"author":[{"embeddable":true,"href":"https:\/\/blogsaverroes.juntadeandalucia.es\/ceipjosemorenovilla\/wp-json\/wp\/v2\/users\/1868"}],"replies":[{"embeddable":true,"href":"https:\/\/blogsaverroes.juntadeandalucia.es\/ceipjosemorenovilla\/wp-json\/wp\/v2\/comments?post=2599"}],"version-history":[{"count":8,"href":"https:\/\/blogsaverroes.juntadeandalucia.es\/ceipjosemorenovilla\/wp-json\/wp\/v2\/posts\/2599\/revisions"}],"predecessor-version":[{"id":3010,"href":"https:\/\/blogsaverroes.juntadeandalucia.es\/ceipjosemorenovilla\/wp-json\/wp\/v2\/posts\/2599\/revisions\/3010"}],"wp:attachment":[{"href":"https:\/\/blogsaverroes.juntadeandalucia.es\/ceipjosemorenovilla\/wp-json\/wp\/v2\/media?parent=2599"}],"wp:term":[{"taxonomy":"category","embeddable":true,"href":"https:\/\/blogsaverroes.juntadeandalucia.es\/ceipjosemorenovilla\/wp-json\/wp\/v2\/categories?post=2599"},{"taxonomy":"post_tag","embeddable":true,"href":"https:\/\/blogsaverroes.juntadeandalucia.es\/ceipjosemorenovilla\/wp-json\/wp\/v2\/tags?post=2599"}],"curies":[{"name":"wp","href":"https:\/\/api.w.org\/{rel}","templated":true}]}}