{"id":3927,"date":"2019-12-08T09:28:17","date_gmt":"2019-12-08T08:28:17","guid":{"rendered":"http:\/\/blogsaverroes.juntadeandalucia.es\/ceipjoseramon\/?p=3927"},"modified":"2020-02-04T10:52:13","modified_gmt":"2020-02-04T09:52:13","slug":"marcha-contra-la-violencia-de-genero","status":"publish","type":"post","link":"https:\/\/blogsaverroes.juntadeandalucia.es\/ceipjoseramon\/marcha-contra-la-violencia-de-genero\/","title":{"rendered":"Marcha contra la violencia de g\u00e9nero"},"content":{"rendered":"<p><a href=\"https:\/\/blogsaverroes.juntadeandalucia.es\/ceipjoseramon\/files\/2019\/12\/IMG-20191202-WA0007.jpg\"><img fetchpriority=\"high\" decoding=\"async\" class=\"size-medium wp-image-3932 aligncenter\" src=\"https:\/\/blogsaverroes.juntadeandalucia.es\/ceipjoseramon\/files\/2019\/12\/IMG-20191202-WA0007-300x195.jpg\" alt=\"\" width=\"300\" height=\"195\" srcset=\"https:\/\/blogsaverroes.juntadeandalucia.es\/ceipjoseramon\/files\/2019\/12\/IMG-20191202-WA0007-300x195.jpg 300w, https:\/\/blogsaverroes.juntadeandalucia.es\/ceipjoseramon\/files\/2019\/12\/IMG-20191202-WA0007-768x498.jpg 768w, https:\/\/blogsaverroes.juntadeandalucia.es\/ceipjoseramon\/files\/2019\/12\/IMG-20191202-WA0007.jpg 1024w, https:\/\/blogsaverroes.juntadeandalucia.es\/ceipjoseramon\/files\/2019\/12\/IMG-20191202-WA0007-700x454.jpg 700w, https:\/\/blogsaverroes.juntadeandalucia.es\/ceipjoseramon\/files\/2019\/12\/IMG-20191202-WA0007-332x215.jpg 332w, https:\/\/blogsaverroes.juntadeandalucia.es\/ceipjoseramon\/files\/2019\/12\/IMG-20191202-WA0007-24x16.jpg 24w, https:\/\/blogsaverroes.juntadeandalucia.es\/ceipjoseramon\/files\/2019\/12\/IMG-20191202-WA0007-36x23.jpg 36w, https:\/\/blogsaverroes.juntadeandalucia.es\/ceipjoseramon\/files\/2019\/12\/IMG-20191202-WA0007-48x31.jpg 48w\" sizes=\"(max-width: 300px) 100vw, 300px\" \/><\/a><\/p>\n<p>El pasado 25 de noviembre se celebr\u00f3 el d\u00eda internacional contra la violencia de g\u00e9nero, nuestro centro particip\u00f3 en realizando actividades de concienciaci\u00f3n que desembocaron en una marcha por el barrio para dar luz a esta lacra que nos afecta.<!--more--> La marcha estaba prevista para el lunes 25 de noviembre pero por motivos meteorol\u00f3gicos hubo que retrasarla hasta el viernes 29. No obstante, el motivo de la marcha era tan importante que no importaba el donde ni el cuando. Lo realmente importante era remover conciencias y hacernos o\u00edr. Con el lema \u00abPORQUE AMAR NO DUELE\u00bb abr\u00eda nuestro centro la marcha realizada. La actividad ha sido compartida con los compa\u00f1er@s y amig@s del CEIP Oromana y la Escuela Infantil Los Olivos. Preciosa experiencia!!! Por \u00faltimo agradecer su labor a la polic\u00eda local de Alcal\u00e1 de Guada\u00edra que nos acompa\u00f1\u00f3 en todo momento facilitando la realizaci\u00f3n de la actividad y haci\u00e9ndola segura para todo el alumnado participante. <a href=\"https:\/\/blogsaverroes.juntadeandalucia.es\/ceipjoseramon\/files\/2019\/12\/IMG-20191202-WA0006.jpg\"><img decoding=\"async\" class=\"alignnone size-medium wp-image-3931\" src=\"https:\/\/blogsaverroes.juntadeandalucia.es\/ceipjoseramon\/files\/2019\/12\/IMG-20191202-WA0006-300x215.jpg\" alt=\"\" width=\"300\" height=\"215\" srcset=\"https:\/\/blogsaverroes.juntadeandalucia.es\/ceipjoseramon\/files\/2019\/12\/IMG-20191202-WA0006-300x215.jpg 300w, https:\/\/blogsaverroes.juntadeandalucia.es\/ceipjoseramon\/files\/2019\/12\/IMG-20191202-WA0006-768x551.jpg 768w, https:\/\/blogsaverroes.juntadeandalucia.es\/ceipjoseramon\/files\/2019\/12\/IMG-20191202-WA0006.jpg 1024w, https:\/\/blogsaverroes.juntadeandalucia.es\/ceipjoseramon\/files\/2019\/12\/IMG-20191202-WA0006-700x502.jpg 700w, https:\/\/blogsaverroes.juntadeandalucia.es\/ceipjoseramon\/files\/2019\/12\/IMG-20191202-WA0006-332x238.jpg 332w, https:\/\/blogsaverroes.juntadeandalucia.es\/ceipjoseramon\/files\/2019\/12\/IMG-20191202-WA0006-24x17.jpg 24w, https:\/\/blogsaverroes.juntadeandalucia.es\/ceipjoseramon\/files\/2019\/12\/IMG-20191202-WA0006-36x26.jpg 36w, https:\/\/blogsaverroes.juntadeandalucia.es\/ceipjoseramon\/files\/2019\/12\/IMG-20191202-WA0006-48x34.jpg 48w\" sizes=\"(max-width: 300px) 100vw, 300px\" \/><\/a> <a href=\"https:\/\/blogsaverroes.juntadeandalucia.es\/ceipjoseramon\/files\/2019\/12\/IMG-20191202-WA0008.jpg\"><img decoding=\"async\" class=\"alignnone size-medium wp-image-3933\" src=\"https:\/\/blogsaverroes.juntadeandalucia.es\/ceipjoseramon\/files\/2019\/12\/IMG-20191202-WA0008-258x300.jpg\" alt=\"\" width=\"258\" height=\"300\" srcset=\"https:\/\/blogsaverroes.juntadeandalucia.es\/ceipjoseramon\/files\/2019\/12\/IMG-20191202-WA0008-258x300.jpg 258w, https:\/\/blogsaverroes.juntadeandalucia.es\/ceipjoseramon\/files\/2019\/12\/IMG-20191202-WA0008-768x892.jpg 768w, https:\/\/blogsaverroes.juntadeandalucia.es\/ceipjoseramon\/files\/2019\/12\/IMG-20191202-WA0008.jpg 882w, https:\/\/blogsaverroes.juntadeandalucia.es\/ceipjoseramon\/files\/2019\/12\/IMG-20191202-WA0008-700x813.jpg 700w, https:\/\/blogsaverroes.juntadeandalucia.es\/ceipjoseramon\/files\/2019\/12\/IMG-20191202-WA0008-332x385.jpg 332w, https:\/\/blogsaverroes.juntadeandalucia.es\/ceipjoseramon\/files\/2019\/12\/IMG-20191202-WA0008-21x24.jpg 21w, https:\/\/blogsaverroes.juntadeandalucia.es\/ceipjoseramon\/files\/2019\/12\/IMG-20191202-WA0008-31x36.jpg 31w, https:\/\/blogsaverroes.juntadeandalucia.es\/ceipjoseramon\/files\/2019\/12\/IMG-20191202-WA0008-41x48.jpg 41w\" sizes=\"(max-width: 258px) 100vw, 258px\" \/><\/a> <a href=\"https:\/\/blogsaverroes.juntadeandalucia.es\/ceipjoseramon\/files\/2019\/12\/IMG-20191202-WA0010.jpg\"><img loading=\"lazy\" decoding=\"async\" class=\"alignnone size-medium wp-image-3935\" src=\"https:\/\/blogsaverroes.juntadeandalucia.es\/ceipjoseramon\/files\/2019\/12\/IMG-20191202-WA0010-300x225.jpg\" alt=\"\" width=\"300\" height=\"225\" srcset=\"https:\/\/blogsaverroes.juntadeandalucia.es\/ceipjoseramon\/files\/2019\/12\/IMG-20191202-WA0010-300x225.jpg 300w, https:\/\/blogsaverroes.juntadeandalucia.es\/ceipjoseramon\/files\/2019\/12\/IMG-20191202-WA0010-768x576.jpg 768w, https:\/\/blogsaverroes.juntadeandalucia.es\/ceipjoseramon\/files\/2019\/12\/IMG-20191202-WA0010.jpg 1024w, https:\/\/blogsaverroes.juntadeandalucia.es\/ceipjoseramon\/files\/2019\/12\/IMG-20191202-WA0010-700x525.jpg 700w, https:\/\/blogsaverroes.juntadeandalucia.es\/ceipjoseramon\/files\/2019\/12\/IMG-20191202-WA0010-332x249.jpg 332w, https:\/\/blogsaverroes.juntadeandalucia.es\/ceipjoseramon\/files\/2019\/12\/IMG-20191202-WA0010-24x18.jpg 24w, https:\/\/blogsaverroes.juntadeandalucia.es\/ceipjoseramon\/files\/2019\/12\/IMG-20191202-WA0010-36x27.jpg 36w, https:\/\/blogsaverroes.juntadeandalucia.es\/ceipjoseramon\/files\/2019\/12\/IMG-20191202-WA0010-48x36.jpg 48w\" sizes=\"(max-width: 300px) 100vw, 300px\" \/><\/a> <a href=\"https:\/\/blogsaverroes.juntadeandalucia.es\/ceipjoseramon\/files\/2019\/12\/IMG-20191202-WA0011.jpg\"><img loading=\"lazy\" decoding=\"async\" class=\"alignnone size-medium wp-image-3936\" src=\"https:\/\/blogsaverroes.juntadeandalucia.es\/ceipjoseramon\/files\/2019\/12\/IMG-20191202-WA0011-300x283.jpg\" alt=\"\" width=\"300\" height=\"283\" srcset=\"https:\/\/blogsaverroes.juntadeandalucia.es\/ceipjoseramon\/files\/2019\/12\/IMG-20191202-WA0011-300x283.jpg 300w, https:\/\/blogsaverroes.juntadeandalucia.es\/ceipjoseramon\/files\/2019\/12\/IMG-20191202-WA0011-768x724.jpg 768w, https:\/\/blogsaverroes.juntadeandalucia.es\/ceipjoseramon\/files\/2019\/12\/IMG-20191202-WA0011.jpg 1024w, https:\/\/blogsaverroes.juntadeandalucia.es\/ceipjoseramon\/files\/2019\/12\/IMG-20191202-WA0011-700x660.jpg 700w, https:\/\/blogsaverroes.juntadeandalucia.es\/ceipjoseramon\/files\/2019\/12\/IMG-20191202-WA0011-332x313.jpg 332w, https:\/\/blogsaverroes.juntadeandalucia.es\/ceipjoseramon\/files\/2019\/12\/IMG-20191202-WA0011-24x24.jpg 24w, https:\/\/blogsaverroes.juntadeandalucia.es\/ceipjoseramon\/files\/2019\/12\/IMG-20191202-WA0011-36x34.jpg 36w, https:\/\/blogsaverroes.juntadeandalucia.es\/ceipjoseramon\/files\/2019\/12\/IMG-20191202-WA0011-48x45.jpg 48w\" sizes=\"(max-width: 300px) 100vw, 300px\" \/><\/a> <a href=\"https:\/\/blogsaverroes.juntadeandalucia.es\/ceipjoseramon\/files\/2019\/12\/IMG-20191202-WA0016.jpg\"><img loading=\"lazy\" decoding=\"async\" class=\"alignnone size-medium wp-image-3941\" src=\"https:\/\/blogsaverroes.juntadeandalucia.es\/ceipjoseramon\/files\/2019\/12\/IMG-20191202-WA0016-300x213.jpg\" alt=\"\" width=\"300\" height=\"213\" srcset=\"https:\/\/blogsaverroes.juntadeandalucia.es\/ceipjoseramon\/files\/2019\/12\/IMG-20191202-WA0016-300x213.jpg 300w, https:\/\/blogsaverroes.juntadeandalucia.es\/ceipjoseramon\/files\/2019\/12\/IMG-20191202-WA0016-768x546.jpg 768w, https:\/\/blogsaverroes.juntadeandalucia.es\/ceipjoseramon\/files\/2019\/12\/IMG-20191202-WA0016.jpg 1024w, https:\/\/blogsaverroes.juntadeandalucia.es\/ceipjoseramon\/files\/2019\/12\/IMG-20191202-WA0016-700x498.jpg 700w, https:\/\/blogsaverroes.juntadeandalucia.es\/ceipjoseramon\/files\/2019\/12\/IMG-20191202-WA0016-332x236.jpg 332w, https:\/\/blogsaverroes.juntadeandalucia.es\/ceipjoseramon\/files\/2019\/12\/IMG-20191202-WA0016-24x17.jpg 24w, https:\/\/blogsaverroes.juntadeandalucia.es\/ceipjoseramon\/files\/2019\/12\/IMG-20191202-WA0016-36x26.jpg 36w, https:\/\/blogsaverroes.juntadeandalucia.es\/ceipjoseramon\/files\/2019\/12\/IMG-20191202-WA0016-48x34.jpg 48w\" sizes=\"(max-width: 300px) 100vw, 300px\" \/><\/a> &nbsp;<\/p>\n","protected":false},"excerpt":{"rendered":"<p>El pasado 25 de noviembre se celebr\u00f3 el d\u00eda internacional contra la violencia de g\u00e9nero, nuestro centro particip\u00f3 en realizando actividades de concienciaci\u00f3n que desembocaron en una marcha por el barrio para dar luz&#46;&#46;&#46;<\/p>\n","protected":false},"author":2537,"featured_media":3932,"comment_status":"open","ping_status":"open","sticky":false,"template":"","format":"standard","meta":{"ngg_post_thumbnail":0,"footnotes":""},"categories":[287,689814,36807],"tags":[136874],"aioseo_notices":[],"_links":{"self":[{"href":"https:\/\/blogsaverroes.juntadeandalucia.es\/ceipjoseramon\/wp-json\/wp\/v2\/posts\/3927"}],"collection":[{"href":"https:\/\/blogsaverroes.juntadeandalucia.es\/ceipjoseramon\/wp-json\/wp\/v2\/posts"}],"about":[{"href":"https:\/\/blogsaverroes.juntadeandalucia.es\/ceipjoseramon\/wp-json\/wp\/v2\/types\/post"}],"author":[{"embeddable":true,"href":"https:\/\/blogsaverroes.juntadeandalucia.es\/ceipjoseramon\/wp-json\/wp\/v2\/users\/2537"}],"replies":[{"embeddable":true,"href":"https:\/\/blogsaverroes.juntadeandalucia.es\/ceipjoseramon\/wp-json\/wp\/v2\/comments?post=3927"}],"version-history":[{"count":2,"href":"https:\/\/blogsaverroes.juntadeandalucia.es\/ceipjoseramon\/wp-json\/wp\/v2\/posts\/3927\/revisions"}],"predecessor-version":[{"id":3944,"href":"https:\/\/blogsaverroes.juntadeandalucia.es\/ceipjoseramon\/wp-json\/wp\/v2\/posts\/3927\/revisions\/3944"}],"wp:featuredmedia":[{"embeddable":true,"href":"https:\/\/blogsaverroes.juntadeandalucia.es\/ceipjoseramon\/wp-json\/wp\/v2\/media\/3932"}],"wp:attachment":[{"href":"https:\/\/blogsaverroes.juntadeandalucia.es\/ceipjoseramon\/wp-json\/wp\/v2\/media?parent=3927"}],"wp:term":[{"taxonomy":"category","embeddable":true,"href":"https:\/\/blogsaverroes.juntadeandalucia.es\/ceipjoseramon\/wp-json\/wp\/v2\/categories?post=3927"},{"taxonomy":"post_tag","embeddable":true,"href":"https:\/\/blogsaverroes.juntadeandalucia.es\/ceipjoseramon\/wp-json\/wp\/v2\/tags?post=3927"}],"curies":[{"name":"wp","href":"https:\/\/api.w.org\/{rel}","templated":true}]}}