{"id":3950,"date":"2019-12-14T23:48:12","date_gmt":"2019-12-14T22:48:12","guid":{"rendered":"http:\/\/blogsaverroes.juntadeandalucia.es\/ceipjoseramon\/?p=3950"},"modified":"2020-02-04T10:52:52","modified_gmt":"2020-02-04T09:52:52","slug":"conociendo-nuestros-derechos","status":"publish","type":"post","link":"https:\/\/blogsaverroes.juntadeandalucia.es\/ceipjoseramon\/conociendo-nuestros-derechos\/","title":{"rendered":"Conociendo nuestros derechos"},"content":{"rendered":"<p><a href=\"https:\/\/blogsaverroes.juntadeandalucia.es\/ceipjoseramon\/files\/2019\/12\/cartel-derechos-unicef.jpg\"><img fetchpriority=\"high\" decoding=\"async\" class=\"size-full wp-image-3991 aligncenter\" src=\"https:\/\/blogsaverroes.juntadeandalucia.es\/ceipjoseramon\/files\/2019\/12\/cartel-derechos-unicef.jpg\" alt=\"\" width=\"296\" height=\"170\" srcset=\"https:\/\/blogsaverroes.juntadeandalucia.es\/ceipjoseramon\/files\/2019\/12\/cartel-derechos-unicef.jpg 296w, https:\/\/blogsaverroes.juntadeandalucia.es\/ceipjoseramon\/files\/2019\/12\/cartel-derechos-unicef-e1576452652181-150x86.jpg 150w, https:\/\/blogsaverroes.juntadeandalucia.es\/ceipjoseramon\/files\/2019\/12\/cartel-derechos-unicef-24x14.jpg 24w, https:\/\/blogsaverroes.juntadeandalucia.es\/ceipjoseramon\/files\/2019\/12\/cartel-derechos-unicef-36x21.jpg 36w, https:\/\/blogsaverroes.juntadeandalucia.es\/ceipjoseramon\/files\/2019\/12\/cartel-derechos-unicef-48x28.jpg 48w, https:\/\/blogsaverroes.juntadeandalucia.es\/ceipjoseramon\/files\/2019\/12\/cartel-derechos-unicef-1160x665.jpg 1160w, https:\/\/blogsaverroes.juntadeandalucia.es\/ceipjoseramon\/files\/2019\/12\/cartel-derechos-unicef-1024x585.jpg 1024w\" sizes=\"(max-width: 296px) 100vw, 296px\" \/><\/a><\/p>\n<p>El pasado 5 de diciembre vivimos una maravillosa experiencia en nuestro centro. Aprovechando la celebraci\u00f3n de los derechos del ni\u00f1o y el d\u00eda de la constituci\u00f3n, se ha llevado a cabo un cuentacuentos muy especial. Los ni\u00f1os de 5\u00ba y 6\u00ba prepararon unos cuentos relacionados con los derechos de los ni\u00f1os y se los expusieron al resto de alumnos del centro. La experiencia es muy enriquecedora y divertida a la vez, ya que la transmisi\u00f3n de conocimientos entre los alumnos hace que la actividad sea muy especial y que los ni\u00f1os vivan una experiencia magn\u00edfica. Todo esto unido a lo importante de reflexionar y conocer estos temas redondean una actividad muy bonita. Nuestra m\u00e1s sincera enhorabuena para el alumnado del tercer ciclo que ha preparado con mucho esfuerzo y cari\u00f1o la actividad para sus compa\u00f1eros y compa\u00f1eras de menor edad. Aqu\u00ed os dejamos el enlace a un v\u00eddeo donde pod\u00e9is ver y disfrutar la actividad, esperamos que lo disfrut\u00e9is tanto como nosotros.<\/p>\n<p><a href=\"https:\/\/www.facebook.com\/883438178470208\/videos\/458092394851148\/\">https:\/\/www.facebook.com\/883438178470208\/videos\/458092394851148\/<\/a><\/p>\n<p>Algunos de los cuentos trabajados fueron los siguientes:<\/p>\n<p><a href=\"https:\/\/blogsaverroes.juntadeandalucia.es\/ceipjoseramon\/files\/2019\/12\/IMG-20191215-WA0005.jpg\"><img decoding=\"async\" class=\"alignnone size-medium wp-image-3954\" src=\"https:\/\/blogsaverroes.juntadeandalucia.es\/ceipjoseramon\/files\/2019\/12\/IMG-20191215-WA0005-214x300.jpg\" alt=\"\" width=\"214\" height=\"300\" srcset=\"https:\/\/blogsaverroes.juntadeandalucia.es\/ceipjoseramon\/files\/2019\/12\/IMG-20191215-WA0005-214x300.jpg 214w, https:\/\/blogsaverroes.juntadeandalucia.es\/ceipjoseramon\/files\/2019\/12\/IMG-20191215-WA0005-730x1024.jpg 730w, https:\/\/blogsaverroes.juntadeandalucia.es\/ceipjoseramon\/files\/2019\/12\/IMG-20191215-WA0005-700x982.jpg 700w, https:\/\/blogsaverroes.juntadeandalucia.es\/ceipjoseramon\/files\/2019\/12\/IMG-20191215-WA0005-332x466.jpg 332w, https:\/\/blogsaverroes.juntadeandalucia.es\/ceipjoseramon\/files\/2019\/12\/IMG-20191215-WA0005-17x24.jpg 17w, https:\/\/blogsaverroes.juntadeandalucia.es\/ceipjoseramon\/files\/2019\/12\/IMG-20191215-WA0005-26x36.jpg 26w, https:\/\/blogsaverroes.juntadeandalucia.es\/ceipjoseramon\/files\/2019\/12\/IMG-20191215-WA0005-34x48.jpg 34w, https:\/\/blogsaverroes.juntadeandalucia.es\/ceipjoseramon\/files\/2019\/12\/IMG-20191215-WA0005.jpg 750w\" sizes=\"(max-width: 214px) 100vw, 214px\" \/><\/a> <a href=\"https:\/\/blogsaverroes.juntadeandalucia.es\/ceipjoseramon\/files\/2019\/12\/IMG-20191215-WA0006.jpg\"><img decoding=\"async\" class=\"alignnone size-medium wp-image-3955\" src=\"https:\/\/blogsaverroes.juntadeandalucia.es\/ceipjoseramon\/files\/2019\/12\/IMG-20191215-WA0006-207x300.jpg\" alt=\"\" width=\"207\" height=\"300\" srcset=\"https:\/\/blogsaverroes.juntadeandalucia.es\/ceipjoseramon\/files\/2019\/12\/IMG-20191215-WA0006-207x300.jpg 207w, https:\/\/blogsaverroes.juntadeandalucia.es\/ceipjoseramon\/files\/2019\/12\/IMG-20191215-WA0006-706x1024.jpg 706w, https:\/\/blogsaverroes.juntadeandalucia.es\/ceipjoseramon\/files\/2019\/12\/IMG-20191215-WA0006-700x1015.jpg 700w, https:\/\/blogsaverroes.juntadeandalucia.es\/ceipjoseramon\/files\/2019\/12\/IMG-20191215-WA0006-332x482.jpg 332w, https:\/\/blogsaverroes.juntadeandalucia.es\/ceipjoseramon\/files\/2019\/12\/IMG-20191215-WA0006-17x24.jpg 17w, https:\/\/blogsaverroes.juntadeandalucia.es\/ceipjoseramon\/files\/2019\/12\/IMG-20191215-WA0006-25x36.jpg 25w, https:\/\/blogsaverroes.juntadeandalucia.es\/ceipjoseramon\/files\/2019\/12\/IMG-20191215-WA0006-33x48.jpg 33w, https:\/\/blogsaverroes.juntadeandalucia.es\/ceipjoseramon\/files\/2019\/12\/IMG-20191215-WA0006.jpg 750w\" sizes=\"(max-width: 207px) 100vw, 207px\" \/><\/a> <a href=\"https:\/\/blogsaverroes.juntadeandalucia.es\/ceipjoseramon\/files\/2019\/12\/IMG-20191215-WA0007.jpg\"><img loading=\"lazy\" decoding=\"async\" class=\"alignnone size-medium wp-image-3956\" src=\"https:\/\/blogsaverroes.juntadeandalucia.es\/ceipjoseramon\/files\/2019\/12\/IMG-20191215-WA0007-300x286.jpg\" alt=\"\" width=\"300\" height=\"286\" srcset=\"https:\/\/blogsaverroes.juntadeandalucia.es\/ceipjoseramon\/files\/2019\/12\/IMG-20191215-WA0007-300x286.jpg 300w, https:\/\/blogsaverroes.juntadeandalucia.es\/ceipjoseramon\/files\/2019\/12\/IMG-20191215-WA0007-700x668.jpg 700w, https:\/\/blogsaverroes.juntadeandalucia.es\/ceipjoseramon\/files\/2019\/12\/IMG-20191215-WA0007-332x317.jpg 332w, https:\/\/blogsaverroes.juntadeandalucia.es\/ceipjoseramon\/files\/2019\/12\/IMG-20191215-WA0007-24x24.jpg 24w, https:\/\/blogsaverroes.juntadeandalucia.es\/ceipjoseramon\/files\/2019\/12\/IMG-20191215-WA0007-36x34.jpg 36w, https:\/\/blogsaverroes.juntadeandalucia.es\/ceipjoseramon\/files\/2019\/12\/IMG-20191215-WA0007-48x46.jpg 48w, https:\/\/blogsaverroes.juntadeandalucia.es\/ceipjoseramon\/files\/2019\/12\/IMG-20191215-WA0007.jpg 750w\" sizes=\"(max-width: 300px) 100vw, 300px\" \/><\/a> <a href=\"https:\/\/blogsaverroes.juntadeandalucia.es\/ceipjoseramon\/files\/2019\/12\/IMG-20191215-WA0008.jpg\"><img loading=\"lazy\" decoding=\"async\" class=\"alignnone size-medium wp-image-3957\" src=\"https:\/\/blogsaverroes.juntadeandalucia.es\/ceipjoseramon\/files\/2019\/12\/IMG-20191215-WA0008-210x300.jpg\" alt=\"\" width=\"210\" height=\"300\" srcset=\"https:\/\/blogsaverroes.juntadeandalucia.es\/ceipjoseramon\/files\/2019\/12\/IMG-20191215-WA0008-210x300.jpg 210w, https:\/\/blogsaverroes.juntadeandalucia.es\/ceipjoseramon\/files\/2019\/12\/IMG-20191215-WA0008-718x1024.jpg 718w, https:\/\/blogsaverroes.juntadeandalucia.es\/ceipjoseramon\/files\/2019\/12\/IMG-20191215-WA0008-700x998.jpg 700w, https:\/\/blogsaverroes.juntadeandalucia.es\/ceipjoseramon\/files\/2019\/12\/IMG-20191215-WA0008-332x473.jpg 332w, https:\/\/blogsaverroes.juntadeandalucia.es\/ceipjoseramon\/files\/2019\/12\/IMG-20191215-WA0008-17x24.jpg 17w, https:\/\/blogsaverroes.juntadeandalucia.es\/ceipjoseramon\/files\/2019\/12\/IMG-20191215-WA0008-25x36.jpg 25w, https:\/\/blogsaverroes.juntadeandalucia.es\/ceipjoseramon\/files\/2019\/12\/IMG-20191215-WA0008-34x48.jpg 34w, https:\/\/blogsaverroes.juntadeandalucia.es\/ceipjoseramon\/files\/2019\/12\/IMG-20191215-WA0008.jpg 750w\" sizes=\"(max-width: 210px) 100vw, 210px\" \/><\/a> <a href=\"https:\/\/blogsaverroes.juntadeandalucia.es\/ceipjoseramon\/files\/2019\/12\/IMG-20191215-WA0009.jpg\"><img loading=\"lazy\" decoding=\"async\" class=\"alignnone size-medium wp-image-3958\" src=\"https:\/\/blogsaverroes.juntadeandalucia.es\/ceipjoseramon\/files\/2019\/12\/IMG-20191215-WA0009-214x300.jpg\" alt=\"\" width=\"214\" height=\"300\" srcset=\"https:\/\/blogsaverroes.juntadeandalucia.es\/ceipjoseramon\/files\/2019\/12\/IMG-20191215-WA0009-214x300.jpg 214w, https:\/\/blogsaverroes.juntadeandalucia.es\/ceipjoseramon\/files\/2019\/12\/IMG-20191215-WA0009-729x1024.jpg 729w, https:\/\/blogsaverroes.juntadeandalucia.es\/ceipjoseramon\/files\/2019\/12\/IMG-20191215-WA0009-700x983.jpg 700w, https:\/\/blogsaverroes.juntadeandalucia.es\/ceipjoseramon\/files\/2019\/12\/IMG-20191215-WA0009-332x466.jpg 332w, https:\/\/blogsaverroes.juntadeandalucia.es\/ceipjoseramon\/files\/2019\/12\/IMG-20191215-WA0009-17x24.jpg 17w, https:\/\/blogsaverroes.juntadeandalucia.es\/ceipjoseramon\/files\/2019\/12\/IMG-20191215-WA0009-26x36.jpg 26w, https:\/\/blogsaverroes.juntadeandalucia.es\/ceipjoseramon\/files\/2019\/12\/IMG-20191215-WA0009-34x48.jpg 34w, https:\/\/blogsaverroes.juntadeandalucia.es\/ceipjoseramon\/files\/2019\/12\/IMG-20191215-WA0009.jpg 749w\" sizes=\"(max-width: 214px) 100vw, 214px\" \/><\/a><\/p>\n<p>y para finalizar aqu\u00ed pod\u00e9is ver a los verdaderos protagonistas del d\u00eda, nuestros ni\u00f1os y ni\u00f1as:<\/p>\n<p><a href=\"https:\/\/blogsaverroes.juntadeandalucia.es\/ceipjoseramon\/files\/2019\/12\/IMG-20191215-WA0013.jpg\"><img loading=\"lazy\" decoding=\"async\" class=\"alignnone size-medium wp-image-3959\" src=\"https:\/\/blogsaverroes.juntadeandalucia.es\/ceipjoseramon\/files\/2019\/12\/IMG-20191215-WA0013-300x225.jpg\" alt=\"\" width=\"300\" height=\"225\" srcset=\"https:\/\/blogsaverroes.juntadeandalucia.es\/ceipjoseramon\/files\/2019\/12\/IMG-20191215-WA0013-300x225.jpg 300w, https:\/\/blogsaverroes.juntadeandalucia.es\/ceipjoseramon\/files\/2019\/12\/IMG-20191215-WA0013-768x576.jpg 768w, https:\/\/blogsaverroes.juntadeandalucia.es\/ceipjoseramon\/files\/2019\/12\/IMG-20191215-WA0013-1024x768.jpg 1024w, https:\/\/blogsaverroes.juntadeandalucia.es\/ceipjoseramon\/files\/2019\/12\/IMG-20191215-WA0013-700x525.jpg 700w, https:\/\/blogsaverroes.juntadeandalucia.es\/ceipjoseramon\/files\/2019\/12\/IMG-20191215-WA0013-332x249.jpg 332w, https:\/\/blogsaverroes.juntadeandalucia.es\/ceipjoseramon\/files\/2019\/12\/IMG-20191215-WA0013-24x18.jpg 24w, https:\/\/blogsaverroes.juntadeandalucia.es\/ceipjoseramon\/files\/2019\/12\/IMG-20191215-WA0013-36x27.jpg 36w, https:\/\/blogsaverroes.juntadeandalucia.es\/ceipjoseramon\/files\/2019\/12\/IMG-20191215-WA0013-48x36.jpg 48w, https:\/\/blogsaverroes.juntadeandalucia.es\/ceipjoseramon\/files\/2019\/12\/IMG-20191215-WA0013.jpg 2048w\" sizes=\"(max-width: 300px) 100vw, 300px\" \/><\/a> <a href=\"https:\/\/blogsaverroes.juntadeandalucia.es\/ceipjoseramon\/files\/2019\/12\/IMG-20191215-WA0014.jpg\"><img loading=\"lazy\" decoding=\"async\" class=\"alignnone size-medium wp-image-3960\" src=\"https:\/\/blogsaverroes.juntadeandalucia.es\/ceipjoseramon\/files\/2019\/12\/IMG-20191215-WA0014-300x225.jpg\" alt=\"\" width=\"300\" height=\"225\" srcset=\"https:\/\/blogsaverroes.juntadeandalucia.es\/ceipjoseramon\/files\/2019\/12\/IMG-20191215-WA0014-300x225.jpg 300w, https:\/\/blogsaverroes.juntadeandalucia.es\/ceipjoseramon\/files\/2019\/12\/IMG-20191215-WA0014-768x576.jpg 768w, https:\/\/blogsaverroes.juntadeandalucia.es\/ceipjoseramon\/files\/2019\/12\/IMG-20191215-WA0014-1024x768.jpg 1024w, https:\/\/blogsaverroes.juntadeandalucia.es\/ceipjoseramon\/files\/2019\/12\/IMG-20191215-WA0014-700x525.jpg 700w, https:\/\/blogsaverroes.juntadeandalucia.es\/ceipjoseramon\/files\/2019\/12\/IMG-20191215-WA0014-332x249.jpg 332w, https:\/\/blogsaverroes.juntadeandalucia.es\/ceipjoseramon\/files\/2019\/12\/IMG-20191215-WA0014-24x18.jpg 24w, https:\/\/blogsaverroes.juntadeandalucia.es\/ceipjoseramon\/files\/2019\/12\/IMG-20191215-WA0014-36x27.jpg 36w, https:\/\/blogsaverroes.juntadeandalucia.es\/ceipjoseramon\/files\/2019\/12\/IMG-20191215-WA0014-48x36.jpg 48w, https:\/\/blogsaverroes.juntadeandalucia.es\/ceipjoseramon\/files\/2019\/12\/IMG-20191215-WA0014.jpg 2048w\" sizes=\"(max-width: 300px) 100vw, 300px\" \/><\/a> <a href=\"https:\/\/blogsaverroes.juntadeandalucia.es\/ceipjoseramon\/files\/2019\/12\/IMG-20191215-WA0015.jpg\"><img loading=\"lazy\" decoding=\"async\" class=\"alignnone size-medium wp-image-3961\" src=\"https:\/\/blogsaverroes.juntadeandalucia.es\/ceipjoseramon\/files\/2019\/12\/IMG-20191215-WA0015-300x225.jpg\" alt=\"\" width=\"300\" height=\"225\" srcset=\"https:\/\/blogsaverroes.juntadeandalucia.es\/ceipjoseramon\/files\/2019\/12\/IMG-20191215-WA0015-300x225.jpg 300w, https:\/\/blogsaverroes.juntadeandalucia.es\/ceipjoseramon\/files\/2019\/12\/IMG-20191215-WA0015-768x576.jpg 768w, https:\/\/blogsaverroes.juntadeandalucia.es\/ceipjoseramon\/files\/2019\/12\/IMG-20191215-WA0015-1024x768.jpg 1024w, https:\/\/blogsaverroes.juntadeandalucia.es\/ceipjoseramon\/files\/2019\/12\/IMG-20191215-WA0015-700x525.jpg 700w, https:\/\/blogsaverroes.juntadeandalucia.es\/ceipjoseramon\/files\/2019\/12\/IMG-20191215-WA0015-332x249.jpg 332w, https:\/\/blogsaverroes.juntadeandalucia.es\/ceipjoseramon\/files\/2019\/12\/IMG-20191215-WA0015-24x18.jpg 24w, https:\/\/blogsaverroes.juntadeandalucia.es\/ceipjoseramon\/files\/2019\/12\/IMG-20191215-WA0015-36x27.jpg 36w, https:\/\/blogsaverroes.juntadeandalucia.es\/ceipjoseramon\/files\/2019\/12\/IMG-20191215-WA0015-48x36.jpg 48w, https:\/\/blogsaverroes.juntadeandalucia.es\/ceipjoseramon\/files\/2019\/12\/IMG-20191215-WA0015.jpg 2048w\" sizes=\"(max-width: 300px) 100vw, 300px\" \/><\/a> <a href=\"https:\/\/blogsaverroes.juntadeandalucia.es\/ceipjoseramon\/files\/2019\/12\/IMG-20191215-WA0016.jpg\"><img loading=\"lazy\" decoding=\"async\" class=\"alignnone size-medium wp-image-3962\" src=\"https:\/\/blogsaverroes.juntadeandalucia.es\/ceipjoseramon\/files\/2019\/12\/IMG-20191215-WA0016-300x225.jpg\" alt=\"\" width=\"300\" height=\"225\" srcset=\"https:\/\/blogsaverroes.juntadeandalucia.es\/ceipjoseramon\/files\/2019\/12\/IMG-20191215-WA0016-300x225.jpg 300w, https:\/\/blogsaverroes.juntadeandalucia.es\/ceipjoseramon\/files\/2019\/12\/IMG-20191215-WA0016-768x576.jpg 768w, https:\/\/blogsaverroes.juntadeandalucia.es\/ceipjoseramon\/files\/2019\/12\/IMG-20191215-WA0016-1024x768.jpg 1024w, https:\/\/blogsaverroes.juntadeandalucia.es\/ceipjoseramon\/files\/2019\/12\/IMG-20191215-WA0016-700x525.jpg 700w, https:\/\/blogsaverroes.juntadeandalucia.es\/ceipjoseramon\/files\/2019\/12\/IMG-20191215-WA0016-332x249.jpg 332w, https:\/\/blogsaverroes.juntadeandalucia.es\/ceipjoseramon\/files\/2019\/12\/IMG-20191215-WA0016-24x18.jpg 24w, https:\/\/blogsaverroes.juntadeandalucia.es\/ceipjoseramon\/files\/2019\/12\/IMG-20191215-WA0016-36x27.jpg 36w, https:\/\/blogsaverroes.juntadeandalucia.es\/ceipjoseramon\/files\/2019\/12\/IMG-20191215-WA0016-48x36.jpg 48w, https:\/\/blogsaverroes.juntadeandalucia.es\/ceipjoseramon\/files\/2019\/12\/IMG-20191215-WA0016.jpg 2048w\" sizes=\"(max-width: 300px) 100vw, 300px\" \/><\/a> <a href=\"https:\/\/blogsaverroes.juntadeandalucia.es\/ceipjoseramon\/files\/2019\/12\/IMG-20191215-WA0017.jpg\"><img loading=\"lazy\" decoding=\"async\" class=\"alignnone size-medium wp-image-3963\" src=\"https:\/\/blogsaverroes.juntadeandalucia.es\/ceipjoseramon\/files\/2019\/12\/IMG-20191215-WA0017-300x225.jpg\" alt=\"\" width=\"300\" height=\"225\" srcset=\"https:\/\/blogsaverroes.juntadeandalucia.es\/ceipjoseramon\/files\/2019\/12\/IMG-20191215-WA0017-300x225.jpg 300w, https:\/\/blogsaverroes.juntadeandalucia.es\/ceipjoseramon\/files\/2019\/12\/IMG-20191215-WA0017-768x576.jpg 768w, https:\/\/blogsaverroes.juntadeandalucia.es\/ceipjoseramon\/files\/2019\/12\/IMG-20191215-WA0017-1024x768.jpg 1024w, https:\/\/blogsaverroes.juntadeandalucia.es\/ceipjoseramon\/files\/2019\/12\/IMG-20191215-WA0017-700x525.jpg 700w, https:\/\/blogsaverroes.juntadeandalucia.es\/ceipjoseramon\/files\/2019\/12\/IMG-20191215-WA0017-332x249.jpg 332w, https:\/\/blogsaverroes.juntadeandalucia.es\/ceipjoseramon\/files\/2019\/12\/IMG-20191215-WA0017-24x18.jpg 24w, https:\/\/blogsaverroes.juntadeandalucia.es\/ceipjoseramon\/files\/2019\/12\/IMG-20191215-WA0017-36x27.jpg 36w, https:\/\/blogsaverroes.juntadeandalucia.es\/ceipjoseramon\/files\/2019\/12\/IMG-20191215-WA0017-48x36.jpg 48w, https:\/\/blogsaverroes.juntadeandalucia.es\/ceipjoseramon\/files\/2019\/12\/IMG-20191215-WA0017.jpg 2048w\" sizes=\"(max-width: 300px) 100vw, 300px\" \/><\/a> <a href=\"https:\/\/blogsaverroes.juntadeandalucia.es\/ceipjoseramon\/files\/2019\/12\/IMG-20191215-WA0018.jpg\"><img loading=\"lazy\" decoding=\"async\" class=\"alignnone size-medium wp-image-3964\" src=\"https:\/\/blogsaverroes.juntadeandalucia.es\/ceipjoseramon\/files\/2019\/12\/IMG-20191215-WA0018-300x225.jpg\" alt=\"\" width=\"300\" height=\"225\" srcset=\"https:\/\/blogsaverroes.juntadeandalucia.es\/ceipjoseramon\/files\/2019\/12\/IMG-20191215-WA0018-300x225.jpg 300w, https:\/\/blogsaverroes.juntadeandalucia.es\/ceipjoseramon\/files\/2019\/12\/IMG-20191215-WA0018-768x576.jpg 768w, https:\/\/blogsaverroes.juntadeandalucia.es\/ceipjoseramon\/files\/2019\/12\/IMG-20191215-WA0018-1024x768.jpg 1024w, https:\/\/blogsaverroes.juntadeandalucia.es\/ceipjoseramon\/files\/2019\/12\/IMG-20191215-WA0018-700x525.jpg 700w, https:\/\/blogsaverroes.juntadeandalucia.es\/ceipjoseramon\/files\/2019\/12\/IMG-20191215-WA0018-332x249.jpg 332w, https:\/\/blogsaverroes.juntadeandalucia.es\/ceipjoseramon\/files\/2019\/12\/IMG-20191215-WA0018-24x18.jpg 24w, https:\/\/blogsaverroes.juntadeandalucia.es\/ceipjoseramon\/files\/2019\/12\/IMG-20191215-WA0018-36x27.jpg 36w, https:\/\/blogsaverroes.juntadeandalucia.es\/ceipjoseramon\/files\/2019\/12\/IMG-20191215-WA0018-48x36.jpg 48w, https:\/\/blogsaverroes.juntadeandalucia.es\/ceipjoseramon\/files\/2019\/12\/IMG-20191215-WA0018.jpg 2048w\" sizes=\"(max-width: 300px) 100vw, 300px\" \/><\/a> <a href=\"https:\/\/blogsaverroes.juntadeandalucia.es\/ceipjoseramon\/files\/2019\/12\/IMG-20191215-WA0019.jpg\"><img loading=\"lazy\" decoding=\"async\" class=\"alignnone size-medium wp-image-3965\" src=\"https:\/\/blogsaverroes.juntadeandalucia.es\/ceipjoseramon\/files\/2019\/12\/IMG-20191215-WA0019-300x225.jpg\" alt=\"\" width=\"300\" height=\"225\" srcset=\"https:\/\/blogsaverroes.juntadeandalucia.es\/ceipjoseramon\/files\/2019\/12\/IMG-20191215-WA0019-300x225.jpg 300w, https:\/\/blogsaverroes.juntadeandalucia.es\/ceipjoseramon\/files\/2019\/12\/IMG-20191215-WA0019-768x576.jpg 768w, https:\/\/blogsaverroes.juntadeandalucia.es\/ceipjoseramon\/files\/2019\/12\/IMG-20191215-WA0019-1024x768.jpg 1024w, https:\/\/blogsaverroes.juntadeandalucia.es\/ceipjoseramon\/files\/2019\/12\/IMG-20191215-WA0019-700x525.jpg 700w, https:\/\/blogsaverroes.juntadeandalucia.es\/ceipjoseramon\/files\/2019\/12\/IMG-20191215-WA0019-332x249.jpg 332w, https:\/\/blogsaverroes.juntadeandalucia.es\/ceipjoseramon\/files\/2019\/12\/IMG-20191215-WA0019-24x18.jpg 24w, https:\/\/blogsaverroes.juntadeandalucia.es\/ceipjoseramon\/files\/2019\/12\/IMG-20191215-WA0019-36x27.jpg 36w, https:\/\/blogsaverroes.juntadeandalucia.es\/ceipjoseramon\/files\/2019\/12\/IMG-20191215-WA0019-48x36.jpg 48w, https:\/\/blogsaverroes.juntadeandalucia.es\/ceipjoseramon\/files\/2019\/12\/IMG-20191215-WA0019.jpg 2048w\" sizes=\"(max-width: 300px) 100vw, 300px\" \/><\/a> <a href=\"https:\/\/blogsaverroes.juntadeandalucia.es\/ceipjoseramon\/files\/2019\/12\/IMG-20191215-WA0020-copia.jpg\"><img loading=\"lazy\" decoding=\"async\" class=\"alignnone size-medium wp-image-3966\" src=\"https:\/\/blogsaverroes.juntadeandalucia.es\/ceipjoseramon\/files\/2019\/12\/IMG-20191215-WA0020-copia-300x225.jpg\" alt=\"\" width=\"300\" height=\"225\" srcset=\"https:\/\/blogsaverroes.juntadeandalucia.es\/ceipjoseramon\/files\/2019\/12\/IMG-20191215-WA0020-copia-300x225.jpg 300w, https:\/\/blogsaverroes.juntadeandalucia.es\/ceipjoseramon\/files\/2019\/12\/IMG-20191215-WA0020-copia-768x576.jpg 768w, https:\/\/blogsaverroes.juntadeandalucia.es\/ceipjoseramon\/files\/2019\/12\/IMG-20191215-WA0020-copia-1024x768.jpg 1024w, https:\/\/blogsaverroes.juntadeandalucia.es\/ceipjoseramon\/files\/2019\/12\/IMG-20191215-WA0020-copia-700x525.jpg 700w, https:\/\/blogsaverroes.juntadeandalucia.es\/ceipjoseramon\/files\/2019\/12\/IMG-20191215-WA0020-copia-332x249.jpg 332w, https:\/\/blogsaverroes.juntadeandalucia.es\/ceipjoseramon\/files\/2019\/12\/IMG-20191215-WA0020-copia-24x18.jpg 24w, https:\/\/blogsaverroes.juntadeandalucia.es\/ceipjoseramon\/files\/2019\/12\/IMG-20191215-WA0020-copia-36x27.jpg 36w, https:\/\/blogsaverroes.juntadeandalucia.es\/ceipjoseramon\/files\/2019\/12\/IMG-20191215-WA0020-copia-48x36.jpg 48w, https:\/\/blogsaverroes.juntadeandalucia.es\/ceipjoseramon\/files\/2019\/12\/IMG-20191215-WA0020-copia.jpg 2048w\" sizes=\"(max-width: 300px) 100vw, 300px\" \/><\/a> <a href=\"https:\/\/blogsaverroes.juntadeandalucia.es\/ceipjoseramon\/files\/2019\/12\/IMG-20191215-WA0020.jpg\"><img loading=\"lazy\" decoding=\"async\" class=\"alignnone size-medium wp-image-3967\" src=\"https:\/\/blogsaverroes.juntadeandalucia.es\/ceipjoseramon\/files\/2019\/12\/IMG-20191215-WA0020-300x225.jpg\" alt=\"\" width=\"300\" height=\"225\" srcset=\"https:\/\/blogsaverroes.juntadeandalucia.es\/ceipjoseramon\/files\/2019\/12\/IMG-20191215-WA0020-300x225.jpg 300w, https:\/\/blogsaverroes.juntadeandalucia.es\/ceipjoseramon\/files\/2019\/12\/IMG-20191215-WA0020-768x576.jpg 768w, https:\/\/blogsaverroes.juntadeandalucia.es\/ceipjoseramon\/files\/2019\/12\/IMG-20191215-WA0020-1024x768.jpg 1024w, https:\/\/blogsaverroes.juntadeandalucia.es\/ceipjoseramon\/files\/2019\/12\/IMG-20191215-WA0020-700x525.jpg 700w, https:\/\/blogsaverroes.juntadeandalucia.es\/ceipjoseramon\/files\/2019\/12\/IMG-20191215-WA0020-332x249.jpg 332w, https:\/\/blogsaverroes.juntadeandalucia.es\/ceipjoseramon\/files\/2019\/12\/IMG-20191215-WA0020-24x18.jpg 24w, https:\/\/blogsaverroes.juntadeandalucia.es\/ceipjoseramon\/files\/2019\/12\/IMG-20191215-WA0020-36x27.jpg 36w, https:\/\/blogsaverroes.juntadeandalucia.es\/ceipjoseramon\/files\/2019\/12\/IMG-20191215-WA0020-48x36.jpg 48w, https:\/\/blogsaverroes.juntadeandalucia.es\/ceipjoseramon\/files\/2019\/12\/IMG-20191215-WA0020.jpg 2048w\" sizes=\"(max-width: 300px) 100vw, 300px\" \/><\/a> <a href=\"https:\/\/blogsaverroes.juntadeandalucia.es\/ceipjoseramon\/files\/2019\/12\/IMG-20191215-WA0021.jpg\"><img loading=\"lazy\" decoding=\"async\" class=\"alignnone size-medium wp-image-3968\" src=\"https:\/\/blogsaverroes.juntadeandalucia.es\/ceipjoseramon\/files\/2019\/12\/IMG-20191215-WA0021-300x225.jpg\" alt=\"\" width=\"300\" height=\"225\" srcset=\"https:\/\/blogsaverroes.juntadeandalucia.es\/ceipjoseramon\/files\/2019\/12\/IMG-20191215-WA0021-300x225.jpg 300w, https:\/\/blogsaverroes.juntadeandalucia.es\/ceipjoseramon\/files\/2019\/12\/IMG-20191215-WA0021-768x576.jpg 768w, https:\/\/blogsaverroes.juntadeandalucia.es\/ceipjoseramon\/files\/2019\/12\/IMG-20191215-WA0021-1024x768.jpg 1024w, https:\/\/blogsaverroes.juntadeandalucia.es\/ceipjoseramon\/files\/2019\/12\/IMG-20191215-WA0021-700x525.jpg 700w, https:\/\/blogsaverroes.juntadeandalucia.es\/ceipjoseramon\/files\/2019\/12\/IMG-20191215-WA0021-332x249.jpg 332w, https:\/\/blogsaverroes.juntadeandalucia.es\/ceipjoseramon\/files\/2019\/12\/IMG-20191215-WA0021-24x18.jpg 24w, https:\/\/blogsaverroes.juntadeandalucia.es\/ceipjoseramon\/files\/2019\/12\/IMG-20191215-WA0021-36x27.jpg 36w, https:\/\/blogsaverroes.juntadeandalucia.es\/ceipjoseramon\/files\/2019\/12\/IMG-20191215-WA0021-48x36.jpg 48w, https:\/\/blogsaverroes.juntadeandalucia.es\/ceipjoseramon\/files\/2019\/12\/IMG-20191215-WA0021.jpg 2048w\" sizes=\"(max-width: 300px) 100vw, 300px\" \/><\/a> <a href=\"https:\/\/blogsaverroes.juntadeandalucia.es\/ceipjoseramon\/files\/2019\/12\/IMG-20191215-WA0022.jpg\"><img loading=\"lazy\" decoding=\"async\" class=\"alignnone size-medium wp-image-3969\" src=\"https:\/\/blogsaverroes.juntadeandalucia.es\/ceipjoseramon\/files\/2019\/12\/IMG-20191215-WA0022-300x225.jpg\" alt=\"\" width=\"300\" height=\"225\" srcset=\"https:\/\/blogsaverroes.juntadeandalucia.es\/ceipjoseramon\/files\/2019\/12\/IMG-20191215-WA0022-300x225.jpg 300w, https:\/\/blogsaverroes.juntadeandalucia.es\/ceipjoseramon\/files\/2019\/12\/IMG-20191215-WA0022-768x576.jpg 768w, https:\/\/blogsaverroes.juntadeandalucia.es\/ceipjoseramon\/files\/2019\/12\/IMG-20191215-WA0022-1024x768.jpg 1024w, https:\/\/blogsaverroes.juntadeandalucia.es\/ceipjoseramon\/files\/2019\/12\/IMG-20191215-WA0022-700x525.jpg 700w, https:\/\/blogsaverroes.juntadeandalucia.es\/ceipjoseramon\/files\/2019\/12\/IMG-20191215-WA0022-332x249.jpg 332w, https:\/\/blogsaverroes.juntadeandalucia.es\/ceipjoseramon\/files\/2019\/12\/IMG-20191215-WA0022-24x18.jpg 24w, https:\/\/blogsaverroes.juntadeandalucia.es\/ceipjoseramon\/files\/2019\/12\/IMG-20191215-WA0022-36x27.jpg 36w, https:\/\/blogsaverroes.juntadeandalucia.es\/ceipjoseramon\/files\/2019\/12\/IMG-20191215-WA0022-48x36.jpg 48w, https:\/\/blogsaverroes.juntadeandalucia.es\/ceipjoseramon\/files\/2019\/12\/IMG-20191215-WA0022.jpg 2048w\" sizes=\"(max-width: 300px) 100vw, 300px\" \/><\/a> <a href=\"https:\/\/blogsaverroes.juntadeandalucia.es\/ceipjoseramon\/files\/2019\/12\/IMG-20191215-WA0023.jpg\"><img loading=\"lazy\" decoding=\"async\" class=\"alignnone size-medium wp-image-3970\" src=\"https:\/\/blogsaverroes.juntadeandalucia.es\/ceipjoseramon\/files\/2019\/12\/IMG-20191215-WA0023-225x300.jpg\" alt=\"\" width=\"225\" height=\"300\" srcset=\"https:\/\/blogsaverroes.juntadeandalucia.es\/ceipjoseramon\/files\/2019\/12\/IMG-20191215-WA0023-225x300.jpg 225w, https:\/\/blogsaverroes.juntadeandalucia.es\/ceipjoseramon\/files\/2019\/12\/IMG-20191215-WA0023-768x1024.jpg 768w, https:\/\/blogsaverroes.juntadeandalucia.es\/ceipjoseramon\/files\/2019\/12\/IMG-20191215-WA0023-700x933.jpg 700w, https:\/\/blogsaverroes.juntadeandalucia.es\/ceipjoseramon\/files\/2019\/12\/IMG-20191215-WA0023-332x443.jpg 332w, https:\/\/blogsaverroes.juntadeandalucia.es\/ceipjoseramon\/files\/2019\/12\/IMG-20191215-WA0023-18x24.jpg 18w, https:\/\/blogsaverroes.juntadeandalucia.es\/ceipjoseramon\/files\/2019\/12\/IMG-20191215-WA0023-27x36.jpg 27w, https:\/\/blogsaverroes.juntadeandalucia.es\/ceipjoseramon\/files\/2019\/12\/IMG-20191215-WA0023-36x48.jpg 36w, https:\/\/blogsaverroes.juntadeandalucia.es\/ceipjoseramon\/files\/2019\/12\/IMG-20191215-WA0023.jpg 1536w\" sizes=\"(max-width: 225px) 100vw, 225px\" \/><\/a> <a href=\"https:\/\/blogsaverroes.juntadeandalucia.es\/ceipjoseramon\/files\/2019\/12\/IMG-20191215-WA0024.jpg\"><img loading=\"lazy\" decoding=\"async\" class=\"alignnone size-medium wp-image-3971\" src=\"https:\/\/blogsaverroes.juntadeandalucia.es\/ceipjoseramon\/files\/2019\/12\/IMG-20191215-WA0024-225x300.jpg\" alt=\"\" width=\"225\" height=\"300\" srcset=\"https:\/\/blogsaverroes.juntadeandalucia.es\/ceipjoseramon\/files\/2019\/12\/IMG-20191215-WA0024-225x300.jpg 225w, https:\/\/blogsaverroes.juntadeandalucia.es\/ceipjoseramon\/files\/2019\/12\/IMG-20191215-WA0024-768x1024.jpg 768w, https:\/\/blogsaverroes.juntadeandalucia.es\/ceipjoseramon\/files\/2019\/12\/IMG-20191215-WA0024-700x933.jpg 700w, https:\/\/blogsaverroes.juntadeandalucia.es\/ceipjoseramon\/files\/2019\/12\/IMG-20191215-WA0024-332x443.jpg 332w, https:\/\/blogsaverroes.juntadeandalucia.es\/ceipjoseramon\/files\/2019\/12\/IMG-20191215-WA0024-18x24.jpg 18w, https:\/\/blogsaverroes.juntadeandalucia.es\/ceipjoseramon\/files\/2019\/12\/IMG-20191215-WA0024-27x36.jpg 27w, https:\/\/blogsaverroes.juntadeandalucia.es\/ceipjoseramon\/files\/2019\/12\/IMG-20191215-WA0024-36x48.jpg 36w, https:\/\/blogsaverroes.juntadeandalucia.es\/ceipjoseramon\/files\/2019\/12\/IMG-20191215-WA0024.jpg 1536w\" sizes=\"(max-width: 225px) 100vw, 225px\" \/><\/a> <a href=\"https:\/\/blogsaverroes.juntadeandalucia.es\/ceipjoseramon\/files\/2019\/12\/IMG-20191215-WA0025.jpg\"><img loading=\"lazy\" decoding=\"async\" class=\"alignnone size-medium wp-image-3972\" src=\"https:\/\/blogsaverroes.juntadeandalucia.es\/ceipjoseramon\/files\/2019\/12\/IMG-20191215-WA0025-225x300.jpg\" alt=\"\" width=\"225\" height=\"300\" srcset=\"https:\/\/blogsaverroes.juntadeandalucia.es\/ceipjoseramon\/files\/2019\/12\/IMG-20191215-WA0025-225x300.jpg 225w, https:\/\/blogsaverroes.juntadeandalucia.es\/ceipjoseramon\/files\/2019\/12\/IMG-20191215-WA0025-768x1024.jpg 768w, https:\/\/blogsaverroes.juntadeandalucia.es\/ceipjoseramon\/files\/2019\/12\/IMG-20191215-WA0025-700x933.jpg 700w, https:\/\/blogsaverroes.juntadeandalucia.es\/ceipjoseramon\/files\/2019\/12\/IMG-20191215-WA0025-332x443.jpg 332w, https:\/\/blogsaverroes.juntadeandalucia.es\/ceipjoseramon\/files\/2019\/12\/IMG-20191215-WA0025-18x24.jpg 18w, https:\/\/blogsaverroes.juntadeandalucia.es\/ceipjoseramon\/files\/2019\/12\/IMG-20191215-WA0025-27x36.jpg 27w, https:\/\/blogsaverroes.juntadeandalucia.es\/ceipjoseramon\/files\/2019\/12\/IMG-20191215-WA0025-36x48.jpg 36w, https:\/\/blogsaverroes.juntadeandalucia.es\/ceipjoseramon\/files\/2019\/12\/IMG-20191215-WA0025.jpg 1536w\" sizes=\"(max-width: 225px) 100vw, 225px\" \/><\/a> <a href=\"https:\/\/blogsaverroes.juntadeandalucia.es\/ceipjoseramon\/files\/2019\/12\/IMG-20191215-WA0026.jpg\"><img loading=\"lazy\" decoding=\"async\" class=\"alignnone size-medium wp-image-3973\" src=\"https:\/\/blogsaverroes.juntadeandalucia.es\/ceipjoseramon\/files\/2019\/12\/IMG-20191215-WA0026-300x225.jpg\" alt=\"\" width=\"300\" height=\"225\" srcset=\"https:\/\/blogsaverroes.juntadeandalucia.es\/ceipjoseramon\/files\/2019\/12\/IMG-20191215-WA0026-300x225.jpg 300w, https:\/\/blogsaverroes.juntadeandalucia.es\/ceipjoseramon\/files\/2019\/12\/IMG-20191215-WA0026-768x576.jpg 768w, https:\/\/blogsaverroes.juntadeandalucia.es\/ceipjoseramon\/files\/2019\/12\/IMG-20191215-WA0026-1024x768.jpg 1024w, https:\/\/blogsaverroes.juntadeandalucia.es\/ceipjoseramon\/files\/2019\/12\/IMG-20191215-WA0026-700x525.jpg 700w, https:\/\/blogsaverroes.juntadeandalucia.es\/ceipjoseramon\/files\/2019\/12\/IMG-20191215-WA0026-332x249.jpg 332w, https:\/\/blogsaverroes.juntadeandalucia.es\/ceipjoseramon\/files\/2019\/12\/IMG-20191215-WA0026-24x18.jpg 24w, https:\/\/blogsaverroes.juntadeandalucia.es\/ceipjoseramon\/files\/2019\/12\/IMG-20191215-WA0026-36x27.jpg 36w, https:\/\/blogsaverroes.juntadeandalucia.es\/ceipjoseramon\/files\/2019\/12\/IMG-20191215-WA0026-48x36.jpg 48w, https:\/\/blogsaverroes.juntadeandalucia.es\/ceipjoseramon\/files\/2019\/12\/IMG-20191215-WA0026.jpg 2048w\" sizes=\"(max-width: 300px) 100vw, 300px\" \/><\/a> <a href=\"https:\/\/blogsaverroes.juntadeandalucia.es\/ceipjoseramon\/files\/2019\/12\/IMG-20191215-WA0027.jpg\"><img loading=\"lazy\" decoding=\"async\" class=\"alignnone size-medium wp-image-3974\" src=\"https:\/\/blogsaverroes.juntadeandalucia.es\/ceipjoseramon\/files\/2019\/12\/IMG-20191215-WA0027-300x225.jpg\" alt=\"\" width=\"300\" height=\"225\" srcset=\"https:\/\/blogsaverroes.juntadeandalucia.es\/ceipjoseramon\/files\/2019\/12\/IMG-20191215-WA0027-300x225.jpg 300w, https:\/\/blogsaverroes.juntadeandalucia.es\/ceipjoseramon\/files\/2019\/12\/IMG-20191215-WA0027-768x576.jpg 768w, https:\/\/blogsaverroes.juntadeandalucia.es\/ceipjoseramon\/files\/2019\/12\/IMG-20191215-WA0027-1024x768.jpg 1024w, https:\/\/blogsaverroes.juntadeandalucia.es\/ceipjoseramon\/files\/2019\/12\/IMG-20191215-WA0027-700x525.jpg 700w, https:\/\/blogsaverroes.juntadeandalucia.es\/ceipjoseramon\/files\/2019\/12\/IMG-20191215-WA0027-332x249.jpg 332w, https:\/\/blogsaverroes.juntadeandalucia.es\/ceipjoseramon\/files\/2019\/12\/IMG-20191215-WA0027-24x18.jpg 24w, https:\/\/blogsaverroes.juntadeandalucia.es\/ceipjoseramon\/files\/2019\/12\/IMG-20191215-WA0027-36x27.jpg 36w, https:\/\/blogsaverroes.juntadeandalucia.es\/ceipjoseramon\/files\/2019\/12\/IMG-20191215-WA0027-48x36.jpg 48w, https:\/\/blogsaverroes.juntadeandalucia.es\/ceipjoseramon\/files\/2019\/12\/IMG-20191215-WA0027.jpg 2048w\" sizes=\"(max-width: 300px) 100vw, 300px\" \/><\/a> <a href=\"https:\/\/blogsaverroes.juntadeandalucia.es\/ceipjoseramon\/files\/2019\/12\/IMG-20191215-WA0028.jpg\"><img loading=\"lazy\" decoding=\"async\" class=\"alignnone size-medium wp-image-3975\" src=\"https:\/\/blogsaverroes.juntadeandalucia.es\/ceipjoseramon\/files\/2019\/12\/IMG-20191215-WA0028-300x225.jpg\" alt=\"\" width=\"300\" height=\"225\" srcset=\"https:\/\/blogsaverroes.juntadeandalucia.es\/ceipjoseramon\/files\/2019\/12\/IMG-20191215-WA0028-300x225.jpg 300w, https:\/\/blogsaverroes.juntadeandalucia.es\/ceipjoseramon\/files\/2019\/12\/IMG-20191215-WA0028-768x576.jpg 768w, https:\/\/blogsaverroes.juntadeandalucia.es\/ceipjoseramon\/files\/2019\/12\/IMG-20191215-WA0028-1024x768.jpg 1024w, https:\/\/blogsaverroes.juntadeandalucia.es\/ceipjoseramon\/files\/2019\/12\/IMG-20191215-WA0028-700x525.jpg 700w, https:\/\/blogsaverroes.juntadeandalucia.es\/ceipjoseramon\/files\/2019\/12\/IMG-20191215-WA0028-332x249.jpg 332w, https:\/\/blogsaverroes.juntadeandalucia.es\/ceipjoseramon\/files\/2019\/12\/IMG-20191215-WA0028-24x18.jpg 24w, https:\/\/blogsaverroes.juntadeandalucia.es\/ceipjoseramon\/files\/2019\/12\/IMG-20191215-WA0028-36x27.jpg 36w, https:\/\/blogsaverroes.juntadeandalucia.es\/ceipjoseramon\/files\/2019\/12\/IMG-20191215-WA0028-48x36.jpg 48w, https:\/\/blogsaverroes.juntadeandalucia.es\/ceipjoseramon\/files\/2019\/12\/IMG-20191215-WA0028.jpg 2048w\" sizes=\"(max-width: 300px) 100vw, 300px\" \/><\/a> <a href=\"https:\/\/blogsaverroes.juntadeandalucia.es\/ceipjoseramon\/files\/2019\/12\/IMG-20191215-WA0029.jpg\"><img loading=\"lazy\" decoding=\"async\" class=\"alignnone size-medium wp-image-3976\" src=\"https:\/\/blogsaverroes.juntadeandalucia.es\/ceipjoseramon\/files\/2019\/12\/IMG-20191215-WA0029-300x225.jpg\" alt=\"\" width=\"300\" height=\"225\" srcset=\"https:\/\/blogsaverroes.juntadeandalucia.es\/ceipjoseramon\/files\/2019\/12\/IMG-20191215-WA0029-300x225.jpg 300w, https:\/\/blogsaverroes.juntadeandalucia.es\/ceipjoseramon\/files\/2019\/12\/IMG-20191215-WA0029-768x576.jpg 768w, https:\/\/blogsaverroes.juntadeandalucia.es\/ceipjoseramon\/files\/2019\/12\/IMG-20191215-WA0029-1024x768.jpg 1024w, https:\/\/blogsaverroes.juntadeandalucia.es\/ceipjoseramon\/files\/2019\/12\/IMG-20191215-WA0029-700x525.jpg 700w, https:\/\/blogsaverroes.juntadeandalucia.es\/ceipjoseramon\/files\/2019\/12\/IMG-20191215-WA0029-332x249.jpg 332w, https:\/\/blogsaverroes.juntadeandalucia.es\/ceipjoseramon\/files\/2019\/12\/IMG-20191215-WA0029-24x18.jpg 24w, https:\/\/blogsaverroes.juntadeandalucia.es\/ceipjoseramon\/files\/2019\/12\/IMG-20191215-WA0029-36x27.jpg 36w, https:\/\/blogsaverroes.juntadeandalucia.es\/ceipjoseramon\/files\/2019\/12\/IMG-20191215-WA0029-48x36.jpg 48w, https:\/\/blogsaverroes.juntadeandalucia.es\/ceipjoseramon\/files\/2019\/12\/IMG-20191215-WA0029.jpg 2048w\" sizes=\"(max-width: 300px) 100vw, 300px\" \/><\/a> <a href=\"https:\/\/blogsaverroes.juntadeandalucia.es\/ceipjoseramon\/files\/2019\/12\/IMG-20191215-WA0030.jpg\"><img loading=\"lazy\" decoding=\"async\" class=\"alignnone size-medium wp-image-3977\" src=\"https:\/\/blogsaverroes.juntadeandalucia.es\/ceipjoseramon\/files\/2019\/12\/IMG-20191215-WA0030-300x225.jpg\" alt=\"\" width=\"300\" height=\"225\" srcset=\"https:\/\/blogsaverroes.juntadeandalucia.es\/ceipjoseramon\/files\/2019\/12\/IMG-20191215-WA0030-300x225.jpg 300w, https:\/\/blogsaverroes.juntadeandalucia.es\/ceipjoseramon\/files\/2019\/12\/IMG-20191215-WA0030-768x576.jpg 768w, https:\/\/blogsaverroes.juntadeandalucia.es\/ceipjoseramon\/files\/2019\/12\/IMG-20191215-WA0030-1024x768.jpg 1024w, https:\/\/blogsaverroes.juntadeandalucia.es\/ceipjoseramon\/files\/2019\/12\/IMG-20191215-WA0030-700x525.jpg 700w, https:\/\/blogsaverroes.juntadeandalucia.es\/ceipjoseramon\/files\/2019\/12\/IMG-20191215-WA0030-332x249.jpg 332w, https:\/\/blogsaverroes.juntadeandalucia.es\/ceipjoseramon\/files\/2019\/12\/IMG-20191215-WA0030-24x18.jpg 24w, https:\/\/blogsaverroes.juntadeandalucia.es\/ceipjoseramon\/files\/2019\/12\/IMG-20191215-WA0030-36x27.jpg 36w, https:\/\/blogsaverroes.juntadeandalucia.es\/ceipjoseramon\/files\/2019\/12\/IMG-20191215-WA0030-48x36.jpg 48w, https:\/\/blogsaverroes.juntadeandalucia.es\/ceipjoseramon\/files\/2019\/12\/IMG-20191215-WA0030.jpg 2048w\" sizes=\"(max-width: 300px) 100vw, 300px\" \/><\/a> <a href=\"https:\/\/blogsaverroes.juntadeandalucia.es\/ceipjoseramon\/files\/2019\/12\/IMG-20191215-WA0031.jpg\"><img loading=\"lazy\" decoding=\"async\" class=\"alignnone size-medium wp-image-3978\" src=\"https:\/\/blogsaverroes.juntadeandalucia.es\/ceipjoseramon\/files\/2019\/12\/IMG-20191215-WA0031-300x225.jpg\" alt=\"\" width=\"300\" height=\"225\" srcset=\"https:\/\/blogsaverroes.juntadeandalucia.es\/ceipjoseramon\/files\/2019\/12\/IMG-20191215-WA0031-300x225.jpg 300w, https:\/\/blogsaverroes.juntadeandalucia.es\/ceipjoseramon\/files\/2019\/12\/IMG-20191215-WA0031-768x576.jpg 768w, https:\/\/blogsaverroes.juntadeandalucia.es\/ceipjoseramon\/files\/2019\/12\/IMG-20191215-WA0031-1024x768.jpg 1024w, https:\/\/blogsaverroes.juntadeandalucia.es\/ceipjoseramon\/files\/2019\/12\/IMG-20191215-WA0031-700x525.jpg 700w, https:\/\/blogsaverroes.juntadeandalucia.es\/ceipjoseramon\/files\/2019\/12\/IMG-20191215-WA0031-332x249.jpg 332w, https:\/\/blogsaverroes.juntadeandalucia.es\/ceipjoseramon\/files\/2019\/12\/IMG-20191215-WA0031-24x18.jpg 24w, https:\/\/blogsaverroes.juntadeandalucia.es\/ceipjoseramon\/files\/2019\/12\/IMG-20191215-WA0031-36x27.jpg 36w, https:\/\/blogsaverroes.juntadeandalucia.es\/ceipjoseramon\/files\/2019\/12\/IMG-20191215-WA0031-48x36.jpg 48w, https:\/\/blogsaverroes.juntadeandalucia.es\/ceipjoseramon\/files\/2019\/12\/IMG-20191215-WA0031.jpg 2048w\" sizes=\"(max-width: 300px) 100vw, 300px\" \/><\/a> <a href=\"https:\/\/blogsaverroes.juntadeandalucia.es\/ceipjoseramon\/files\/2019\/12\/IMG-20191215-WA0032.jpg\"><img loading=\"lazy\" decoding=\"async\" class=\"alignnone size-medium wp-image-3979\" src=\"https:\/\/blogsaverroes.juntadeandalucia.es\/ceipjoseramon\/files\/2019\/12\/IMG-20191215-WA0032-300x225.jpg\" alt=\"\" width=\"300\" height=\"225\" srcset=\"https:\/\/blogsaverroes.juntadeandalucia.es\/ceipjoseramon\/files\/2019\/12\/IMG-20191215-WA0032-300x225.jpg 300w, https:\/\/blogsaverroes.juntadeandalucia.es\/ceipjoseramon\/files\/2019\/12\/IMG-20191215-WA0032-768x576.jpg 768w, https:\/\/blogsaverroes.juntadeandalucia.es\/ceipjoseramon\/files\/2019\/12\/IMG-20191215-WA0032-1024x768.jpg 1024w, https:\/\/blogsaverroes.juntadeandalucia.es\/ceipjoseramon\/files\/2019\/12\/IMG-20191215-WA0032-700x525.jpg 700w, https:\/\/blogsaverroes.juntadeandalucia.es\/ceipjoseramon\/files\/2019\/12\/IMG-20191215-WA0032-332x249.jpg 332w, https:\/\/blogsaverroes.juntadeandalucia.es\/ceipjoseramon\/files\/2019\/12\/IMG-20191215-WA0032-24x18.jpg 24w, https:\/\/blogsaverroes.juntadeandalucia.es\/ceipjoseramon\/files\/2019\/12\/IMG-20191215-WA0032-36x27.jpg 36w, https:\/\/blogsaverroes.juntadeandalucia.es\/ceipjoseramon\/files\/2019\/12\/IMG-20191215-WA0032-48x36.jpg 48w, https:\/\/blogsaverroes.juntadeandalucia.es\/ceipjoseramon\/files\/2019\/12\/IMG-20191215-WA0032.jpg 2048w\" sizes=\"(max-width: 300px) 100vw, 300px\" \/><\/a> <a href=\"https:\/\/blogsaverroes.juntadeandalucia.es\/ceipjoseramon\/files\/2019\/12\/IMG-20191215-WA0033.jpg\"><img loading=\"lazy\" decoding=\"async\" class=\"alignnone size-medium wp-image-3980\" src=\"https:\/\/blogsaverroes.juntadeandalucia.es\/ceipjoseramon\/files\/2019\/12\/IMG-20191215-WA0033-300x225.jpg\" alt=\"\" width=\"300\" height=\"225\" srcset=\"https:\/\/blogsaverroes.juntadeandalucia.es\/ceipjoseramon\/files\/2019\/12\/IMG-20191215-WA0033-300x225.jpg 300w, https:\/\/blogsaverroes.juntadeandalucia.es\/ceipjoseramon\/files\/2019\/12\/IMG-20191215-WA0033-768x576.jpg 768w, https:\/\/blogsaverroes.juntadeandalucia.es\/ceipjoseramon\/files\/2019\/12\/IMG-20191215-WA0033-1024x768.jpg 1024w, https:\/\/blogsaverroes.juntadeandalucia.es\/ceipjoseramon\/files\/2019\/12\/IMG-20191215-WA0033-700x525.jpg 700w, https:\/\/blogsaverroes.juntadeandalucia.es\/ceipjoseramon\/files\/2019\/12\/IMG-20191215-WA0033-332x249.jpg 332w, https:\/\/blogsaverroes.juntadeandalucia.es\/ceipjoseramon\/files\/2019\/12\/IMG-20191215-WA0033-24x18.jpg 24w, https:\/\/blogsaverroes.juntadeandalucia.es\/ceipjoseramon\/files\/2019\/12\/IMG-20191215-WA0033-36x27.jpg 36w, https:\/\/blogsaverroes.juntadeandalucia.es\/ceipjoseramon\/files\/2019\/12\/IMG-20191215-WA0033-48x36.jpg 48w, https:\/\/blogsaverroes.juntadeandalucia.es\/ceipjoseramon\/files\/2019\/12\/IMG-20191215-WA0033.jpg 2048w\" sizes=\"(max-width: 300px) 100vw, 300px\" \/><\/a> <a href=\"https:\/\/blogsaverroes.juntadeandalucia.es\/ceipjoseramon\/files\/2019\/12\/IMG-20191215-WA0034.jpg\"><img loading=\"lazy\" decoding=\"async\" class=\"alignnone size-medium wp-image-3981\" src=\"https:\/\/blogsaverroes.juntadeandalucia.es\/ceipjoseramon\/files\/2019\/12\/IMG-20191215-WA0034-300x225.jpg\" alt=\"\" width=\"300\" height=\"225\" srcset=\"https:\/\/blogsaverroes.juntadeandalucia.es\/ceipjoseramon\/files\/2019\/12\/IMG-20191215-WA0034-300x225.jpg 300w, https:\/\/blogsaverroes.juntadeandalucia.es\/ceipjoseramon\/files\/2019\/12\/IMG-20191215-WA0034-768x576.jpg 768w, https:\/\/blogsaverroes.juntadeandalucia.es\/ceipjoseramon\/files\/2019\/12\/IMG-20191215-WA0034-1024x768.jpg 1024w, https:\/\/blogsaverroes.juntadeandalucia.es\/ceipjoseramon\/files\/2019\/12\/IMG-20191215-WA0034-700x525.jpg 700w, https:\/\/blogsaverroes.juntadeandalucia.es\/ceipjoseramon\/files\/2019\/12\/IMG-20191215-WA0034-332x249.jpg 332w, https:\/\/blogsaverroes.juntadeandalucia.es\/ceipjoseramon\/files\/2019\/12\/IMG-20191215-WA0034-24x18.jpg 24w, https:\/\/blogsaverroes.juntadeandalucia.es\/ceipjoseramon\/files\/2019\/12\/IMG-20191215-WA0034-36x27.jpg 36w, https:\/\/blogsaverroes.juntadeandalucia.es\/ceipjoseramon\/files\/2019\/12\/IMG-20191215-WA0034-48x36.jpg 48w, https:\/\/blogsaverroes.juntadeandalucia.es\/ceipjoseramon\/files\/2019\/12\/IMG-20191215-WA0034.jpg 2048w\" sizes=\"(max-width: 300px) 100vw, 300px\" \/><\/a> <a href=\"https:\/\/blogsaverroes.juntadeandalucia.es\/ceipjoseramon\/files\/2019\/12\/IMG-20191215-WA0035.jpg\"><img loading=\"lazy\" decoding=\"async\" class=\"alignnone size-medium wp-image-3982\" src=\"https:\/\/blogsaverroes.juntadeandalucia.es\/ceipjoseramon\/files\/2019\/12\/IMG-20191215-WA0035-300x225.jpg\" alt=\"\" width=\"300\" height=\"225\" srcset=\"https:\/\/blogsaverroes.juntadeandalucia.es\/ceipjoseramon\/files\/2019\/12\/IMG-20191215-WA0035-300x225.jpg 300w, https:\/\/blogsaverroes.juntadeandalucia.es\/ceipjoseramon\/files\/2019\/12\/IMG-20191215-WA0035-768x576.jpg 768w, https:\/\/blogsaverroes.juntadeandalucia.es\/ceipjoseramon\/files\/2019\/12\/IMG-20191215-WA0035-1024x768.jpg 1024w, https:\/\/blogsaverroes.juntadeandalucia.es\/ceipjoseramon\/files\/2019\/12\/IMG-20191215-WA0035-700x525.jpg 700w, https:\/\/blogsaverroes.juntadeandalucia.es\/ceipjoseramon\/files\/2019\/12\/IMG-20191215-WA0035-332x249.jpg 332w, https:\/\/blogsaverroes.juntadeandalucia.es\/ceipjoseramon\/files\/2019\/12\/IMG-20191215-WA0035-24x18.jpg 24w, https:\/\/blogsaverroes.juntadeandalucia.es\/ceipjoseramon\/files\/2019\/12\/IMG-20191215-WA0035-36x27.jpg 36w, https:\/\/blogsaverroes.juntadeandalucia.es\/ceipjoseramon\/files\/2019\/12\/IMG-20191215-WA0035-48x36.jpg 48w, https:\/\/blogsaverroes.juntadeandalucia.es\/ceipjoseramon\/files\/2019\/12\/IMG-20191215-WA0035.jpg 2048w\" sizes=\"(max-width: 300px) 100vw, 300px\" \/><\/a> <a href=\"https:\/\/blogsaverroes.juntadeandalucia.es\/ceipjoseramon\/files\/2019\/12\/IMG-20191215-WA0036.jpg\"><img loading=\"lazy\" decoding=\"async\" class=\"alignnone size-medium wp-image-3983\" src=\"https:\/\/blogsaverroes.juntadeandalucia.es\/ceipjoseramon\/files\/2019\/12\/IMG-20191215-WA0036-300x225.jpg\" alt=\"\" width=\"300\" height=\"225\" srcset=\"https:\/\/blogsaverroes.juntadeandalucia.es\/ceipjoseramon\/files\/2019\/12\/IMG-20191215-WA0036-300x225.jpg 300w, https:\/\/blogsaverroes.juntadeandalucia.es\/ceipjoseramon\/files\/2019\/12\/IMG-20191215-WA0036-768x576.jpg 768w, https:\/\/blogsaverroes.juntadeandalucia.es\/ceipjoseramon\/files\/2019\/12\/IMG-20191215-WA0036-1024x768.jpg 1024w, https:\/\/blogsaverroes.juntadeandalucia.es\/ceipjoseramon\/files\/2019\/12\/IMG-20191215-WA0036-700x525.jpg 700w, https:\/\/blogsaverroes.juntadeandalucia.es\/ceipjoseramon\/files\/2019\/12\/IMG-20191215-WA0036-332x249.jpg 332w, https:\/\/blogsaverroes.juntadeandalucia.es\/ceipjoseramon\/files\/2019\/12\/IMG-20191215-WA0036-24x18.jpg 24w, https:\/\/blogsaverroes.juntadeandalucia.es\/ceipjoseramon\/files\/2019\/12\/IMG-20191215-WA0036-36x27.jpg 36w, https:\/\/blogsaverroes.juntadeandalucia.es\/ceipjoseramon\/files\/2019\/12\/IMG-20191215-WA0036-48x36.jpg 48w, https:\/\/blogsaverroes.juntadeandalucia.es\/ceipjoseramon\/files\/2019\/12\/IMG-20191215-WA0036.jpg 2048w\" sizes=\"(max-width: 300px) 100vw, 300px\" \/><\/a> <a href=\"https:\/\/blogsaverroes.juntadeandalucia.es\/ceipjoseramon\/files\/2019\/12\/IMG-20191215-WA0037.jpg\"><img loading=\"lazy\" decoding=\"async\" class=\"alignnone size-medium wp-image-3984\" src=\"https:\/\/blogsaverroes.juntadeandalucia.es\/ceipjoseramon\/files\/2019\/12\/IMG-20191215-WA0037-300x225.jpg\" alt=\"\" width=\"300\" height=\"225\" srcset=\"https:\/\/blogsaverroes.juntadeandalucia.es\/ceipjoseramon\/files\/2019\/12\/IMG-20191215-WA0037-300x225.jpg 300w, https:\/\/blogsaverroes.juntadeandalucia.es\/ceipjoseramon\/files\/2019\/12\/IMG-20191215-WA0037-768x576.jpg 768w, https:\/\/blogsaverroes.juntadeandalucia.es\/ceipjoseramon\/files\/2019\/12\/IMG-20191215-WA0037-1024x768.jpg 1024w, https:\/\/blogsaverroes.juntadeandalucia.es\/ceipjoseramon\/files\/2019\/12\/IMG-20191215-WA0037-700x525.jpg 700w, https:\/\/blogsaverroes.juntadeandalucia.es\/ceipjoseramon\/files\/2019\/12\/IMG-20191215-WA0037-332x249.jpg 332w, https:\/\/blogsaverroes.juntadeandalucia.es\/ceipjoseramon\/files\/2019\/12\/IMG-20191215-WA0037-24x18.jpg 24w, https:\/\/blogsaverroes.juntadeandalucia.es\/ceipjoseramon\/files\/2019\/12\/IMG-20191215-WA0037-36x27.jpg 36w, https:\/\/blogsaverroes.juntadeandalucia.es\/ceipjoseramon\/files\/2019\/12\/IMG-20191215-WA0037-48x36.jpg 48w, https:\/\/blogsaverroes.juntadeandalucia.es\/ceipjoseramon\/files\/2019\/12\/IMG-20191215-WA0037.jpg 2048w\" sizes=\"(max-width: 300px) 100vw, 300px\" \/><\/a> <a href=\"https:\/\/blogsaverroes.juntadeandalucia.es\/ceipjoseramon\/files\/2019\/12\/IMG-20191215-WA0038.jpg\"><img loading=\"lazy\" decoding=\"async\" class=\"alignnone size-medium wp-image-3985\" src=\"https:\/\/blogsaverroes.juntadeandalucia.es\/ceipjoseramon\/files\/2019\/12\/IMG-20191215-WA0038-300x225.jpg\" alt=\"\" width=\"300\" height=\"225\" srcset=\"https:\/\/blogsaverroes.juntadeandalucia.es\/ceipjoseramon\/files\/2019\/12\/IMG-20191215-WA0038-300x225.jpg 300w, https:\/\/blogsaverroes.juntadeandalucia.es\/ceipjoseramon\/files\/2019\/12\/IMG-20191215-WA0038-768x576.jpg 768w, https:\/\/blogsaverroes.juntadeandalucia.es\/ceipjoseramon\/files\/2019\/12\/IMG-20191215-WA0038-1024x768.jpg 1024w, https:\/\/blogsaverroes.juntadeandalucia.es\/ceipjoseramon\/files\/2019\/12\/IMG-20191215-WA0038-700x525.jpg 700w, https:\/\/blogsaverroes.juntadeandalucia.es\/ceipjoseramon\/files\/2019\/12\/IMG-20191215-WA0038-332x249.jpg 332w, https:\/\/blogsaverroes.juntadeandalucia.es\/ceipjoseramon\/files\/2019\/12\/IMG-20191215-WA0038-24x18.jpg 24w, https:\/\/blogsaverroes.juntadeandalucia.es\/ceipjoseramon\/files\/2019\/12\/IMG-20191215-WA0038-36x27.jpg 36w, https:\/\/blogsaverroes.juntadeandalucia.es\/ceipjoseramon\/files\/2019\/12\/IMG-20191215-WA0038-48x36.jpg 48w, https:\/\/blogsaverroes.juntadeandalucia.es\/ceipjoseramon\/files\/2019\/12\/IMG-20191215-WA0038.jpg 2048w\" sizes=\"(max-width: 300px) 100vw, 300px\" \/><\/a> <a href=\"https:\/\/blogsaverroes.juntadeandalucia.es\/ceipjoseramon\/files\/2019\/12\/IMG-20191215-WA0039.jpg\"><img loading=\"lazy\" decoding=\"async\" class=\"alignnone size-medium wp-image-3986\" src=\"https:\/\/blogsaverroes.juntadeandalucia.es\/ceipjoseramon\/files\/2019\/12\/IMG-20191215-WA0039-300x225.jpg\" alt=\"\" width=\"300\" height=\"225\" srcset=\"https:\/\/blogsaverroes.juntadeandalucia.es\/ceipjoseramon\/files\/2019\/12\/IMG-20191215-WA0039-300x225.jpg 300w, https:\/\/blogsaverroes.juntadeandalucia.es\/ceipjoseramon\/files\/2019\/12\/IMG-20191215-WA0039-768x576.jpg 768w, https:\/\/blogsaverroes.juntadeandalucia.es\/ceipjoseramon\/files\/2019\/12\/IMG-20191215-WA0039-1024x768.jpg 1024w, https:\/\/blogsaverroes.juntadeandalucia.es\/ceipjoseramon\/files\/2019\/12\/IMG-20191215-WA0039-700x525.jpg 700w, https:\/\/blogsaverroes.juntadeandalucia.es\/ceipjoseramon\/files\/2019\/12\/IMG-20191215-WA0039-332x249.jpg 332w, https:\/\/blogsaverroes.juntadeandalucia.es\/ceipjoseramon\/files\/2019\/12\/IMG-20191215-WA0039-24x18.jpg 24w, https:\/\/blogsaverroes.juntadeandalucia.es\/ceipjoseramon\/files\/2019\/12\/IMG-20191215-WA0039-36x27.jpg 36w, https:\/\/blogsaverroes.juntadeandalucia.es\/ceipjoseramon\/files\/2019\/12\/IMG-20191215-WA0039-48x36.jpg 48w, https:\/\/blogsaverroes.juntadeandalucia.es\/ceipjoseramon\/files\/2019\/12\/IMG-20191215-WA0039.jpg 2048w\" sizes=\"(max-width: 300px) 100vw, 300px\" \/><\/a> <a href=\"https:\/\/blogsaverroes.juntadeandalucia.es\/ceipjoseramon\/files\/2019\/12\/IMG-20191215-WA0040.jpg\"><img loading=\"lazy\" decoding=\"async\" class=\"alignnone size-medium wp-image-3987\" src=\"https:\/\/blogsaverroes.juntadeandalucia.es\/ceipjoseramon\/files\/2019\/12\/IMG-20191215-WA0040-300x225.jpg\" alt=\"\" width=\"300\" height=\"225\" srcset=\"https:\/\/blogsaverroes.juntadeandalucia.es\/ceipjoseramon\/files\/2019\/12\/IMG-20191215-WA0040-300x225.jpg 300w, https:\/\/blogsaverroes.juntadeandalucia.es\/ceipjoseramon\/files\/2019\/12\/IMG-20191215-WA0040-768x576.jpg 768w, https:\/\/blogsaverroes.juntadeandalucia.es\/ceipjoseramon\/files\/2019\/12\/IMG-20191215-WA0040-1024x768.jpg 1024w, https:\/\/blogsaverroes.juntadeandalucia.es\/ceipjoseramon\/files\/2019\/12\/IMG-20191215-WA0040-700x525.jpg 700w, https:\/\/blogsaverroes.juntadeandalucia.es\/ceipjoseramon\/files\/2019\/12\/IMG-20191215-WA0040-332x249.jpg 332w, https:\/\/blogsaverroes.juntadeandalucia.es\/ceipjoseramon\/files\/2019\/12\/IMG-20191215-WA0040-24x18.jpg 24w, https:\/\/blogsaverroes.juntadeandalucia.es\/ceipjoseramon\/files\/2019\/12\/IMG-20191215-WA0040-36x27.jpg 36w, https:\/\/blogsaverroes.juntadeandalucia.es\/ceipjoseramon\/files\/2019\/12\/IMG-20191215-WA0040-48x36.jpg 48w, https:\/\/blogsaverroes.juntadeandalucia.es\/ceipjoseramon\/files\/2019\/12\/IMG-20191215-WA0040.jpg 2048w\" sizes=\"(max-width: 300px) 100vw, 300px\" \/><\/a> <a href=\"https:\/\/blogsaverroes.juntadeandalucia.es\/ceipjoseramon\/files\/2019\/12\/IMG-20191215-WA0010.jpg\"><img loading=\"lazy\" decoding=\"async\" class=\"alignnone size-medium wp-image-3988\" src=\"https:\/\/blogsaverroes.juntadeandalucia.es\/ceipjoseramon\/files\/2019\/12\/IMG-20191215-WA0010-300x225.jpg\" alt=\"\" width=\"300\" height=\"225\" srcset=\"https:\/\/blogsaverroes.juntadeandalucia.es\/ceipjoseramon\/files\/2019\/12\/IMG-20191215-WA0010-300x225.jpg 300w, https:\/\/blogsaverroes.juntadeandalucia.es\/ceipjoseramon\/files\/2019\/12\/IMG-20191215-WA0010-768x576.jpg 768w, https:\/\/blogsaverroes.juntadeandalucia.es\/ceipjoseramon\/files\/2019\/12\/IMG-20191215-WA0010-1024x768.jpg 1024w, https:\/\/blogsaverroes.juntadeandalucia.es\/ceipjoseramon\/files\/2019\/12\/IMG-20191215-WA0010-700x525.jpg 700w, https:\/\/blogsaverroes.juntadeandalucia.es\/ceipjoseramon\/files\/2019\/12\/IMG-20191215-WA0010-332x249.jpg 332w, https:\/\/blogsaverroes.juntadeandalucia.es\/ceipjoseramon\/files\/2019\/12\/IMG-20191215-WA0010-24x18.jpg 24w, https:\/\/blogsaverroes.juntadeandalucia.es\/ceipjoseramon\/files\/2019\/12\/IMG-20191215-WA0010-36x27.jpg 36w, https:\/\/blogsaverroes.juntadeandalucia.es\/ceipjoseramon\/files\/2019\/12\/IMG-20191215-WA0010-48x36.jpg 48w, https:\/\/blogsaverroes.juntadeandalucia.es\/ceipjoseramon\/files\/2019\/12\/IMG-20191215-WA0010.jpg 2048w\" sizes=\"(max-width: 300px) 100vw, 300px\" \/><\/a> <a href=\"https:\/\/blogsaverroes.juntadeandalucia.es\/ceipjoseramon\/files\/2019\/12\/IMG-20191215-WA0011.jpg\"><img loading=\"lazy\" decoding=\"async\" class=\"alignnone size-medium wp-image-3989\" src=\"https:\/\/blogsaverroes.juntadeandalucia.es\/ceipjoseramon\/files\/2019\/12\/IMG-20191215-WA0011-300x225.jpg\" alt=\"\" width=\"300\" height=\"225\" srcset=\"https:\/\/blogsaverroes.juntadeandalucia.es\/ceipjoseramon\/files\/2019\/12\/IMG-20191215-WA0011-300x225.jpg 300w, https:\/\/blogsaverroes.juntadeandalucia.es\/ceipjoseramon\/files\/2019\/12\/IMG-20191215-WA0011-768x576.jpg 768w, https:\/\/blogsaverroes.juntadeandalucia.es\/ceipjoseramon\/files\/2019\/12\/IMG-20191215-WA0011-1024x768.jpg 1024w, https:\/\/blogsaverroes.juntadeandalucia.es\/ceipjoseramon\/files\/2019\/12\/IMG-20191215-WA0011-700x525.jpg 700w, https:\/\/blogsaverroes.juntadeandalucia.es\/ceipjoseramon\/files\/2019\/12\/IMG-20191215-WA0011-332x249.jpg 332w, https:\/\/blogsaverroes.juntadeandalucia.es\/ceipjoseramon\/files\/2019\/12\/IMG-20191215-WA0011-24x18.jpg 24w, https:\/\/blogsaverroes.juntadeandalucia.es\/ceipjoseramon\/files\/2019\/12\/IMG-20191215-WA0011-36x27.jpg 36w, https:\/\/blogsaverroes.juntadeandalucia.es\/ceipjoseramon\/files\/2019\/12\/IMG-20191215-WA0011-48x36.jpg 48w, https:\/\/blogsaverroes.juntadeandalucia.es\/ceipjoseramon\/files\/2019\/12\/IMG-20191215-WA0011.jpg 2048w\" sizes=\"(max-width: 300px) 100vw, 300px\" \/><\/a> <a href=\"https:\/\/blogsaverroes.juntadeandalucia.es\/ceipjoseramon\/files\/2019\/12\/IMG-20191215-WA0012.jpg\"><img loading=\"lazy\" decoding=\"async\" class=\"alignnone size-medium wp-image-3990\" src=\"https:\/\/blogsaverroes.juntadeandalucia.es\/ceipjoseramon\/files\/2019\/12\/IMG-20191215-WA0012-300x225.jpg\" alt=\"\" width=\"300\" height=\"225\" srcset=\"https:\/\/blogsaverroes.juntadeandalucia.es\/ceipjoseramon\/files\/2019\/12\/IMG-20191215-WA0012-300x225.jpg 300w, https:\/\/blogsaverroes.juntadeandalucia.es\/ceipjoseramon\/files\/2019\/12\/IMG-20191215-WA0012-768x576.jpg 768w, https:\/\/blogsaverroes.juntadeandalucia.es\/ceipjoseramon\/files\/2019\/12\/IMG-20191215-WA0012-1024x768.jpg 1024w, https:\/\/blogsaverroes.juntadeandalucia.es\/ceipjoseramon\/files\/2019\/12\/IMG-20191215-WA0012-700x525.jpg 700w, https:\/\/blogsaverroes.juntadeandalucia.es\/ceipjoseramon\/files\/2019\/12\/IMG-20191215-WA0012-332x249.jpg 332w, https:\/\/blogsaverroes.juntadeandalucia.es\/ceipjoseramon\/files\/2019\/12\/IMG-20191215-WA0012-24x18.jpg 24w, https:\/\/blogsaverroes.juntadeandalucia.es\/ceipjoseramon\/files\/2019\/12\/IMG-20191215-WA0012-36x27.jpg 36w, https:\/\/blogsaverroes.juntadeandalucia.es\/ceipjoseramon\/files\/2019\/12\/IMG-20191215-WA0012-48x36.jpg 48w, https:\/\/blogsaverroes.juntadeandalucia.es\/ceipjoseramon\/files\/2019\/12\/IMG-20191215-WA0012.jpg 2048w\" sizes=\"(max-width: 300px) 100vw, 300px\" \/><\/a><\/p>\n","protected":false},"excerpt":{"rendered":"<p>El pasado 5 de diciembre vivimos una maravillosa experiencia en nuestro centro. Aprovechando la celebraci\u00f3n de los derechos del ni\u00f1o y el d\u00eda de la constituci\u00f3n, se ha llevado a cabo un cuentacuentos muy&#46;&#46;&#46;<\/p>\n","protected":false},"author":2537,"featured_media":3991,"comment_status":"open","ping_status":"open","sticky":false,"template":"","format":"standard","meta":{"ngg_post_thumbnail":0,"footnotes":""},"categories":[7166,1903606,689823],"tags":[301],"aioseo_notices":[],"_links":{"self":[{"href":"https:\/\/blogsaverroes.juntadeandalucia.es\/ceipjoseramon\/wp-json\/wp\/v2\/posts\/3950"}],"collection":[{"href":"https:\/\/blogsaverroes.juntadeandalucia.es\/ceipjoseramon\/wp-json\/wp\/v2\/posts"}],"about":[{"href":"https:\/\/blogsaverroes.juntadeandalucia.es\/ceipjoseramon\/wp-json\/wp\/v2\/types\/post"}],"author":[{"embeddable":true,"href":"https:\/\/blogsaverroes.juntadeandalucia.es\/ceipjoseramon\/wp-json\/wp\/v2\/users\/2537"}],"replies":[{"embeddable":true,"href":"https:\/\/blogsaverroes.juntadeandalucia.es\/ceipjoseramon\/wp-json\/wp\/v2\/comments?post=3950"}],"version-history":[{"count":5,"href":"https:\/\/blogsaverroes.juntadeandalucia.es\/ceipjoseramon\/wp-json\/wp\/v2\/posts\/3950\/revisions"}],"predecessor-version":[{"id":3994,"href":"https:\/\/blogsaverroes.juntadeandalucia.es\/ceipjoseramon\/wp-json\/wp\/v2\/posts\/3950\/revisions\/3994"}],"wp:featuredmedia":[{"embeddable":true,"href":"https:\/\/blogsaverroes.juntadeandalucia.es\/ceipjoseramon\/wp-json\/wp\/v2\/media\/3991"}],"wp:attachment":[{"href":"https:\/\/blogsaverroes.juntadeandalucia.es\/ceipjoseramon\/wp-json\/wp\/v2\/media?parent=3950"}],"wp:term":[{"taxonomy":"category","embeddable":true,"href":"https:\/\/blogsaverroes.juntadeandalucia.es\/ceipjoseramon\/wp-json\/wp\/v2\/categories?post=3950"},{"taxonomy":"post_tag","embeddable":true,"href":"https:\/\/blogsaverroes.juntadeandalucia.es\/ceipjoseramon\/wp-json\/wp\/v2\/tags?post=3950"}],"curies":[{"name":"wp","href":"https:\/\/api.w.org\/{rel}","templated":true}]}}