{"id":4469,"date":"2020-04-04T10:24:37","date_gmt":"2020-04-04T09:24:37","guid":{"rendered":"http:\/\/blogsaverroes.juntadeandalucia.es\/ceipjoseramon\/?p=4469"},"modified":"2020-04-04T10:31:27","modified_gmt":"2020-04-04T09:31:27","slug":"vacaciones-de-semana-santa","status":"publish","type":"post","link":"https:\/\/blogsaverroes.juntadeandalucia.es\/ceipjoseramon\/vacaciones-de-semana-santa\/","title":{"rendered":"Vacaciones de Semana Santa"},"content":{"rendered":"<p style=\"text-align: justify\">&nbsp; &nbsp; &nbsp; &nbsp;Queridas familias, hemos llegado al final del trimestre y <strong>es hora de que todos y todas nos tomemos un descanso<\/strong>. Todos tenemos claro que ser\u00e1n unas vacaciones especiales, pero hemos de buscar formulas que nos permitan desconectar. <strong>Hablad mucho con vuestro hijos<\/strong> e hijas, es un buen momento para pararnos a analizar la situaci\u00f3n e <strong>intentar descubrir y comprender sus sentimientos<\/strong>. Sabemos que no es f\u00e1cil y que conforme pasan los d\u00edas todos empezamos a sufrir en mayor o menor medida las consecuencias de esta situaci\u00f3n tan estresante.<\/p>\n<p style=\"text-align: justify\">&nbsp; &nbsp; &nbsp;<strong>Estos d\u00edas tambi\u00e9n son muy propicios para reforzar a\u00fan m\u00e1s los lazos familiares<\/strong>, actividades l\u00fadicas en familia, actividades f\u00edsicas grupales (siempre dentro de las posibilidades de nuestras viviendas), realizar tareas de cocina en familia, etc&#8230; hay que ser imaginativos.&nbsp;<\/p>\n<p style=\"text-align: justify\">&nbsp; &nbsp; &nbsp; &nbsp; En definitiva <strong>se trata de disfrutar de nuestra familia, igual que siempre hemos hecho, pero de un modo diferente<\/strong>, ser\u00e1 m\u00e1s dif\u00edcil desconectar sin hacer un viaje o pasar mucho tiempo en la calle, pero si somos positivos e intentamos buscar las posibilidades que nos ofrece esta situaci\u00f3n seguro que saldremos fortalecidos como familias y comunidad educativa.<\/p>\n<p style=\"text-align: justify\">&nbsp; &nbsp; &nbsp;Terminar agradeciendo a todas las familias su comprensi\u00f3n y colaboraci\u00f3n. <strong>En estas 3 semanas hab\u00e9is demostrado una implicaci\u00f3n digna de admiraci\u00f3n<\/strong>. A\u00fan nos queda camino por recorrer en esta nueva prueba que nos ha puesto la vida, pero estamos seguros que con uni\u00f3n, di\u00e1logo, flexibilidad y comprensi\u00f3n; superaremos todas las dificultades.<\/p>\n<p style=\"text-align: justify\">&nbsp; <strong>&nbsp; &nbsp;En los pr\u00f3ximos d\u00edas publicaremos informaci\u00f3n sobre la metodolog\u00eda a seguir cuando nos reincorporemos de este periodo vacacional.<\/strong><\/p>\n<p style=\"text-align: justify\">&nbsp; &nbsp; &nbsp;En el ceip Jos\u00e9 Ram\u00f3n <strong>estamos muy orgullosos de nuestros ni\u00f1os y sus familias<\/strong>. Un fuerte abrazo.<\/p>\n","protected":false},"excerpt":{"rendered":"<p>&nbsp; &nbsp; &nbsp; &nbsp;Queridas familias, hemos llegado al final del trimestre y es hora de que todos y todas nos tomemos un descanso. Todos tenemos claro que ser\u00e1n unas vacaciones especiales, pero hemos de&#46;&#46;&#46;<\/p>\n","protected":false},"author":2537,"featured_media":4470,"comment_status":"open","ping_status":"open","sticky":false,"template":"","format":"standard","meta":{"ngg_post_thumbnail":0,"footnotes":""},"categories":[11909],"tags":[],"aioseo_notices":[],"_links":{"self":[{"href":"https:\/\/blogsaverroes.juntadeandalucia.es\/ceipjoseramon\/wp-json\/wp\/v2\/posts\/4469"}],"collection":[{"href":"https:\/\/blogsaverroes.juntadeandalucia.es\/ceipjoseramon\/wp-json\/wp\/v2\/posts"}],"about":[{"href":"https:\/\/blogsaverroes.juntadeandalucia.es\/ceipjoseramon\/wp-json\/wp\/v2\/types\/post"}],"author":[{"embeddable":true,"href":"https:\/\/blogsaverroes.juntadeandalucia.es\/ceipjoseramon\/wp-json\/wp\/v2\/users\/2537"}],"replies":[{"embeddable":true,"href":"https:\/\/blogsaverroes.juntadeandalucia.es\/ceipjoseramon\/wp-json\/wp\/v2\/comments?post=4469"}],"version-history":[{"count":3,"href":"https:\/\/blogsaverroes.juntadeandalucia.es\/ceipjoseramon\/wp-json\/wp\/v2\/posts\/4469\/revisions"}],"predecessor-version":[{"id":4473,"href":"https:\/\/blogsaverroes.juntadeandalucia.es\/ceipjoseramon\/wp-json\/wp\/v2\/posts\/4469\/revisions\/4473"}],"wp:featuredmedia":[{"embeddable":true,"href":"https:\/\/blogsaverroes.juntadeandalucia.es\/ceipjoseramon\/wp-json\/wp\/v2\/media\/4470"}],"wp:attachment":[{"href":"https:\/\/blogsaverroes.juntadeandalucia.es\/ceipjoseramon\/wp-json\/wp\/v2\/media?parent=4469"}],"wp:term":[{"taxonomy":"category","embeddable":true,"href":"https:\/\/blogsaverroes.juntadeandalucia.es\/ceipjoseramon\/wp-json\/wp\/v2\/categories?post=4469"},{"taxonomy":"post_tag","embeddable":true,"href":"https:\/\/blogsaverroes.juntadeandalucia.es\/ceipjoseramon\/wp-json\/wp\/v2\/tags?post=4469"}],"curies":[{"name":"wp","href":"https:\/\/api.w.org\/{rel}","templated":true}]}}