{"id":4537,"date":"2020-05-11T12:06:23","date_gmt":"2020-05-11T11:06:23","guid":{"rendered":"http:\/\/blogsaverroes.juntadeandalucia.es\/ceipjoseramon\/?p=4537"},"modified":"2020-05-11T12:06:23","modified_gmt":"2020-05-11T11:06:23","slug":"mercadillo-solidario-2-020","status":"publish","type":"post","link":"https:\/\/blogsaverroes.juntadeandalucia.es\/ceipjoseramon\/mercadillo-solidario-2-020\/","title":{"rendered":"Mercadillo solidario 2.020"},"content":{"rendered":"<p style=\"text-align: center\"><strong><u>Mayo del 2020 de un curso \u201cnormal\u201d<\/u><\/strong><\/p>\n<p style=\"text-align: justify\">&nbsp; &nbsp; &nbsp;Nuestro cole se mueve a un ritmo fren\u00e9tico ultimando los detalles de nuestro Mercadillo Solidario. Este ser\u00eda nuestro 19 mercadillo.<\/p>\n<p style=\"text-align: justify\">&nbsp; &nbsp; &nbsp;Se palpa la ilusi\u00f3n de nuestros ni\u00f1os y ni\u00f1as por vender todas sus producciones y conseguir as\u00ed la m\u00e1xima aportaci\u00f3n para la escuelita de Kapandeda. Saben que all\u00ed en Togo, tan lejos nos necesitan. Todos los ni\u00f1os y ni\u00f1as deber\u00edan tener la oportunidad de ir al cole.<\/p>\n<p style=\"text-align: justify\">&nbsp; &nbsp; &nbsp;Lleg\u00f3 el d\u00eda\u2026 Ya empez\u00f3 el trasiego de mercanc\u00eda, sus trabajitos que tan cuidadosamente han elaborado a lo largo del curso, las cajitas para la recaudaci\u00f3n, las telas&nbsp; para el puesto de venta, el cuadrante de vendedores, la hoja para las cuentas\u2026. Y sobre todo, la mayor de las sonrisas. \u00a1Porque lleg\u00f3 el d\u00eda!<\/p>\n<p style=\"text-align: justify\">&nbsp; &nbsp; &nbsp;\u00a1Qu\u00e9 vienen!&#8230;. Ya van llegando los primeros compradores carteritas en mano, y ya se vuelven a clase sujetando sus compras como el mayor de los tesoros.<\/p>\n<p style=\"text-align: justify\">&nbsp; &nbsp; &nbsp;Pero no. Este a\u00f1o no pasar\u00e1. Este a\u00f1o cerraremos los ojos y buscaremos en nuestra cajita de los recuerdos esas vivencias.<\/p>\n<p style=\"text-align: justify\">&nbsp; &nbsp; &nbsp;Como sab\u00e9is con lo recaudado en el Mercadillo se paga el salario de cuatro maestros durante un curso escolar, pero por razones obvias este a\u00f1o no ser\u00e1 as\u00ed.<\/p>\n<p style=\"text-align: justify\">&nbsp; &nbsp; &nbsp;\u00a1No habr\u00e1 obst\u00e1culos que frenen nuestra solidaridad!<\/p>\n<p style=\"text-align: justify\">&nbsp; &nbsp; &nbsp;Aunque entendemos que, por las circunstancias actuales, muchas familias de nuestro centro,&nbsp; quiz\u00e1s, no est\u00e1n pasando por un buen momento; hemos pensado en facilitar el n\u00famero de cuenta de Escolares sin Fronteras para aquellos y aquellas que pod\u00e1is hacer una aportaci\u00f3n econ\u00f3mica.<\/p>\n<p style=\"text-align: justify\">\u00a1Juntos sumamos!<\/p>\n<p style=\"text-align: justify\">ES60 0237 0307 1091 6515 9877&nbsp; Caja Sur<\/p>\n<p style=\"text-align: justify\">Concepto: Mercadillo CEIP Jos\u00e9 Ram\u00f3n<\/p>\n<p style=\"text-align: justify\"><strong>\u00a1Gracias de coraz\u00f3n!<\/strong><\/p>\n<p><a href=\"https:\/\/blogsaverroes.juntadeandalucia.es\/ceipjoseramon\/files\/2020\/05\/memorial-ESCOLARES-SIN-FRONTERAS-CEIP-JOS\u00c9-RAM\u00d3N.jpg\"><img fetchpriority=\"high\" decoding=\"async\" class=\"alignnone size-full wp-image-4543\" src=\"https:\/\/blogsaverroes.juntadeandalucia.es\/ceipjoseramon\/files\/2020\/05\/memorial-ESCOLARES-SIN-FRONTERAS-CEIP-JOS\u00c9-RAM\u00d3N.jpg\" alt=\"\" width=\"800\" height=\"560\" srcset=\"https:\/\/blogsaverroes.juntadeandalucia.es\/ceipjoseramon\/files\/2020\/05\/memorial-ESCOLARES-SIN-FRONTERAS-CEIP-JOS\u00c9-RAM\u00d3N.jpg 800w, https:\/\/blogsaverroes.juntadeandalucia.es\/ceipjoseramon\/files\/2020\/05\/memorial-ESCOLARES-SIN-FRONTERAS-CEIP-JOS\u00c9-RAM\u00d3N-300x210.jpg 300w, https:\/\/blogsaverroes.juntadeandalucia.es\/ceipjoseramon\/files\/2020\/05\/memorial-ESCOLARES-SIN-FRONTERAS-CEIP-JOS\u00c9-RAM\u00d3N-768x538.jpg 768w, https:\/\/blogsaverroes.juntadeandalucia.es\/ceipjoseramon\/files\/2020\/05\/memorial-ESCOLARES-SIN-FRONTERAS-CEIP-JOS\u00c9-RAM\u00d3N-700x490.jpg 700w, https:\/\/blogsaverroes.juntadeandalucia.es\/ceipjoseramon\/files\/2020\/05\/memorial-ESCOLARES-SIN-FRONTERAS-CEIP-JOS\u00c9-RAM\u00d3N-332x232.jpg 332w, https:\/\/blogsaverroes.juntadeandalucia.es\/ceipjoseramon\/files\/2020\/05\/memorial-ESCOLARES-SIN-FRONTERAS-CEIP-JOS\u00c9-RAM\u00d3N-24x17.jpg 24w, https:\/\/blogsaverroes.juntadeandalucia.es\/ceipjoseramon\/files\/2020\/05\/memorial-ESCOLARES-SIN-FRONTERAS-CEIP-JOS\u00c9-RAM\u00d3N-36x25.jpg 36w, https:\/\/blogsaverroes.juntadeandalucia.es\/ceipjoseramon\/files\/2020\/05\/memorial-ESCOLARES-SIN-FRONTERAS-CEIP-JOS\u00c9-RAM\u00d3N-48x34.jpg 48w\" sizes=\"(max-width: 800px) 100vw, 800px\" \/><\/a><\/p>\n<p><a href=\"https:\/\/blogsaverroes.juntadeandalucia.es\/ceipjoseramon\/files\/2020\/05\/IMG_6186.jpg\"><img decoding=\"async\" class=\"alignnone size-large wp-image-4539\" src=\"https:\/\/blogsaverroes.juntadeandalucia.es\/ceipjoseramon\/files\/2020\/05\/IMG_6186.jpg\" alt=\"\" width=\"540\" height=\"960\" srcset=\"https:\/\/blogsaverroes.juntadeandalucia.es\/ceipjoseramon\/files\/2020\/05\/IMG_6186.jpg 540w, https:\/\/blogsaverroes.juntadeandalucia.es\/ceipjoseramon\/files\/2020\/05\/IMG_6186-169x300.jpg 169w, https:\/\/blogsaverroes.juntadeandalucia.es\/ceipjoseramon\/files\/2020\/05\/IMG_6186-332x590.jpg 332w, https:\/\/blogsaverroes.juntadeandalucia.es\/ceipjoseramon\/files\/2020\/05\/IMG_6186-14x24.jpg 14w, https:\/\/blogsaverroes.juntadeandalucia.es\/ceipjoseramon\/files\/2020\/05\/IMG_6186-20x36.jpg 20w, https:\/\/blogsaverroes.juntadeandalucia.es\/ceipjoseramon\/files\/2020\/05\/IMG_6186-27x48.jpg 27w\" sizes=\"(max-width: 540px) 100vw, 540px\" \/><\/a> <a href=\"https:\/\/blogsaverroes.juntadeandalucia.es\/ceipjoseramon\/files\/2020\/05\/IMG_6194.jpg\"><img decoding=\"async\" class=\"alignnone size-large wp-image-4540\" src=\"https:\/\/blogsaverroes.juntadeandalucia.es\/ceipjoseramon\/files\/2020\/05\/IMG_6194-768x1024.jpg\" alt=\"\" width=\"660\" height=\"880\" srcset=\"https:\/\/blogsaverroes.juntadeandalucia.es\/ceipjoseramon\/files\/2020\/05\/IMG_6194-768x1024.jpg 768w, https:\/\/blogsaverroes.juntadeandalucia.es\/ceipjoseramon\/files\/2020\/05\/IMG_6194-225x300.jpg 225w, https:\/\/blogsaverroes.juntadeandalucia.es\/ceipjoseramon\/files\/2020\/05\/IMG_6194-700x933.jpg 700w, https:\/\/blogsaverroes.juntadeandalucia.es\/ceipjoseramon\/files\/2020\/05\/IMG_6194-332x443.jpg 332w, https:\/\/blogsaverroes.juntadeandalucia.es\/ceipjoseramon\/files\/2020\/05\/IMG_6194-18x24.jpg 18w, https:\/\/blogsaverroes.juntadeandalucia.es\/ceipjoseramon\/files\/2020\/05\/IMG_6194-27x36.jpg 27w, https:\/\/blogsaverroes.juntadeandalucia.es\/ceipjoseramon\/files\/2020\/05\/IMG_6194-36x48.jpg 36w, https:\/\/blogsaverroes.juntadeandalucia.es\/ceipjoseramon\/files\/2020\/05\/IMG_6194.jpg 960w\" sizes=\"(max-width: 660px) 100vw, 660px\" \/><\/a> <a href=\"https:\/\/blogsaverroes.juntadeandalucia.es\/ceipjoseramon\/files\/2020\/05\/IMG_6195.jpg\"><img loading=\"lazy\" decoding=\"async\" class=\"alignnone size-large wp-image-4541\" src=\"https:\/\/blogsaverroes.juntadeandalucia.es\/ceipjoseramon\/files\/2020\/05\/IMG_6195-768x1024.jpg\" alt=\"\" width=\"660\" height=\"880\" srcset=\"https:\/\/blogsaverroes.juntadeandalucia.es\/ceipjoseramon\/files\/2020\/05\/IMG_6195-768x1024.jpg 768w, https:\/\/blogsaverroes.juntadeandalucia.es\/ceipjoseramon\/files\/2020\/05\/IMG_6195-225x300.jpg 225w, https:\/\/blogsaverroes.juntadeandalucia.es\/ceipjoseramon\/files\/2020\/05\/IMG_6195-700x933.jpg 700w, https:\/\/blogsaverroes.juntadeandalucia.es\/ceipjoseramon\/files\/2020\/05\/IMG_6195-332x443.jpg 332w, https:\/\/blogsaverroes.juntadeandalucia.es\/ceipjoseramon\/files\/2020\/05\/IMG_6195-18x24.jpg 18w, https:\/\/blogsaverroes.juntadeandalucia.es\/ceipjoseramon\/files\/2020\/05\/IMG_6195-27x36.jpg 27w, https:\/\/blogsaverroes.juntadeandalucia.es\/ceipjoseramon\/files\/2020\/05\/IMG_6195-36x48.jpg 36w, https:\/\/blogsaverroes.juntadeandalucia.es\/ceipjoseramon\/files\/2020\/05\/IMG_6195.jpg 960w\" sizes=\"(max-width: 660px) 100vw, 660px\" \/><\/a> <a href=\"https:\/\/blogsaverroes.juntadeandalucia.es\/ceipjoseramon\/files\/2020\/05\/IMG_6196.jpg\"><img loading=\"lazy\" decoding=\"async\" class=\"alignnone size-large wp-image-4542\" src=\"https:\/\/blogsaverroes.juntadeandalucia.es\/ceipjoseramon\/files\/2020\/05\/IMG_6196-768x1024.jpg\" alt=\"\" width=\"660\" height=\"880\" srcset=\"https:\/\/blogsaverroes.juntadeandalucia.es\/ceipjoseramon\/files\/2020\/05\/IMG_6196-768x1024.jpg 768w, https:\/\/blogsaverroes.juntadeandalucia.es\/ceipjoseramon\/files\/2020\/05\/IMG_6196-225x300.jpg 225w, https:\/\/blogsaverroes.juntadeandalucia.es\/ceipjoseramon\/files\/2020\/05\/IMG_6196-700x933.jpg 700w, https:\/\/blogsaverroes.juntadeandalucia.es\/ceipjoseramon\/files\/2020\/05\/IMG_6196-332x443.jpg 332w, https:\/\/blogsaverroes.juntadeandalucia.es\/ceipjoseramon\/files\/2020\/05\/IMG_6196-18x24.jpg 18w, https:\/\/blogsaverroes.juntadeandalucia.es\/ceipjoseramon\/files\/2020\/05\/IMG_6196-27x36.jpg 27w, https:\/\/blogsaverroes.juntadeandalucia.es\/ceipjoseramon\/files\/2020\/05\/IMG_6196-36x48.jpg 36w, https:\/\/blogsaverroes.juntadeandalucia.es\/ceipjoseramon\/files\/2020\/05\/IMG_6196.jpg 1512w\" sizes=\"(max-width: 660px) 100vw, 660px\" \/><\/a><\/p>\n","protected":false},"excerpt":{"rendered":"<p>Mayo del 2020 de un curso \u201cnormal\u201d &nbsp; &nbsp; &nbsp;Nuestro cole se mueve a un ritmo fren\u00e9tico ultimando los detalles de nuestro Mercadillo Solidario. Este ser\u00eda nuestro 19 mercadillo. &nbsp; &nbsp; &nbsp;Se palpa la&#46;&#46;&#46;<\/p>\n","protected":false},"author":2537,"featured_media":4538,"comment_status":"open","ping_status":"open","sticky":false,"template":"","format":"standard","meta":{"ngg_post_thumbnail":0,"footnotes":""},"categories":[1903606,1903617,1903644],"tags":[1903647,1903646,1903645],"aioseo_notices":[],"_links":{"self":[{"href":"https:\/\/blogsaverroes.juntadeandalucia.es\/ceipjoseramon\/wp-json\/wp\/v2\/posts\/4537"}],"collection":[{"href":"https:\/\/blogsaverroes.juntadeandalucia.es\/ceipjoseramon\/wp-json\/wp\/v2\/posts"}],"about":[{"href":"https:\/\/blogsaverroes.juntadeandalucia.es\/ceipjoseramon\/wp-json\/wp\/v2\/types\/post"}],"author":[{"embeddable":true,"href":"https:\/\/blogsaverroes.juntadeandalucia.es\/ceipjoseramon\/wp-json\/wp\/v2\/users\/2537"}],"replies":[{"embeddable":true,"href":"https:\/\/blogsaverroes.juntadeandalucia.es\/ceipjoseramon\/wp-json\/wp\/v2\/comments?post=4537"}],"version-history":[{"count":1,"href":"https:\/\/blogsaverroes.juntadeandalucia.es\/ceipjoseramon\/wp-json\/wp\/v2\/posts\/4537\/revisions"}],"predecessor-version":[{"id":4544,"href":"https:\/\/blogsaverroes.juntadeandalucia.es\/ceipjoseramon\/wp-json\/wp\/v2\/posts\/4537\/revisions\/4544"}],"wp:featuredmedia":[{"embeddable":true,"href":"https:\/\/blogsaverroes.juntadeandalucia.es\/ceipjoseramon\/wp-json\/wp\/v2\/media\/4538"}],"wp:attachment":[{"href":"https:\/\/blogsaverroes.juntadeandalucia.es\/ceipjoseramon\/wp-json\/wp\/v2\/media?parent=4537"}],"wp:term":[{"taxonomy":"category","embeddable":true,"href":"https:\/\/blogsaverroes.juntadeandalucia.es\/ceipjoseramon\/wp-json\/wp\/v2\/categories?post=4537"},{"taxonomy":"post_tag","embeddable":true,"href":"https:\/\/blogsaverroes.juntadeandalucia.es\/ceipjoseramon\/wp-json\/wp\/v2\/tags?post=4537"}],"curies":[{"name":"wp","href":"https:\/\/api.w.org\/{rel}","templated":true}]}}