{"id":4565,"date":"2020-05-18T18:35:05","date_gmt":"2020-05-18T17:35:05","guid":{"rendered":"http:\/\/blogsaverroes.juntadeandalucia.es\/ceipjoseramon\/?p=4565"},"modified":"2020-05-18T18:35:05","modified_gmt":"2020-05-18T17:35:05","slug":"suena-cantando-de-pequeno-sonaba","status":"publish","type":"post","link":"https:\/\/blogsaverroes.juntadeandalucia.es\/ceipjoseramon\/suena-cantando-de-pequeno-sonaba\/","title":{"rendered":"Sue\u00f1a cantando: De peque\u00f1o so\u00f1aba"},"content":{"rendered":"<p>Se\u00f1oras y se\u00f1ores&#8230;ni\u00f1os y ni\u00f1as&#8230;Xuxo Ruiz y #sue\u00f1acantando tienen el gustazo de presentarles \u00abDe peque\u00f1o so\u00f1aba\u00bb.<br \/>\nEsperamos que lo disfrut\u00e9is al menos tanto como nosotros al hacerlo.<br \/>\nY ya sab\u00e9is, si os mola no dej\u00e9is de suscribiros al canal.<\/p>\n<p><iframe src=\"\/\/www.youtube.com\/embed\/4VkgDIErgE0\" width=\"560\" height=\"314\"><\/iframe><\/p>\n","protected":false},"excerpt":{"rendered":"<p>Se\u00f1oras y se\u00f1ores&#8230;ni\u00f1os y ni\u00f1as&#8230;Xuxo Ruiz y #sue\u00f1acantando tienen el gustazo de presentarles \u00abDe peque\u00f1o so\u00f1aba\u00bb. Esperamos que lo disfrut\u00e9is al menos tanto como nosotros al hacerlo. Y ya sab\u00e9is, si os mola no&#46;&#46;&#46;<\/p>\n","protected":false},"author":2537,"featured_media":4444,"comment_status":"open","ping_status":"open","sticky":false,"template":"","format":"standard","meta":{"ngg_post_thumbnail":0,"footnotes":""},"categories":[1903621,1903606,1903617],"tags":[1903634],"aioseo_notices":[],"_links":{"self":[{"href":"https:\/\/blogsaverroes.juntadeandalucia.es\/ceipjoseramon\/wp-json\/wp\/v2\/posts\/4565"}],"collection":[{"href":"https:\/\/blogsaverroes.juntadeandalucia.es\/ceipjoseramon\/wp-json\/wp\/v2\/posts"}],"about":[{"href":"https:\/\/blogsaverroes.juntadeandalucia.es\/ceipjoseramon\/wp-json\/wp\/v2\/types\/post"}],"author":[{"embeddable":true,"href":"https:\/\/blogsaverroes.juntadeandalucia.es\/ceipjoseramon\/wp-json\/wp\/v2\/users\/2537"}],"replies":[{"embeddable":true,"href":"https:\/\/blogsaverroes.juntadeandalucia.es\/ceipjoseramon\/wp-json\/wp\/v2\/comments?post=4565"}],"version-history":[{"count":1,"href":"https:\/\/blogsaverroes.juntadeandalucia.es\/ceipjoseramon\/wp-json\/wp\/v2\/posts\/4565\/revisions"}],"predecessor-version":[{"id":4566,"href":"https:\/\/blogsaverroes.juntadeandalucia.es\/ceipjoseramon\/wp-json\/wp\/v2\/posts\/4565\/revisions\/4566"}],"wp:featuredmedia":[{"embeddable":true,"href":"https:\/\/blogsaverroes.juntadeandalucia.es\/ceipjoseramon\/wp-json\/wp\/v2\/media\/4444"}],"wp:attachment":[{"href":"https:\/\/blogsaverroes.juntadeandalucia.es\/ceipjoseramon\/wp-json\/wp\/v2\/media?parent=4565"}],"wp:term":[{"taxonomy":"category","embeddable":true,"href":"https:\/\/blogsaverroes.juntadeandalucia.es\/ceipjoseramon\/wp-json\/wp\/v2\/categories?post=4565"},{"taxonomy":"post_tag","embeddable":true,"href":"https:\/\/blogsaverroes.juntadeandalucia.es\/ceipjoseramon\/wp-json\/wp\/v2\/tags?post=4565"}],"curies":[{"name":"wp","href":"https:\/\/api.w.org\/{rel}","templated":true}]}}