{"id":4598,"date":"2020-06-01T09:38:48","date_gmt":"2020-06-01T08:38:48","guid":{"rendered":"http:\/\/blogsaverroes.juntadeandalucia.es\/ceipjoseramon\/?p=4598"},"modified":"2020-06-01T09:38:48","modified_gmt":"2020-06-01T08:38:48","slug":"los-cientificos-del-jose-ramon","status":"publish","type":"post","link":"https:\/\/blogsaverroes.juntadeandalucia.es\/ceipjoseramon\/los-cientificos-del-jose-ramon\/","title":{"rendered":"LOS CIENT\u00cdFICOS DEL JOS\u00c9 RAM\u00d3N"},"content":{"rendered":"<div dir=\"ltr\" style=\"text-align: justify\">\u00abEn&nbsp; nuestro cole nos gusta hacer experimentos &#8230;en casa tambi\u00e9n se pueden hacer muchos con los materiales que dispongamos. Os proponemos uno muy sencillo para que lo llev\u00e9is a cabo.<\/div>\n<div dir=\"ltr\" style=\"text-align: justify\">&nbsp;<\/div>\n<div dir=\"ltr\" style=\"text-align: justify\">Este experimento est\u00e1 relacionado con el tema de la Materia y sus propiedades. Con \u00e9l podr\u00e9is comprobar que el aire ocupa un espacio aunque no lo veamos.<\/div>\n<div dir=\"ltr\" style=\"text-align: justify\">Hazlo en casa con tu familia porque es muy sencillo y divertido.\u00bb<\/div>\n<div dir=\"ltr\">&nbsp;<\/div>\n<div dir=\"ltr\"><a href=\"https:\/\/drive.google.com\/file\/d\/1vBBdvGFP8f50vCxGz-PEtG9EGSMpyHUh\/view?usp=sharing\" target=\"_blank\" rel=\"noopener noreferrer\">PINCHA EN ESTE ENLACE Y DESCUBRE EL EXPERIMENTO<\/a><\/div>\n<div dir=\"ltr\">&nbsp;<\/div>\n","protected":false},"excerpt":{"rendered":"<p>\u00abEn&nbsp; nuestro cole nos gusta hacer experimentos &#8230;en casa tambi\u00e9n se pueden hacer muchos con los materiales que dispongamos. Os proponemos uno muy sencillo para que lo llev\u00e9is a cabo. &nbsp; Este experimento est\u00e1&#46;&#46;&#46;<\/p>\n","protected":false},"author":2537,"featured_media":4599,"comment_status":"open","ping_status":"open","sticky":false,"template":"","format":"standard","meta":{"ngg_post_thumbnail":0,"footnotes":""},"categories":[1903606,1903617],"tags":[1903651],"aioseo_notices":[],"_links":{"self":[{"href":"https:\/\/blogsaverroes.juntadeandalucia.es\/ceipjoseramon\/wp-json\/wp\/v2\/posts\/4598"}],"collection":[{"href":"https:\/\/blogsaverroes.juntadeandalucia.es\/ceipjoseramon\/wp-json\/wp\/v2\/posts"}],"about":[{"href":"https:\/\/blogsaverroes.juntadeandalucia.es\/ceipjoseramon\/wp-json\/wp\/v2\/types\/post"}],"author":[{"embeddable":true,"href":"https:\/\/blogsaverroes.juntadeandalucia.es\/ceipjoseramon\/wp-json\/wp\/v2\/users\/2537"}],"replies":[{"embeddable":true,"href":"https:\/\/blogsaverroes.juntadeandalucia.es\/ceipjoseramon\/wp-json\/wp\/v2\/comments?post=4598"}],"version-history":[{"count":1,"href":"https:\/\/blogsaverroes.juntadeandalucia.es\/ceipjoseramon\/wp-json\/wp\/v2\/posts\/4598\/revisions"}],"predecessor-version":[{"id":4600,"href":"https:\/\/blogsaverroes.juntadeandalucia.es\/ceipjoseramon\/wp-json\/wp\/v2\/posts\/4598\/revisions\/4600"}],"wp:featuredmedia":[{"embeddable":true,"href":"https:\/\/blogsaverroes.juntadeandalucia.es\/ceipjoseramon\/wp-json\/wp\/v2\/media\/4599"}],"wp:attachment":[{"href":"https:\/\/blogsaverroes.juntadeandalucia.es\/ceipjoseramon\/wp-json\/wp\/v2\/media?parent=4598"}],"wp:term":[{"taxonomy":"category","embeddable":true,"href":"https:\/\/blogsaverroes.juntadeandalucia.es\/ceipjoseramon\/wp-json\/wp\/v2\/categories?post=4598"},{"taxonomy":"post_tag","embeddable":true,"href":"https:\/\/blogsaverroes.juntadeandalucia.es\/ceipjoseramon\/wp-json\/wp\/v2\/tags?post=4598"}],"curies":[{"name":"wp","href":"https:\/\/api.w.org\/{rel}","templated":true}]}}