{"id":4622,"date":"2020-06-18T08:36:23","date_gmt":"2020-06-18T07:36:23","guid":{"rendered":"http:\/\/blogsaverroes.juntadeandalucia.es\/ceipjoseramon\/?p=4622"},"modified":"2020-06-18T08:36:37","modified_gmt":"2020-06-18T07:36:37","slug":"informacion-final-del-curso-2020-2021","status":"publish","type":"post","link":"https:\/\/blogsaverroes.juntadeandalucia.es\/ceipjoseramon\/informacion-final-del-curso-2020-2021\/","title":{"rendered":"Informaci\u00f3n final del curso 2019-2020"},"content":{"rendered":"<p style=\"text-align: center\"><strong>ENTREGA DE NOTAS Y RECOGIDA DE LOS LIBROS DE TEXTO , DE BIBLIOTECA ,Y ENTREGA DE<\/strong><br \/>\n<strong>MATERIALES DEL ALUMNADO Y CHEQUE LIBROS A QUI\u00c9N LE CORRESPONDA<\/strong><\/p>\n<p style=\"text-align: center\"><strong>ENTREGA DE NOTAS<\/strong><\/p>\n<p style=\"text-align: justify\">Informamos que a partir del pr\u00f3ximo <strong>viernes d\u00eda 19 de junio<\/strong> se podr\u00e1 consultar en PASEN \/ iPASEN el bolet\u00edn de notas del alumnado del centro.<\/p>\n<p style=\"text-align: justify\">Una vez dentro de la aplicaci\u00f3n se accede a trav\u00e9s de Calificaciones &#8211; Ordinaria.<\/p>\n<p style=\"text-align: justify\">Hay profesores\/as que han realizado una serie de observaciones al alumnado, para lo que tendr\u00e1n que entrar en las distintas materias(matem\u00e1ticas, lengua castellana,&#8230; ) para revisar si existiera alg\u00fan comentario.<\/p>\n<p style=\"text-align: justify\">Por otra parte adjuntamos el <strong>calendario en el que las familias de cada curso podr\u00e1n acudir al centro<\/strong> para realizar las siguientes acciones:<\/p>\n<ul>\n<li style=\"text-align: justify\"><strong>Entrega de los libros de gratuidad<\/strong> (todo el alumnado excepto 1\u00ba y 2\u00ba).<\/li>\n<li style=\"text-align: justify\"><strong>Entrega de libros de la biblioteca<\/strong> (aquellas familias que tuvieran alg\u00fan libro a pr\u00e9stamo en casa).<\/li>\n<li><strong>Recogida de cheque-libro<\/strong> (alumnado que para el curso 2020-2021 vaya a cursar 1\u00ba o 2\u00ba de Primaria). Se recomienda traer bol\u00edgrafo propio. si alguna familia no pudiera acudir al centro en el momento asignado podr\u00e1 hacerlo otra persona autorizada para ello y firmar\u00e1 el recib\u00ed.<\/li>\n<li style=\"text-align: justify\"><strong>Recogida de los materiales del alumnado<\/strong> que se quedaron en el centro cuando se inici\u00f3 el confinamiento. La recogida y entrega de materiales se realizar\u00e1 en las aulas de cada alumno\/a. Si alguna familia no pudiera acudir al centro en el momento asignado podr\u00e1 hacerlo otra persona autorizada para ello.<\/li>\n<\/ul>\n<p><a href=\"https:\/\/drive.google.com\/file\/d\/110BLC9_plsoR0A59_7pX63Xs9AJOz4Ix\/view?usp=sharing\" target=\"_blank\" rel=\"noopener noreferrer\">PINCHA EN ESTE ENLACE PARA ACCEDER AL CALENDARIO<\/a><\/p>\n<p style=\"text-align: justify\"><strong>IMPORTANTE<\/strong>:S\u00f3lo acudir\u00e1 una persona por alumno\/a, es obligatorio el uso de mascarilla, la limpieza de manos antes de entrar en las aulas y respetar el itinerario marcado en el suelo de pasillos y escaleras, as\u00ed como el distanciamiento social.<\/p>\n<p style=\"text-align: justify\">Recordamos que no es momento para hacer tutor\u00edas , ya que es necesario respetar y cumplir el horario establecido para evitar aglomeraciones.<\/p>\n","protected":false},"excerpt":{"rendered":"<p>ENTREGA DE NOTAS Y RECOGIDA DE LOS LIBROS DE TEXTO , DE BIBLIOTECA ,Y ENTREGA DE MATERIALES DEL ALUMNADO Y CHEQUE LIBROS A QUI\u00c9N LE CORRESPONDA ENTREGA DE NOTAS Informamos que a partir del&#46;&#46;&#46;<\/p>\n","protected":false},"author":2537,"featured_media":4623,"comment_status":"open","ping_status":"open","sticky":false,"template":"","format":"standard","meta":{"ngg_post_thumbnail":0,"footnotes":""},"categories":[1903654,1903606,1903617],"tags":[1903655],"aioseo_notices":[],"_links":{"self":[{"href":"https:\/\/blogsaverroes.juntadeandalucia.es\/ceipjoseramon\/wp-json\/wp\/v2\/posts\/4622"}],"collection":[{"href":"https:\/\/blogsaverroes.juntadeandalucia.es\/ceipjoseramon\/wp-json\/wp\/v2\/posts"}],"about":[{"href":"https:\/\/blogsaverroes.juntadeandalucia.es\/ceipjoseramon\/wp-json\/wp\/v2\/types\/post"}],"author":[{"embeddable":true,"href":"https:\/\/blogsaverroes.juntadeandalucia.es\/ceipjoseramon\/wp-json\/wp\/v2\/users\/2537"}],"replies":[{"embeddable":true,"href":"https:\/\/blogsaverroes.juntadeandalucia.es\/ceipjoseramon\/wp-json\/wp\/v2\/comments?post=4622"}],"version-history":[{"count":2,"href":"https:\/\/blogsaverroes.juntadeandalucia.es\/ceipjoseramon\/wp-json\/wp\/v2\/posts\/4622\/revisions"}],"predecessor-version":[{"id":4625,"href":"https:\/\/blogsaverroes.juntadeandalucia.es\/ceipjoseramon\/wp-json\/wp\/v2\/posts\/4622\/revisions\/4625"}],"wp:featuredmedia":[{"embeddable":true,"href":"https:\/\/blogsaverroes.juntadeandalucia.es\/ceipjoseramon\/wp-json\/wp\/v2\/media\/4623"}],"wp:attachment":[{"href":"https:\/\/blogsaverroes.juntadeandalucia.es\/ceipjoseramon\/wp-json\/wp\/v2\/media?parent=4622"}],"wp:term":[{"taxonomy":"category","embeddable":true,"href":"https:\/\/blogsaverroes.juntadeandalucia.es\/ceipjoseramon\/wp-json\/wp\/v2\/categories?post=4622"},{"taxonomy":"post_tag","embeddable":true,"href":"https:\/\/blogsaverroes.juntadeandalucia.es\/ceipjoseramon\/wp-json\/wp\/v2\/tags?post=4622"}],"curies":[{"name":"wp","href":"https:\/\/api.w.org\/{rel}","templated":true}]}}