{"id":4626,"date":"2020-06-23T17:53:26","date_gmt":"2020-06-23T16:53:26","guid":{"rendered":"http:\/\/blogsaverroes.juntadeandalucia.es\/ceipjoseramon\/?p=4626"},"modified":"2020-06-23T17:53:26","modified_gmt":"2020-06-23T16:53:26","slug":"un-ultimo-esfuerzo","status":"publish","type":"post","link":"https:\/\/blogsaverroes.juntadeandalucia.es\/ceipjoseramon\/un-ultimo-esfuerzo\/","title":{"rendered":"Un \u00faltimo esfuerzo"},"content":{"rendered":"<p>Queridas familias: <strong>\u00a1GRACIAS!<\/strong><\/p>\n<div style=\"text-align: justify\">&nbsp; &nbsp; &nbsp;No quer\u00edamos dejar pasar la oportunidad de <strong>agradecer vuestra colaboraci\u00f3n<\/strong> con el Mercadillo Solidario. Este a\u00f1o <strong>hemos conseguido recaudar 1195 euros<\/strong> .<\/div>\n<div>&nbsp;<\/div>\n<div style=\"text-align: justify\">&nbsp; &nbsp; &nbsp;Aunque es muy buena cifra para los tiempos que corren &nbsp;<strong>todav\u00eda nos queda un poquit\u00edn para llegar a cubrir el salario de los 4 maestros<\/strong> de Kpandeda.<\/div>\n<div>&nbsp;<\/div>\n<div style=\"text-align: justify\">&nbsp; &nbsp; &nbsp;Por eso os recordamos que el n\u00famero de cuenta de Escolares sin fronteras est\u00e1 abierto a todas las aportaciones que pod\u00e1is hacer y cu\u00e1ndo quer\u00e1is.<\/div>\n<div>&nbsp;<\/div>\n<div><strong>ES60 0237 0307 1091 6515 9877 Caja Sur<\/strong><\/div>\n<div style=\"text-align: justify\"><strong>Concepto: Mercadillo CEIP Jos\u00e9 Ram\u00f3n<\/strong><\/div>\n<div><a href=\"https:\/\/blogsaverroes.juntadeandalucia.es\/ceipjoseramon\/files\/2020\/05\/IMG_6186.jpg\"><img fetchpriority=\"high\" decoding=\"async\" class=\"alignnone size-full wp-image-4539\" src=\"https:\/\/blogsaverroes.juntadeandalucia.es\/ceipjoseramon\/files\/2020\/05\/IMG_6186.jpg\" alt=\"\" width=\"540\" height=\"960\" srcset=\"https:\/\/blogsaverroes.juntadeandalucia.es\/ceipjoseramon\/files\/2020\/05\/IMG_6186.jpg 540w, https:\/\/blogsaverroes.juntadeandalucia.es\/ceipjoseramon\/files\/2020\/05\/IMG_6186-169x300.jpg 169w, https:\/\/blogsaverroes.juntadeandalucia.es\/ceipjoseramon\/files\/2020\/05\/IMG_6186-332x590.jpg 332w, https:\/\/blogsaverroes.juntadeandalucia.es\/ceipjoseramon\/files\/2020\/05\/IMG_6186-14x24.jpg 14w, https:\/\/blogsaverroes.juntadeandalucia.es\/ceipjoseramon\/files\/2020\/05\/IMG_6186-20x36.jpg 20w, https:\/\/blogsaverroes.juntadeandalucia.es\/ceipjoseramon\/files\/2020\/05\/IMG_6186-27x48.jpg 27w\" sizes=\"(max-width: 540px) 100vw, 540px\" \/><\/a> <a href=\"https:\/\/blogsaverroes.juntadeandalucia.es\/ceipjoseramon\/files\/2020\/05\/IMG_6194.jpg\"><img decoding=\"async\" class=\"alignnone size-large wp-image-4540\" src=\"https:\/\/blogsaverroes.juntadeandalucia.es\/ceipjoseramon\/files\/2020\/05\/IMG_6194-768x1024.jpg\" alt=\"\" width=\"660\" height=\"880\" srcset=\"https:\/\/blogsaverroes.juntadeandalucia.es\/ceipjoseramon\/files\/2020\/05\/IMG_6194-768x1024.jpg 768w, https:\/\/blogsaverroes.juntadeandalucia.es\/ceipjoseramon\/files\/2020\/05\/IMG_6194-225x300.jpg 225w, https:\/\/blogsaverroes.juntadeandalucia.es\/ceipjoseramon\/files\/2020\/05\/IMG_6194-700x933.jpg 700w, https:\/\/blogsaverroes.juntadeandalucia.es\/ceipjoseramon\/files\/2020\/05\/IMG_6194-332x443.jpg 332w, https:\/\/blogsaverroes.juntadeandalucia.es\/ceipjoseramon\/files\/2020\/05\/IMG_6194-18x24.jpg 18w, https:\/\/blogsaverroes.juntadeandalucia.es\/ceipjoseramon\/files\/2020\/05\/IMG_6194-27x36.jpg 27w, https:\/\/blogsaverroes.juntadeandalucia.es\/ceipjoseramon\/files\/2020\/05\/IMG_6194-36x48.jpg 36w, https:\/\/blogsaverroes.juntadeandalucia.es\/ceipjoseramon\/files\/2020\/05\/IMG_6194.jpg 960w\" sizes=\"(max-width: 660px) 100vw, 660px\" \/><\/a> <a href=\"https:\/\/blogsaverroes.juntadeandalucia.es\/ceipjoseramon\/files\/2020\/05\/IMG_6195.jpg\"><img decoding=\"async\" class=\"alignnone size-large wp-image-4541\" src=\"https:\/\/blogsaverroes.juntadeandalucia.es\/ceipjoseramon\/files\/2020\/05\/IMG_6195-768x1024.jpg\" alt=\"\" width=\"660\" height=\"880\" srcset=\"https:\/\/blogsaverroes.juntadeandalucia.es\/ceipjoseramon\/files\/2020\/05\/IMG_6195-768x1024.jpg 768w, https:\/\/blogsaverroes.juntadeandalucia.es\/ceipjoseramon\/files\/2020\/05\/IMG_6195-225x300.jpg 225w, https:\/\/blogsaverroes.juntadeandalucia.es\/ceipjoseramon\/files\/2020\/05\/IMG_6195-700x933.jpg 700w, https:\/\/blogsaverroes.juntadeandalucia.es\/ceipjoseramon\/files\/2020\/05\/IMG_6195-332x443.jpg 332w, https:\/\/blogsaverroes.juntadeandalucia.es\/ceipjoseramon\/files\/2020\/05\/IMG_6195-18x24.jpg 18w, https:\/\/blogsaverroes.juntadeandalucia.es\/ceipjoseramon\/files\/2020\/05\/IMG_6195-27x36.jpg 27w, https:\/\/blogsaverroes.juntadeandalucia.es\/ceipjoseramon\/files\/2020\/05\/IMG_6195-36x48.jpg 36w, https:\/\/blogsaverroes.juntadeandalucia.es\/ceipjoseramon\/files\/2020\/05\/IMG_6195.jpg 960w\" sizes=\"(max-width: 660px) 100vw, 660px\" \/><\/a> <a href=\"https:\/\/blogsaverroes.juntadeandalucia.es\/ceipjoseramon\/files\/2020\/05\/IMG_6196.jpg\"><img loading=\"lazy\" decoding=\"async\" class=\"alignnone size-large wp-image-4542\" src=\"https:\/\/blogsaverroes.juntadeandalucia.es\/ceipjoseramon\/files\/2020\/05\/IMG_6196-768x1024.jpg\" alt=\"\" width=\"660\" height=\"880\" srcset=\"https:\/\/blogsaverroes.juntadeandalucia.es\/ceipjoseramon\/files\/2020\/05\/IMG_6196-768x1024.jpg 768w, https:\/\/blogsaverroes.juntadeandalucia.es\/ceipjoseramon\/files\/2020\/05\/IMG_6196-225x300.jpg 225w, https:\/\/blogsaverroes.juntadeandalucia.es\/ceipjoseramon\/files\/2020\/05\/IMG_6196-700x933.jpg 700w, https:\/\/blogsaverroes.juntadeandalucia.es\/ceipjoseramon\/files\/2020\/05\/IMG_6196-332x443.jpg 332w, https:\/\/blogsaverroes.juntadeandalucia.es\/ceipjoseramon\/files\/2020\/05\/IMG_6196-18x24.jpg 18w, https:\/\/blogsaverroes.juntadeandalucia.es\/ceipjoseramon\/files\/2020\/05\/IMG_6196-27x36.jpg 27w, https:\/\/blogsaverroes.juntadeandalucia.es\/ceipjoseramon\/files\/2020\/05\/IMG_6196-36x48.jpg 36w, https:\/\/blogsaverroes.juntadeandalucia.es\/ceipjoseramon\/files\/2020\/05\/IMG_6196.jpg 1512w\" sizes=\"(max-width: 660px) 100vw, 660px\" \/><\/a> <a href=\"https:\/\/blogsaverroes.juntadeandalucia.es\/ceipjoseramon\/files\/2020\/05\/memorial-ESCOLARES-SIN-FRONTERAS-CEIP-JOS\u00c9-RAM\u00d3N.jpg\"><img loading=\"lazy\" decoding=\"async\" class=\"alignnone size-full wp-image-4543\" src=\"https:\/\/blogsaverroes.juntadeandalucia.es\/ceipjoseramon\/files\/2020\/05\/memorial-ESCOLARES-SIN-FRONTERAS-CEIP-JOS\u00c9-RAM\u00d3N.jpg\" alt=\"\" width=\"800\" height=\"560\" srcset=\"https:\/\/blogsaverroes.juntadeandalucia.es\/ceipjoseramon\/files\/2020\/05\/memorial-ESCOLARES-SIN-FRONTERAS-CEIP-JOS\u00c9-RAM\u00d3N.jpg 800w, https:\/\/blogsaverroes.juntadeandalucia.es\/ceipjoseramon\/files\/2020\/05\/memorial-ESCOLARES-SIN-FRONTERAS-CEIP-JOS\u00c9-RAM\u00d3N-300x210.jpg 300w, https:\/\/blogsaverroes.juntadeandalucia.es\/ceipjoseramon\/files\/2020\/05\/memorial-ESCOLARES-SIN-FRONTERAS-CEIP-JOS\u00c9-RAM\u00d3N-768x538.jpg 768w, https:\/\/blogsaverroes.juntadeandalucia.es\/ceipjoseramon\/files\/2020\/05\/memorial-ESCOLARES-SIN-FRONTERAS-CEIP-JOS\u00c9-RAM\u00d3N-700x490.jpg 700w, https:\/\/blogsaverroes.juntadeandalucia.es\/ceipjoseramon\/files\/2020\/05\/memorial-ESCOLARES-SIN-FRONTERAS-CEIP-JOS\u00c9-RAM\u00d3N-332x232.jpg 332w, https:\/\/blogsaverroes.juntadeandalucia.es\/ceipjoseramon\/files\/2020\/05\/memorial-ESCOLARES-SIN-FRONTERAS-CEIP-JOS\u00c9-RAM\u00d3N-24x17.jpg 24w, https:\/\/blogsaverroes.juntadeandalucia.es\/ceipjoseramon\/files\/2020\/05\/memorial-ESCOLARES-SIN-FRONTERAS-CEIP-JOS\u00c9-RAM\u00d3N-36x25.jpg 36w, https:\/\/blogsaverroes.juntadeandalucia.es\/ceipjoseramon\/files\/2020\/05\/memorial-ESCOLARES-SIN-FRONTERAS-CEIP-JOS\u00c9-RAM\u00d3N-48x34.jpg 48w\" sizes=\"(max-width: 800px) 100vw, 800px\" \/><\/a><\/div>\n","protected":false},"excerpt":{"rendered":"<p>Queridas familias: \u00a1GRACIAS! &nbsp; &nbsp; &nbsp;No quer\u00edamos dejar pasar la oportunidad de agradecer vuestra colaboraci\u00f3n con el Mercadillo Solidario. Este a\u00f1o hemos conseguido recaudar 1195 euros . &nbsp; &nbsp; &nbsp; &nbsp;Aunque es muy buena&#46;&#46;&#46;<\/p>\n","protected":false},"author":2537,"featured_media":4538,"comment_status":"open","ping_status":"open","sticky":false,"template":"","format":"standard","meta":{"ngg_post_thumbnail":0,"footnotes":""},"categories":[1903606,1903617],"tags":[1903646],"aioseo_notices":[],"_links":{"self":[{"href":"https:\/\/blogsaverroes.juntadeandalucia.es\/ceipjoseramon\/wp-json\/wp\/v2\/posts\/4626"}],"collection":[{"href":"https:\/\/blogsaverroes.juntadeandalucia.es\/ceipjoseramon\/wp-json\/wp\/v2\/posts"}],"about":[{"href":"https:\/\/blogsaverroes.juntadeandalucia.es\/ceipjoseramon\/wp-json\/wp\/v2\/types\/post"}],"author":[{"embeddable":true,"href":"https:\/\/blogsaverroes.juntadeandalucia.es\/ceipjoseramon\/wp-json\/wp\/v2\/users\/2537"}],"replies":[{"embeddable":true,"href":"https:\/\/blogsaverroes.juntadeandalucia.es\/ceipjoseramon\/wp-json\/wp\/v2\/comments?post=4626"}],"version-history":[{"count":1,"href":"https:\/\/blogsaverroes.juntadeandalucia.es\/ceipjoseramon\/wp-json\/wp\/v2\/posts\/4626\/revisions"}],"predecessor-version":[{"id":4627,"href":"https:\/\/blogsaverroes.juntadeandalucia.es\/ceipjoseramon\/wp-json\/wp\/v2\/posts\/4626\/revisions\/4627"}],"wp:featuredmedia":[{"embeddable":true,"href":"https:\/\/blogsaverroes.juntadeandalucia.es\/ceipjoseramon\/wp-json\/wp\/v2\/media\/4538"}],"wp:attachment":[{"href":"https:\/\/blogsaverroes.juntadeandalucia.es\/ceipjoseramon\/wp-json\/wp\/v2\/media?parent=4626"}],"wp:term":[{"taxonomy":"category","embeddable":true,"href":"https:\/\/blogsaverroes.juntadeandalucia.es\/ceipjoseramon\/wp-json\/wp\/v2\/categories?post=4626"},{"taxonomy":"post_tag","embeddable":true,"href":"https:\/\/blogsaverroes.juntadeandalucia.es\/ceipjoseramon\/wp-json\/wp\/v2\/tags?post=4626"}],"curies":[{"name":"wp","href":"https:\/\/api.w.org\/{rel}","templated":true}]}}