{"id":4630,"date":"2020-06-29T08:39:57","date_gmt":"2020-06-29T07:39:57","guid":{"rendered":"http:\/\/blogsaverroes.juntadeandalucia.es\/ceipjoseramon\/?p=4630"},"modified":"2020-06-29T09:16:18","modified_gmt":"2020-06-29T08:16:18","slug":"recreos-libres-de-residuos","status":"publish","type":"post","link":"https:\/\/blogsaverroes.juntadeandalucia.es\/ceipjoseramon\/recreos-libres-de-residuos\/","title":{"rendered":"Recreos libres de residuos"},"content":{"rendered":"<p style=\"text-align: justify\">&nbsp; &nbsp; &nbsp; Desde el Ministerio para la Transici\u00f3n Ecol\u00f3gica y el Reto Demogr\u00e1fico se nos concede un diploma por nuestra participaci\u00f3n en el programa RECREOS RESIDUOS CERO 2019-2020, un ejemplo m\u00e1s de la implicaci\u00f3n de nuestro centro con el desarrollo sostenible y la lucha contra el cambio clim\u00e1tico. Enhorabuena a nuestros ni\u00f1os y ni\u00f1as.&nbsp;<\/p>\n<p><a href=\"https:\/\/blogsaverroes.juntadeandalucia.es\/ceipjoseramon\/files\/2020\/06\/DIPLOMA-RECREOS-CERO-RESIDUOS.jpg\"><img fetchpriority=\"high\" decoding=\"async\" class=\"size-large wp-image-4631 aligncenter\" src=\"https:\/\/blogsaverroes.juntadeandalucia.es\/ceipjoseramon\/files\/2020\/06\/DIPLOMA-RECREOS-CERO-RESIDUOS-1024x724.jpg\" alt=\"\" width=\"660\" height=\"467\" srcset=\"https:\/\/blogsaverroes.juntadeandalucia.es\/ceipjoseramon\/files\/2020\/06\/DIPLOMA-RECREOS-CERO-RESIDUOS-1024x724.jpg 1024w, https:\/\/blogsaverroes.juntadeandalucia.es\/ceipjoseramon\/files\/2020\/06\/DIPLOMA-RECREOS-CERO-RESIDUOS-300x212.jpg 300w, https:\/\/blogsaverroes.juntadeandalucia.es\/ceipjoseramon\/files\/2020\/06\/DIPLOMA-RECREOS-CERO-RESIDUOS-768x543.jpg 768w, https:\/\/blogsaverroes.juntadeandalucia.es\/ceipjoseramon\/files\/2020\/06\/DIPLOMA-RECREOS-CERO-RESIDUOS-700x495.jpg 700w, https:\/\/blogsaverroes.juntadeandalucia.es\/ceipjoseramon\/files\/2020\/06\/DIPLOMA-RECREOS-CERO-RESIDUOS-332x235.jpg 332w, https:\/\/blogsaverroes.juntadeandalucia.es\/ceipjoseramon\/files\/2020\/06\/DIPLOMA-RECREOS-CERO-RESIDUOS-24x17.jpg 24w, https:\/\/blogsaverroes.juntadeandalucia.es\/ceipjoseramon\/files\/2020\/06\/DIPLOMA-RECREOS-CERO-RESIDUOS-36x25.jpg 36w, https:\/\/blogsaverroes.juntadeandalucia.es\/ceipjoseramon\/files\/2020\/06\/DIPLOMA-RECREOS-CERO-RESIDUOS-48x34.jpg 48w, https:\/\/blogsaverroes.juntadeandalucia.es\/ceipjoseramon\/files\/2020\/06\/DIPLOMA-RECREOS-CERO-RESIDUOS.jpg 1755w\" sizes=\"(max-width: 660px) 100vw, 660px\" \/><\/a><\/p>\n","protected":false},"excerpt":{"rendered":"<p>&nbsp; &nbsp; &nbsp; Desde el Ministerio para la Transici\u00f3n Ecol\u00f3gica y el Reto Demogr\u00e1fico se nos concede un diploma por nuestra participaci\u00f3n en el programa RECREOS RESIDUOS CERO 2019-2020, un ejemplo m\u00e1s de la&#46;&#46;&#46;<\/p>\n","protected":false},"author":2537,"featured_media":4631,"comment_status":"open","ping_status":"open","sticky":false,"template":"","format":"standard","meta":{"ngg_post_thumbnail":0,"footnotes":""},"categories":[1903621,1903606],"tags":[],"aioseo_notices":[],"_links":{"self":[{"href":"https:\/\/blogsaverroes.juntadeandalucia.es\/ceipjoseramon\/wp-json\/wp\/v2\/posts\/4630"}],"collection":[{"href":"https:\/\/blogsaverroes.juntadeandalucia.es\/ceipjoseramon\/wp-json\/wp\/v2\/posts"}],"about":[{"href":"https:\/\/blogsaverroes.juntadeandalucia.es\/ceipjoseramon\/wp-json\/wp\/v2\/types\/post"}],"author":[{"embeddable":true,"href":"https:\/\/blogsaverroes.juntadeandalucia.es\/ceipjoseramon\/wp-json\/wp\/v2\/users\/2537"}],"replies":[{"embeddable":true,"href":"https:\/\/blogsaverroes.juntadeandalucia.es\/ceipjoseramon\/wp-json\/wp\/v2\/comments?post=4630"}],"version-history":[{"count":4,"href":"https:\/\/blogsaverroes.juntadeandalucia.es\/ceipjoseramon\/wp-json\/wp\/v2\/posts\/4630\/revisions"}],"predecessor-version":[{"id":4635,"href":"https:\/\/blogsaverroes.juntadeandalucia.es\/ceipjoseramon\/wp-json\/wp\/v2\/posts\/4630\/revisions\/4635"}],"wp:featuredmedia":[{"embeddable":true,"href":"https:\/\/blogsaverroes.juntadeandalucia.es\/ceipjoseramon\/wp-json\/wp\/v2\/media\/4631"}],"wp:attachment":[{"href":"https:\/\/blogsaverroes.juntadeandalucia.es\/ceipjoseramon\/wp-json\/wp\/v2\/media?parent=4630"}],"wp:term":[{"taxonomy":"category","embeddable":true,"href":"https:\/\/blogsaverroes.juntadeandalucia.es\/ceipjoseramon\/wp-json\/wp\/v2\/categories?post=4630"},{"taxonomy":"post_tag","embeddable":true,"href":"https:\/\/blogsaverroes.juntadeandalucia.es\/ceipjoseramon\/wp-json\/wp\/v2\/tags?post=4630"}],"curies":[{"name":"wp","href":"https:\/\/api.w.org\/{rel}","templated":true}]}}