{"id":4644,"date":"2020-07-09T15:56:49","date_gmt":"2020-07-09T14:56:49","guid":{"rendered":"http:\/\/blogsaverroes.juntadeandalucia.es\/ceipjoseramon\/?p=4644"},"modified":"2020-07-09T15:56:49","modified_gmt":"2020-07-09T14:56:49","slug":"despedida-curso-19-20","status":"publish","type":"post","link":"https:\/\/blogsaverroes.juntadeandalucia.es\/ceipjoseramon\/despedida-curso-19-20\/","title":{"rendered":"DESPEDIDA CURSO 19-20"},"content":{"rendered":"<p style=\"text-align: justify\">&nbsp; &nbsp; &nbsp;\u201cYa con el curso terminado no queremos dejar pasar la oportunidad de agradecer a las familias de nuestro centro su apoyo, comprensi\u00f3n y respaldo al profesorado . No ha sido una tarea f\u00e1cil , donde hemos puesto todo nuestro empe\u00f1o en dar respuesta a las necesidades que se han ido planteando .<\/p>\n<p style=\"text-align: justify\">\n&nbsp; &nbsp; &nbsp;Tambi\u00e9n queremos FELICITAR con may\u00fasculas a nuestro alumnado , por su esfuerzo, ganas, inter\u00e9s ,&#8230; ellos han sido nuestro est\u00edmulo y mayor preocupaci\u00f3n.<\/p>\n<p style=\"text-align: justify\">\n&nbsp; &nbsp; &nbsp;Nos nos olvidamos de los alumnos y alumnas que nos dejan . Esperamos que vuestra trayectoria en el CEIP Jos\u00e9 Ram\u00f3n os haya ayudado a enriqueceros como personas &#8230;siempre formar\u00e9is parte de nuestra historia .<\/p>\n<p>Esperamos que pas\u00e9is un feliz verano.\u201d<\/p>\n","protected":false},"excerpt":{"rendered":"<p>&nbsp; &nbsp; &nbsp;\u201cYa con el curso terminado no queremos dejar pasar la oportunidad de agradecer a las familias de nuestro centro su apoyo, comprensi\u00f3n y respaldo al profesorado . No ha sido una tarea&#46;&#46;&#46;<\/p>\n","protected":false},"author":2537,"featured_media":3867,"comment_status":"open","ping_status":"open","sticky":false,"template":"","format":"standard","meta":{"ngg_post_thumbnail":0,"footnotes":""},"categories":[1903606],"tags":[1903657],"aioseo_notices":[],"_links":{"self":[{"href":"https:\/\/blogsaverroes.juntadeandalucia.es\/ceipjoseramon\/wp-json\/wp\/v2\/posts\/4644"}],"collection":[{"href":"https:\/\/blogsaverroes.juntadeandalucia.es\/ceipjoseramon\/wp-json\/wp\/v2\/posts"}],"about":[{"href":"https:\/\/blogsaverroes.juntadeandalucia.es\/ceipjoseramon\/wp-json\/wp\/v2\/types\/post"}],"author":[{"embeddable":true,"href":"https:\/\/blogsaverroes.juntadeandalucia.es\/ceipjoseramon\/wp-json\/wp\/v2\/users\/2537"}],"replies":[{"embeddable":true,"href":"https:\/\/blogsaverroes.juntadeandalucia.es\/ceipjoseramon\/wp-json\/wp\/v2\/comments?post=4644"}],"version-history":[{"count":1,"href":"https:\/\/blogsaverroes.juntadeandalucia.es\/ceipjoseramon\/wp-json\/wp\/v2\/posts\/4644\/revisions"}],"predecessor-version":[{"id":4645,"href":"https:\/\/blogsaverroes.juntadeandalucia.es\/ceipjoseramon\/wp-json\/wp\/v2\/posts\/4644\/revisions\/4645"}],"wp:featuredmedia":[{"embeddable":true,"href":"https:\/\/blogsaverroes.juntadeandalucia.es\/ceipjoseramon\/wp-json\/wp\/v2\/media\/3867"}],"wp:attachment":[{"href":"https:\/\/blogsaverroes.juntadeandalucia.es\/ceipjoseramon\/wp-json\/wp\/v2\/media?parent=4644"}],"wp:term":[{"taxonomy":"category","embeddable":true,"href":"https:\/\/blogsaverroes.juntadeandalucia.es\/ceipjoseramon\/wp-json\/wp\/v2\/categories?post=4644"},{"taxonomy":"post_tag","embeddable":true,"href":"https:\/\/blogsaverroes.juntadeandalucia.es\/ceipjoseramon\/wp-json\/wp\/v2\/tags?post=4644"}],"curies":[{"name":"wp","href":"https:\/\/api.w.org\/{rel}","templated":true}]}}