{"id":4647,"date":"2020-07-27T19:50:56","date_gmt":"2020-07-27T18:50:56","guid":{"rendered":"http:\/\/blogsaverroes.juntadeandalucia.es\/ceipjoseramon\/?p=4647"},"modified":"2020-07-27T19:56:16","modified_gmt":"2020-07-27T18:56:16","slug":"comunicado-direcciones-de-los-centros-de-alcala","status":"publish","type":"post","link":"https:\/\/blogsaverroes.juntadeandalucia.es\/ceipjoseramon\/comunicado-direcciones-de-los-centros-de-alcala\/","title":{"rendered":"COMUNICADO DIRECCIONES DE LOS CENTROS DE ALCAL\u00c1"},"content":{"rendered":"<p style=\"text-align: justify\">&nbsp; &nbsp; &nbsp;Como siempre queremos que nuestras familias est\u00e9n lo m\u00e1s informadas posible, y con una informaci\u00f3n directa, veraz y contrastada. Es por ello, que ante las instrucciones emitidas por la consejer\u00eda de Educaci\u00f3n para el inicio del curso 2020-2021, debemos comunicaros que nos estamos encontrando con muchas dificultades para poder desarrollar dichas instrucciones y organizar nuestro centro de forma que podamos cumplir con estas instrucciones.<\/p>\n<p style=\"text-align: justify\">&nbsp; &nbsp; &nbsp;Nuestro colegio no es un caso particular, sino que en todos los centros de la localidad se est\u00e1 dando esta problem\u00e1tica, aunque en cada caso con sus peculiaridades porque nunca hay dos centros exactamente iguales. Ante esta situaci\u00f3n los directores y directoras de los centros de Alcal\u00e1 de Guada\u00edra emiten el siguiente comunicado destinado a la comunidad educativa.<\/p>\n<p style=\"text-align: justify\"><a href=\"https:\/\/drive.google.com\/file\/d\/13Tm4hP99Xe0BPa9zGE7iOslMn2D2iuxh\/view?usp=sharing\" target=\"_blank\" rel=\"noopener noreferrer\">PINCHA EN ESTE ENLACE PARA ACCEDER AL DOCUMENTO<\/a><\/p>\n<p>Un saludo familias<\/p>\n","protected":false},"excerpt":{"rendered":"<p>&nbsp; &nbsp; &nbsp;Como siempre queremos que nuestras familias est\u00e9n lo m\u00e1s informadas posible, y con una informaci\u00f3n directa, veraz y contrastada. Es por ello, que ante las instrucciones emitidas por la consejer\u00eda de Educaci\u00f3n&#46;&#46;&#46;<\/p>\n","protected":false},"author":2537,"featured_media":4511,"comment_status":"open","ping_status":"open","sticky":false,"template":"","format":"standard","meta":{"ngg_post_thumbnail":0,"footnotes":""},"categories":[1903654,1903606],"tags":[],"aioseo_notices":[],"_links":{"self":[{"href":"https:\/\/blogsaverroes.juntadeandalucia.es\/ceipjoseramon\/wp-json\/wp\/v2\/posts\/4647"}],"collection":[{"href":"https:\/\/blogsaverroes.juntadeandalucia.es\/ceipjoseramon\/wp-json\/wp\/v2\/posts"}],"about":[{"href":"https:\/\/blogsaverroes.juntadeandalucia.es\/ceipjoseramon\/wp-json\/wp\/v2\/types\/post"}],"author":[{"embeddable":true,"href":"https:\/\/blogsaverroes.juntadeandalucia.es\/ceipjoseramon\/wp-json\/wp\/v2\/users\/2537"}],"replies":[{"embeddable":true,"href":"https:\/\/blogsaverroes.juntadeandalucia.es\/ceipjoseramon\/wp-json\/wp\/v2\/comments?post=4647"}],"version-history":[{"count":3,"href":"https:\/\/blogsaverroes.juntadeandalucia.es\/ceipjoseramon\/wp-json\/wp\/v2\/posts\/4647\/revisions"}],"predecessor-version":[{"id":4650,"href":"https:\/\/blogsaverroes.juntadeandalucia.es\/ceipjoseramon\/wp-json\/wp\/v2\/posts\/4647\/revisions\/4650"}],"wp:featuredmedia":[{"embeddable":true,"href":"https:\/\/blogsaverroes.juntadeandalucia.es\/ceipjoseramon\/wp-json\/wp\/v2\/media\/4511"}],"wp:attachment":[{"href":"https:\/\/blogsaverroes.juntadeandalucia.es\/ceipjoseramon\/wp-json\/wp\/v2\/media?parent=4647"}],"wp:term":[{"taxonomy":"category","embeddable":true,"href":"https:\/\/blogsaverroes.juntadeandalucia.es\/ceipjoseramon\/wp-json\/wp\/v2\/categories?post=4647"},{"taxonomy":"post_tag","embeddable":true,"href":"https:\/\/blogsaverroes.juntadeandalucia.es\/ceipjoseramon\/wp-json\/wp\/v2\/tags?post=4647"}],"curies":[{"name":"wp","href":"https:\/\/api.w.org\/{rel}","templated":true}]}}