{"id":4825,"date":"2021-02-11T19:21:36","date_gmt":"2021-02-11T18:21:36","guid":{"rendered":"http:\/\/blogsaverroes.juntadeandalucia.es\/ceipjoseramon\/?p=4825"},"modified":"2021-02-11T19:25:11","modified_gmt":"2021-02-11T18:25:11","slug":"the-animal-world","status":"publish","type":"post","link":"https:\/\/blogsaverroes.juntadeandalucia.es\/ceipjoseramon\/the-animal-world\/","title":{"rendered":"THE ANIMAL WORLD"},"content":{"rendered":"<p style=\"text-align: justify\">El nivel de 3\u00b0 de Educaci\u00f3n Primaria ha estado trabajando el tema de los animales. Han trabajado su descripci\u00f3n, clasificaci\u00f3n y caracter\u00edsticas. Se trata de un trabajo conjunto en las \u00e1reas de ciencias naturales e Ingl\u00e9s.<\/p>\n<p style=\"text-align: justify\">Os dejamos el libro de los animales con las descripciones que han realizado.<br \/>\n\u00a1Esperamos que os guste tanto como ellos han disfrutando haci\u00e9ndolo!<\/p>\n<p>PINCHA EN EL ENLACE PARA VER <a href=\"https:\/\/drive.google.com\/file\/d\/1tC3xERhw3_1APpLcaQRkyuhFbXSAk7uK\/view?usp=sharing\" target=\"_blank\" rel=\"noopener noreferrer\">\u00abTHE ANIMAL WORLD\u00bb<\/a><\/p>\n","protected":false},"excerpt":{"rendered":"<p>El nivel de 3\u00b0 de Educaci\u00f3n Primaria ha estado trabajando el tema de los animales. Han trabajado su descripci\u00f3n, clasificaci\u00f3n y caracter\u00edsticas. Se trata de un trabajo conjunto en las \u00e1reas de ciencias naturales&#46;&#46;&#46;<\/p>\n","protected":false},"author":2537,"featured_media":4826,"comment_status":"open","ping_status":"open","sticky":false,"template":"","format":"standard","meta":{"ngg_post_thumbnail":0,"footnotes":""},"categories":[1903682,1903658],"tags":[1903684,1903683],"aioseo_notices":[],"_links":{"self":[{"href":"https:\/\/blogsaverroes.juntadeandalucia.es\/ceipjoseramon\/wp-json\/wp\/v2\/posts\/4825"}],"collection":[{"href":"https:\/\/blogsaverroes.juntadeandalucia.es\/ceipjoseramon\/wp-json\/wp\/v2\/posts"}],"about":[{"href":"https:\/\/blogsaverroes.juntadeandalucia.es\/ceipjoseramon\/wp-json\/wp\/v2\/types\/post"}],"author":[{"embeddable":true,"href":"https:\/\/blogsaverroes.juntadeandalucia.es\/ceipjoseramon\/wp-json\/wp\/v2\/users\/2537"}],"replies":[{"embeddable":true,"href":"https:\/\/blogsaverroes.juntadeandalucia.es\/ceipjoseramon\/wp-json\/wp\/v2\/comments?post=4825"}],"version-history":[{"count":3,"href":"https:\/\/blogsaverroes.juntadeandalucia.es\/ceipjoseramon\/wp-json\/wp\/v2\/posts\/4825\/revisions"}],"predecessor-version":[{"id":4829,"href":"https:\/\/blogsaverroes.juntadeandalucia.es\/ceipjoseramon\/wp-json\/wp\/v2\/posts\/4825\/revisions\/4829"}],"wp:featuredmedia":[{"embeddable":true,"href":"https:\/\/blogsaverroes.juntadeandalucia.es\/ceipjoseramon\/wp-json\/wp\/v2\/media\/4826"}],"wp:attachment":[{"href":"https:\/\/blogsaverroes.juntadeandalucia.es\/ceipjoseramon\/wp-json\/wp\/v2\/media?parent=4825"}],"wp:term":[{"taxonomy":"category","embeddable":true,"href":"https:\/\/blogsaverroes.juntadeandalucia.es\/ceipjoseramon\/wp-json\/wp\/v2\/categories?post=4825"},{"taxonomy":"post_tag","embeddable":true,"href":"https:\/\/blogsaverroes.juntadeandalucia.es\/ceipjoseramon\/wp-json\/wp\/v2\/tags?post=4825"}],"curies":[{"name":"wp","href":"https:\/\/api.w.org\/{rel}","templated":true}]}}