{"id":4867,"date":"2021-03-03T11:47:01","date_gmt":"2021-03-03T10:47:01","guid":{"rendered":"http:\/\/blogsaverroes.juntadeandalucia.es\/ceipjoseramon\/?p=4867"},"modified":"2021-03-03T11:48:10","modified_gmt":"2021-03-03T10:48:10","slug":"carnaval-carnaval-2021","status":"publish","type":"post","link":"https:\/\/blogsaverroes.juntadeandalucia.es\/ceipjoseramon\/carnaval-carnaval-2021\/","title":{"rendered":"CARNAVAL , CARNAVAL !!!"},"content":{"rendered":"<p style=\"text-align: justify\">Nuestros ni\u00f1os y ni\u00f1as de 3 a\u00f1os han decorado los pasillos de Infantil animando a celebrar esta fiesta tan divertida.<br \/>\nAs\u00ed nos hemos contagiado de la ilusi\u00f3n y alegr\u00eda disfraz\u00e1ndonos todo el alumnado de Infantil y maestr@s pasando un d\u00eda genial.<\/p>\n<p style=\"text-align: justify\">#ceipjoseramon #educacioninfantil #carnaval #alcaladeguadaira<\/p>\n<p>Haz click en la imagen y disfruta.<a href=\"https:\/\/view.genial.ly\/6036b0e294302b0d8bd3a999\" target=\"_blank\" rel=\"noopener noreferrer\"><br \/>\n<img decoding=\"async\" class=\"aligncenter wp-image-4868 size-thumbnail\" src=\"https:\/\/blogsaverroes.juntadeandalucia.es\/ceipjoseramon\/files\/2021\/03\/Captura-de-pantalla-10-150x150.png\" alt=\"\" width=\"150\" height=\"150\" srcset=\"https:\/\/blogsaverroes.juntadeandalucia.es\/ceipjoseramon\/files\/2021\/03\/Captura-de-pantalla-10-150x150.png 150w, https:\/\/blogsaverroes.juntadeandalucia.es\/ceipjoseramon\/files\/2021\/03\/Captura-de-pantalla-10-432x432.png 432w, https:\/\/blogsaverroes.juntadeandalucia.es\/ceipjoseramon\/files\/2021\/03\/Captura-de-pantalla-10-268x268.png 268w\" sizes=\"(max-width: 150px) 100vw, 150px\" \/><\/a><\/p>\n<p>&nbsp;<\/p>\n","protected":false},"excerpt":{"rendered":"<p>Nuestros ni\u00f1os y ni\u00f1as de 3 a\u00f1os han decorado los pasillos de Infantil animando a celebrar esta fiesta tan divertida. As\u00ed nos hemos contagiado de la ilusi\u00f3n y alegr\u00eda disfraz\u00e1ndonos todo el alumnado de&#46;&#46;&#46;<\/p>\n","protected":false},"author":2537,"featured_media":4868,"comment_status":"open","ping_status":"open","sticky":false,"template":"","format":"standard","meta":{"ngg_post_thumbnail":0,"footnotes":""},"categories":[11909],"tags":[],"aioseo_notices":[],"_links":{"self":[{"href":"https:\/\/blogsaverroes.juntadeandalucia.es\/ceipjoseramon\/wp-json\/wp\/v2\/posts\/4867"}],"collection":[{"href":"https:\/\/blogsaverroes.juntadeandalucia.es\/ceipjoseramon\/wp-json\/wp\/v2\/posts"}],"about":[{"href":"https:\/\/blogsaverroes.juntadeandalucia.es\/ceipjoseramon\/wp-json\/wp\/v2\/types\/post"}],"author":[{"embeddable":true,"href":"https:\/\/blogsaverroes.juntadeandalucia.es\/ceipjoseramon\/wp-json\/wp\/v2\/users\/2537"}],"replies":[{"embeddable":true,"href":"https:\/\/blogsaverroes.juntadeandalucia.es\/ceipjoseramon\/wp-json\/wp\/v2\/comments?post=4867"}],"version-history":[{"count":3,"href":"https:\/\/blogsaverroes.juntadeandalucia.es\/ceipjoseramon\/wp-json\/wp\/v2\/posts\/4867\/revisions"}],"predecessor-version":[{"id":4871,"href":"https:\/\/blogsaverroes.juntadeandalucia.es\/ceipjoseramon\/wp-json\/wp\/v2\/posts\/4867\/revisions\/4871"}],"wp:featuredmedia":[{"embeddable":true,"href":"https:\/\/blogsaverroes.juntadeandalucia.es\/ceipjoseramon\/wp-json\/wp\/v2\/media\/4868"}],"wp:attachment":[{"href":"https:\/\/blogsaverroes.juntadeandalucia.es\/ceipjoseramon\/wp-json\/wp\/v2\/media?parent=4867"}],"wp:term":[{"taxonomy":"category","embeddable":true,"href":"https:\/\/blogsaverroes.juntadeandalucia.es\/ceipjoseramon\/wp-json\/wp\/v2\/categories?post=4867"},{"taxonomy":"post_tag","embeddable":true,"href":"https:\/\/blogsaverroes.juntadeandalucia.es\/ceipjoseramon\/wp-json\/wp\/v2\/tags?post=4867"}],"curies":[{"name":"wp","href":"https:\/\/api.w.org\/{rel}","templated":true}]}}