{"id":5002,"date":"2021-12-21T18:25:09","date_gmt":"2021-12-21T17:25:09","guid":{"rendered":"http:\/\/blogsaverroes.juntadeandalucia.es\/ceipjoseramon\/?p=5002"},"modified":"2021-12-21T18:32:40","modified_gmt":"2021-12-21T17:32:40","slug":"felicitacion-navidena-2021","status":"publish","type":"post","link":"https:\/\/blogsaverroes.juntadeandalucia.es\/ceipjoseramon\/felicitacion-navidena-2021\/","title":{"rendered":"Felicitaci\u00f3n navide\u00f1a 2021"},"content":{"rendered":"<p>Pincha en la imagen y disfruta de nuestros mejores deseos navide\u00f1os, saludos y feliz navidad a tod@s.<a href=\"https:\/\/view.genial.ly\/61c0f91fe544f50df0da2498\" target=\"_blank\" rel=\"noopener noreferrer\"><br \/>\n<img decoding=\"async\" title=\"\" src=\"https:\/\/view.genial.ly\/61c0f91fe544f50df0da2498\" alt=\"\"> <\/a><br \/>\n<a href=\"https:\/\/view.genial.ly\/61c0f91fe544f50df0da2498\" target=\"_blank\" rel=\"noopener noreferrer\"><br \/>\n<img fetchpriority=\"high\" decoding=\"async\" src=\"https:\/\/blogsaverroes.juntadeandalucia.es\/ceipjoseramon\/files\/2021\/12\/Captura-de-pantalla-5.png\" alt=\"\" width=\"623\" height=\"601\"> <\/a><\/p>\n","protected":false},"excerpt":{"rendered":"<p>Pincha en la imagen y disfruta de nuestros mejores deseos navide\u00f1os, saludos y feliz navidad a tod@s.<\/p>\n","protected":false},"author":2537,"featured_media":5003,"comment_status":"open","ping_status":"open","sticky":false,"template":"","format":"standard","meta":{"ngg_post_thumbnail":0,"footnotes":""},"categories":[11909],"tags":[],"aioseo_notices":[],"_links":{"self":[{"href":"https:\/\/blogsaverroes.juntadeandalucia.es\/ceipjoseramon\/wp-json\/wp\/v2\/posts\/5002"}],"collection":[{"href":"https:\/\/blogsaverroes.juntadeandalucia.es\/ceipjoseramon\/wp-json\/wp\/v2\/posts"}],"about":[{"href":"https:\/\/blogsaverroes.juntadeandalucia.es\/ceipjoseramon\/wp-json\/wp\/v2\/types\/post"}],"author":[{"embeddable":true,"href":"https:\/\/blogsaverroes.juntadeandalucia.es\/ceipjoseramon\/wp-json\/wp\/v2\/users\/2537"}],"replies":[{"embeddable":true,"href":"https:\/\/blogsaverroes.juntadeandalucia.es\/ceipjoseramon\/wp-json\/wp\/v2\/comments?post=5002"}],"version-history":[{"count":11,"href":"https:\/\/blogsaverroes.juntadeandalucia.es\/ceipjoseramon\/wp-json\/wp\/v2\/posts\/5002\/revisions"}],"predecessor-version":[{"id":5014,"href":"https:\/\/blogsaverroes.juntadeandalucia.es\/ceipjoseramon\/wp-json\/wp\/v2\/posts\/5002\/revisions\/5014"}],"wp:featuredmedia":[{"embeddable":true,"href":"https:\/\/blogsaverroes.juntadeandalucia.es\/ceipjoseramon\/wp-json\/wp\/v2\/media\/5003"}],"wp:attachment":[{"href":"https:\/\/blogsaverroes.juntadeandalucia.es\/ceipjoseramon\/wp-json\/wp\/v2\/media?parent=5002"}],"wp:term":[{"taxonomy":"category","embeddable":true,"href":"https:\/\/blogsaverroes.juntadeandalucia.es\/ceipjoseramon\/wp-json\/wp\/v2\/categories?post=5002"},{"taxonomy":"post_tag","embeddable":true,"href":"https:\/\/blogsaverroes.juntadeandalucia.es\/ceipjoseramon\/wp-json\/wp\/v2\/tags?post=5002"}],"curies":[{"name":"wp","href":"https:\/\/api.w.org\/{rel}","templated":true}]}}