{"id":5442,"date":"2024-02-12T09:54:34","date_gmt":"2024-02-12T08:54:34","guid":{"rendered":"http:\/\/blogsaverroes.juntadeandalucia.es\/ceipjoseramon\/?p=5442"},"modified":"2024-02-12T09:57:02","modified_gmt":"2024-02-12T08:57:02","slug":"dia-de-la-paz-23-24","status":"publish","type":"post","link":"https:\/\/blogsaverroes.juntadeandalucia.es\/ceipjoseramon\/dia-de-la-paz-23-24\/","title":{"rendered":"D\u00cdA DE LA PAZ 23-24"},"content":{"rendered":"\t\t<div data-elementor-type=\"wp-post\" data-elementor-id=\"5442\" class=\"elementor elementor-5442\">\n\t\t\t\t\t\t<section class=\"elementor-section elementor-top-section elementor-element elementor-element-d665049 elementor-section-boxed elementor-section-height-default elementor-section-height-default\" data-id=\"d665049\" data-element_type=\"section\">\n\t\t\t\t\t\t<div class=\"elementor-container elementor-column-gap-default\">\n\t\t\t\t\t<div class=\"elementor-column elementor-col-100 elementor-top-column elementor-element elementor-element-44fdd5d\" data-id=\"44fdd5d\" data-element_type=\"column\">\n\t\t\t<div class=\"elementor-widget-wrap elementor-element-populated\">\n\t\t\t\t\t\t<div class=\"elementor-element elementor-element-996f361 elementor-widget elementor-widget-text-editor\" data-id=\"996f361\" data-element_type=\"widget\" data-widget_type=\"text-editor.default\">\n\t\t\t\t<div class=\"elementor-widget-container\">\n\t\t\t\t\t\t\t\t\t<p style=\"text-align: justify\"><span style=\"color: #000000\">La celebraci\u00f3n del d\u00eda de la paz es especialmente importante en los tiempos que corren actualmente, donde vemos como surgen multitud de conflictos b\u00e9licos por todo el mundo.<\/span><\/p><p style=\"text-align: justify\"><span style=\"color: #000000\"> Se han trabajado con los ni\u00f1os y ni\u00f1as m\u00e1s peque\u00f1os valores relacionados con la paz y el buen comportamiento con los dem\u00e1s. De esta forma han descubierto e interiorizado multitud de emociones positivas y han vivenciado lo bonito de vivir en paz y armon\u00eda contigo mismo y con los dem\u00e1s. <\/span><\/p><p style=\"text-align: justify\"><span style=\"color: #000000\">Pero tambi\u00e9n era necesario tratar el tema desde la perspectiva de la cruda realidad, que por desgracia, se sigue viviendo en mucho lugares de nuestro planeta. En tercer ciclo se ha trabajado la guerra como la ausencia de la paz. Las terribles consecuencias que esto produce en todos los que la padecen les ha hecho comprender un poco mejor la importancia de la paz. Aqu\u00ed han brotado muchas emociones y sentimientos no agradables, pero igual de importantes para desarrollarnos como personas. <\/span><\/p><p style=\"text-align: justify\"><span style=\"color: #000000\">Por otro lado, como todos los a\u00f1os hemos entregado los premios JR a 2 alumnos de sexto. Estos premios se otorgan por su trayectoria destacada como buenos compa\u00f1eros y promotores de una convivencia pac\u00edfica durante toda su estancia en el centro. Son muy importantes y emotivos puesto que los ganadores son elegidos por sus compa\u00f1eros. <\/span><\/p><p style=\"text-align: justify\"><span style=\"color: #000000\">Como colof\u00f3n hemos creado un arco\u00edris gigante de la paz, tomando como referencia nuestro himno de la paz en el centro. La canci\u00f3n \u00abLa paz es un arco\u00edris\u00bb, la cual fue creada por dos compa\u00f1eros del centro; la se\u00f1o Indira y el profe Adolfo.<\/span><\/p>\t\t\t\t\t\t\t\t<\/div>\n\t\t\t\t<\/div>\n\t\t\t\t\t<\/div>\n\t\t<\/div>\n\t\t\t\t\t<\/div>\n\t\t<\/section>\n\t\t\t\t<section class=\"elementor-section elementor-top-section elementor-element elementor-element-ac4c8b6 elementor-section-boxed elementor-section-height-default elementor-section-height-default\" data-id=\"ac4c8b6\" data-element_type=\"section\">\n\t\t\t\t\t\t<div class=\"elementor-container elementor-column-gap-default\">\n\t\t\t\t\t<div class=\"elementor-column elementor-col-100 elementor-top-column elementor-element elementor-element-02d7ce1\" data-id=\"02d7ce1\" data-element_type=\"column\">\n\t\t\t<div class=\"elementor-widget-wrap elementor-element-populated\">\n\t\t\t\t\t\t<div class=\"elementor-element elementor-element-b70ad63 elementor-widget elementor-widget-video\" data-id=\"b70ad63\" data-element_type=\"widget\" data-settings=\"{&quot;youtube_url&quot;:&quot;https:\\\/\\\/youtu.be\\\/zHCJfwGFDK4&quot;,&quot;video_type&quot;:&quot;youtube&quot;,&quot;controls&quot;:&quot;yes&quot;}\" data-widget_type=\"video.default\">\n\t\t\t\t<div class=\"elementor-widget-container\">\n\t\t\t\t\t\t\t<div class=\"elementor-wrapper elementor-open-inline\">\n\t\t\t<div class=\"elementor-video\"><\/div>\t\t<\/div>\n\t\t\t\t\t\t<\/div>\n\t\t\t\t<\/div>\n\t\t\t\t\t<\/div>\n\t\t<\/div>\n\t\t\t\t\t<\/div>\n\t\t<\/section>\n\t\t\t\t<\/div>\n\t\t","protected":false},"excerpt":{"rendered":"<p>La celebraci\u00f3n del d\u00eda de la paz es especialmente importante en los tiempos que corren actualmente, donde vemos como surgen multitud de conflictos b\u00e9licos por todo el mundo. Se han trabajado con los ni\u00f1os&#46;&#46;&#46;<\/p>\n","protected":false},"author":2537,"featured_media":5446,"comment_status":"open","ping_status":"open","sticky":false,"template":"","format":"standard","meta":{"ngg_post_thumbnail":0,"footnotes":""},"categories":[1903682,166,1903727,175],"tags":[1903679,1903730],"aioseo_notices":[],"_links":{"self":[{"href":"https:\/\/blogsaverroes.juntadeandalucia.es\/ceipjoseramon\/wp-json\/wp\/v2\/posts\/5442"}],"collection":[{"href":"https:\/\/blogsaverroes.juntadeandalucia.es\/ceipjoseramon\/wp-json\/wp\/v2\/posts"}],"about":[{"href":"https:\/\/blogsaverroes.juntadeandalucia.es\/ceipjoseramon\/wp-json\/wp\/v2\/types\/post"}],"author":[{"embeddable":true,"href":"https:\/\/blogsaverroes.juntadeandalucia.es\/ceipjoseramon\/wp-json\/wp\/v2\/users\/2537"}],"replies":[{"embeddable":true,"href":"https:\/\/blogsaverroes.juntadeandalucia.es\/ceipjoseramon\/wp-json\/wp\/v2\/comments?post=5442"}],"version-history":[{"count":7,"href":"https:\/\/blogsaverroes.juntadeandalucia.es\/ceipjoseramon\/wp-json\/wp\/v2\/posts\/5442\/revisions"}],"predecessor-version":[{"id":5450,"href":"https:\/\/blogsaverroes.juntadeandalucia.es\/ceipjoseramon\/wp-json\/wp\/v2\/posts\/5442\/revisions\/5450"}],"wp:featuredmedia":[{"embeddable":true,"href":"https:\/\/blogsaverroes.juntadeandalucia.es\/ceipjoseramon\/wp-json\/wp\/v2\/media\/5446"}],"wp:attachment":[{"href":"https:\/\/blogsaverroes.juntadeandalucia.es\/ceipjoseramon\/wp-json\/wp\/v2\/media?parent=5442"}],"wp:term":[{"taxonomy":"category","embeddable":true,"href":"https:\/\/blogsaverroes.juntadeandalucia.es\/ceipjoseramon\/wp-json\/wp\/v2\/categories?post=5442"},{"taxonomy":"post_tag","embeddable":true,"href":"https:\/\/blogsaverroes.juntadeandalucia.es\/ceipjoseramon\/wp-json\/wp\/v2\/tags?post=5442"}],"curies":[{"name":"wp","href":"https:\/\/api.w.org\/{rel}","templated":true}]}}