{"id":2276,"date":"2018-12-17T14:55:00","date_gmt":"2018-12-17T14:55:00","guid":{"rendered":"https:\/\/blogsaverroes.juntadeandalucia.es\/ceipjosesalazar\/merry-christmas\/"},"modified":"2018-12-17T14:55:00","modified_gmt":"2018-12-17T14:55:00","slug":"merry-christmas","status":"publish","type":"post","link":"https:\/\/blogsaverroes.juntadeandalucia.es\/ceipjosesalazar\/merry-christmas\/","title":{"rendered":"MERRY CHRISTMAS"},"content":{"rendered":"<div style=\"text-align: justify\">Ya esper\u00e1bamos que llegara la Navidad&#8230;por&#8230; \u00bflas vacaciones?, \u00bflos regalos?, \u00bflas comidas?&#8230;Seguro un poco de todo y nuestro cole no duda en decorar los diferentes espacios como una forma de celebrar, y puede sonar a anuncio que&#8230;\u00a1ya lleg\u00f3 la Navidad! Las calles se decoran, las luces se encienden, los \u00e1rboles se engalanan, y a nosotr@s nos toca celebrar.<\/div>\n<div style=\"text-align: justify\"><\/div>\n<div style=\"text-align: justify\">Portaros bien que los Reyes Magos se est\u00e1n asomando por todos los rincones&#8230;<\/div>\n<div style=\"text-align: justify\"><\/div>\n<div style=\"clear: both;text-align: center\"><a href=\"https:\/\/1.bp.blogspot.com\/-RMEJVSe2gQU\/XBe4aR8baMI\/AAAAAAAAAXs\/F2gIv2PazFQDoSWMamfM_kkSZkNfpElrACLcBGAs\/s1600\/IMG-20181213-WA0000.jpg\" style=\"margin-left: 1em;margin-right: 1em\"><img loading=\"lazy\" decoding=\"async\" border=\"0\" data-original-height=\"1600\" data-original-width=\"1200\" height=\"640\" src=\"https:\/\/1.bp.blogspot.com\/-RMEJVSe2gQU\/XBe4aR8baMI\/AAAAAAAAAXs\/F2gIv2PazFQDoSWMamfM_kkSZkNfpElrACLcBGAs\/s640\/IMG-20181213-WA0000.jpg\" width=\"480\" \/><\/a><\/div>\n<p>Pero, seguramente&#8230;el que est\u00e1 m\u00e1s preparado es el Reno para acompa\u00f1ar a Pap\u00e1 Noel&#8230;<\/p>\n<div style=\"clear: both;text-align: center\"><a href=\"https:\/\/1.bp.blogspot.com\/-o3nDNHHTdEc\/XBe4cXgZyvI\/AAAAAAAAAXw\/K73FR3Gmsv0cKBtb4GEhOCS4CVlv6gfZACLcBGAs\/s1600\/IMG-20181214-WA0009.jpg\" style=\"margin-left: 1em;margin-right: 1em\"><img loading=\"lazy\" decoding=\"async\" border=\"0\" data-original-height=\"1599\" data-original-width=\"900\" height=\"640\" src=\"https:\/\/1.bp.blogspot.com\/-o3nDNHHTdEc\/XBe4cXgZyvI\/AAAAAAAAAXw\/K73FR3Gmsv0cKBtb4GEhOCS4CVlv6gfZACLcBGAs\/s640\/IMG-20181214-WA0009.jpg\" width=\"358\" \/><\/a><\/div>\n<div style=\"text-align: justify\"><\/div>\n<div style=\"text-align: justify\"><\/div>\n<div style=\"text-align: justify\">Como dir\u00eda <a href=\"https:\/\/es.wikipedia.org\/wiki\/Calvin_Coolidge\" target=\"_blank\" rel=\"noopener noreferrer\">Calvin Coolidge<\/a>, <i>La Navidad no es un momento ni una estaci\u00f3n, sino un estado de la mente. Valorar la Paz y la Generosidad y tener Merced es comprender el verdadero significado de Navidad.<\/i><\/div>\n<div style=\"text-align: justify\"><i><br \/><\/i><\/div>\n<div style=\"text-align: center\"><i><b><span style=\"color: orange;font-size: x-large\">\u00a1Feliz Navidad!<\/span><\/b><\/i><\/div>\n","protected":false},"excerpt":{"rendered":"<p>Ya esper\u00e1bamos que llegara la Navidad&#8230;por&#8230; \u00bflas vacaciones?, \u00bflos regalos?, \u00bflas comidas?&#8230;Seguro un poco de todo y nuestro cole no duda en decorar los diferentes espacios como una forma de celebrar, y puede sonar&#46;&#46;&#46;<\/p>\n","protected":false},"author":2025,"featured_media":0,"comment_status":"open","ping_status":"open","sticky":false,"template":"","format":"standard","meta":{"ngg_post_thumbnail":0,"footnotes":""},"categories":[11909],"tags":[],"aioseo_notices":[],"_links":{"self":[{"href":"https:\/\/blogsaverroes.juntadeandalucia.es\/ceipjosesalazar\/wp-json\/wp\/v2\/posts\/2276"}],"collection":[{"href":"https:\/\/blogsaverroes.juntadeandalucia.es\/ceipjosesalazar\/wp-json\/wp\/v2\/posts"}],"about":[{"href":"https:\/\/blogsaverroes.juntadeandalucia.es\/ceipjosesalazar\/wp-json\/wp\/v2\/types\/post"}],"author":[{"embeddable":true,"href":"https:\/\/blogsaverroes.juntadeandalucia.es\/ceipjosesalazar\/wp-json\/wp\/v2\/users\/2025"}],"replies":[{"embeddable":true,"href":"https:\/\/blogsaverroes.juntadeandalucia.es\/ceipjosesalazar\/wp-json\/wp\/v2\/comments?post=2276"}],"version-history":[{"count":0,"href":"https:\/\/blogsaverroes.juntadeandalucia.es\/ceipjosesalazar\/wp-json\/wp\/v2\/posts\/2276\/revisions"}],"wp:attachment":[{"href":"https:\/\/blogsaverroes.juntadeandalucia.es\/ceipjosesalazar\/wp-json\/wp\/v2\/media?parent=2276"}],"wp:term":[{"taxonomy":"category","embeddable":true,"href":"https:\/\/blogsaverroes.juntadeandalucia.es\/ceipjosesalazar\/wp-json\/wp\/v2\/categories?post=2276"},{"taxonomy":"post_tag","embeddable":true,"href":"https:\/\/blogsaverroes.juntadeandalucia.es\/ceipjosesalazar\/wp-json\/wp\/v2\/tags?post=2276"}],"curies":[{"name":"wp","href":"https:\/\/api.w.org\/{rel}","templated":true}]}}