{"id":2291,"date":"2018-02-04T20:15:00","date_gmt":"2018-02-04T20:15:00","guid":{"rendered":"https:\/\/blogsaverroes.juntadeandalucia.es\/ceipjosesalazar\/dia-de-la-paz\/"},"modified":"2018-02-04T20:15:00","modified_gmt":"2018-02-04T20:15:00","slug":"dia-de-la-paz","status":"publish","type":"post","link":"https:\/\/blogsaverroes.juntadeandalucia.es\/ceipjosesalazar\/dia-de-la-paz\/","title":{"rendered":"D\u00cdA DE LA PAZ"},"content":{"rendered":"<div style=\"text-align: justify\">El pasado 30 de enero de 2018 y con motivo de la celebraci\u00f3n del D\u00eda Escolar de la No Violencia y la Paz en nuestro centro se desarrollaron diferentes actividades:<\/div>\n<div style=\"text-align: justify\"><\/div>\n<div style=\"text-align: justify\">1. Se elabor\u00f3 de forma conjunta el <b>ABECEDARIO DE LA PAZ<\/b>, en el que cada clase tuvo que trabajar dos letras con su alumnado con palabras relacionadas con la Paz que formar\u00edan parte del mural general del colegio:<\/div>\n<p><\/p>\n<div style=\"clear: both;text-align: center\"><a href=\"https:\/\/1.bp.blogspot.com\/-vowWvuMTVHI\/WndPXe0pZhI\/AAAAAAAAAMw\/0ie81uGrSrkqfZkRnPHL4lLDRfPCCiiTACLcBGAs\/s1600\/IMG_20180201_120209.jpg\" style=\"margin-left: 1em;margin-right: 1em\"><img loading=\"lazy\" decoding=\"async\" border=\"0\" data-original-height=\"900\" data-original-width=\"1600\" height=\"360\" src=\"https:\/\/1.bp.blogspot.com\/-vowWvuMTVHI\/WndPXe0pZhI\/AAAAAAAAAMw\/0ie81uGrSrkqfZkRnPHL4lLDRfPCCiiTACLcBGAs\/s640\/IMG_20180201_120209.jpg\" width=\"640\" \/><\/a><\/div>\n<p>2. A lo largo de la semana, se han ido exponiendo diferentes murales alusivos a este D\u00eda en el que ha colaborado tanto las maestras y maestros como todo el alumnado. A\u00fan se mantienen por los pasillos:<\/p>\n<div style=\"clear: both;text-align: center\"><a href=\"https:\/\/2.bp.blogspot.com\/-WiuiKoAceO4\/WndPyglJDnI\/AAAAAAAAAM0\/fTMIMpSlNA8ymIaBSdiC3OEV5dsCEB3-QCLcBGAs\/s1600\/IMG_20180201_120228.jpg\" style=\"margin-left: 1em;margin-right: 1em\"><img loading=\"lazy\" decoding=\"async\" border=\"0\" data-original-height=\"1600\" data-original-width=\"900\" height=\"640\" src=\"https:\/\/2.bp.blogspot.com\/-WiuiKoAceO4\/WndPyglJDnI\/AAAAAAAAAM0\/fTMIMpSlNA8ymIaBSdiC3OEV5dsCEB3-QCLcBGAs\/s640\/IMG_20180201_120228.jpg\" width=\"360\" \/><\/a><\/div>\n<p><\/p>\n<div style=\"clear: both;text-align: center\"><a href=\"https:\/\/2.bp.blogspot.com\/-DA4hFEEVnqo\/WndPzR27BYI\/AAAAAAAAAM8\/th5N1wF3P5U0OR0DRnu14s7sZf3sqJfoQCLcBGAs\/s1600\/IMG_20180201_120239.jpg\" style=\"margin-left: 1em;margin-right: 1em\"><img loading=\"lazy\" decoding=\"async\" border=\"0\" data-original-height=\"1600\" data-original-width=\"900\" height=\"640\" src=\"https:\/\/2.bp.blogspot.com\/-DA4hFEEVnqo\/WndPzR27BYI\/AAAAAAAAAM8\/th5N1wF3P5U0OR0DRnu14s7sZf3sqJfoQCLcBGAs\/s640\/IMG_20180201_120239.jpg\" width=\"360\" \/><\/a><\/div>\n<p><\/p>\n<div style=\"clear: both;text-align: center\"><a href=\"https:\/\/4.bp.blogspot.com\/-QaBudY8Jps4\/WndPzHr-CRI\/AAAAAAAAAM4\/zBLN81srHMAJl1ZvAXzhC3e-RfknM12IQCLcBGAs\/s1600\/IMG_20180201_120307.jpg\" style=\"margin-left: 1em;margin-right: 1em\"><img loading=\"lazy\" decoding=\"async\" border=\"0\" data-original-height=\"1600\" data-original-width=\"900\" height=\"640\" src=\"https:\/\/4.bp.blogspot.com\/-QaBudY8Jps4\/WndPzHr-CRI\/AAAAAAAAAM4\/zBLN81srHMAJl1ZvAXzhC3e-RfknM12IQCLcBGAs\/s640\/IMG_20180201_120307.jpg\" width=\"360\" \/><\/a><\/div>\n<p><\/p>\n<div style=\"clear: both;text-align: center\"><a href=\"https:\/\/1.bp.blogspot.com\/-brU-oExVqFQ\/WndP0LOxkOI\/AAAAAAAAANA\/Ps8hjPjxrDs5kEg8k9tMofFbVuDYWR1SgCLcBGAs\/s1600\/IMG_20180201_120620.jpg\" style=\"margin-left: 1em;margin-right: 1em\"><img loading=\"lazy\" decoding=\"async\" border=\"0\" data-original-height=\"900\" data-original-width=\"1600\" height=\"360\" src=\"https:\/\/1.bp.blogspot.com\/-brU-oExVqFQ\/WndP0LOxkOI\/AAAAAAAAANA\/Ps8hjPjxrDs5kEg8k9tMofFbVuDYWR1SgCLcBGAs\/s640\/IMG_20180201_120620.jpg\" width=\"640\" \/><\/a><\/div>\n<div style=\"clear: both;text-align: center\"><\/div>\n<div style=\"clear: both;text-align: center\"><a href=\"https:\/\/4.bp.blogspot.com\/-7KJTJujU5HE\/WndQI5rnmZI\/AAAAAAAAANE\/EJfjhU43Ye0auQInXCcuQ3CSvv9T-E4JQCLcBGAs\/s1600\/IMG_20180201_132728.jpg\" style=\"margin-left: 1em;margin-right: 1em\"><img loading=\"lazy\" decoding=\"async\" border=\"0\" data-original-height=\"900\" data-original-width=\"1600\" height=\"360\" src=\"https:\/\/4.bp.blogspot.com\/-7KJTJujU5HE\/WndQI5rnmZI\/AAAAAAAAANE\/EJfjhU43Ye0auQInXCcuQ3CSvv9T-E4JQCLcBGAs\/s640\/IMG_20180201_132728.jpg\" width=\"640\" \/><\/a><\/div>\n<p>3. El alumnado que acude al aula de PT trabaj\u00f3 el cuento \u00abUn chocolate muy especial\u00bb. Lo leyeron, comentaron, colorearon y narraron entre ellos. Les gust\u00f3 mucho y se trabaj\u00f3 la importancia de no menospreciar al otro por ser diferente y como podemos aprender de todos desde el respeto y la convivencia.<\/p>\n<p><iframe loading=\"lazy\" frameborder=\"0\" height=\"270\" src=\"https:\/\/www.youtube.com\/embed\/GijbgROCnSk\" width=\"480\"><\/iframe><\/p>\n<p>4. Todo el alumnado se reuni\u00f3 en el patio del colegio y se realizaron diferentes actividades alusivas al d\u00eda: lectura del Dec\u00e1logo de la Paz, lectura de poes\u00edas del alumnado desde 2\u00ba a 6\u00ba. Finalmente, se bail\u00f3 la canci\u00f3n <a href=\"https:\/\/www.youtube.com\/watch?v=XE6GcKRNxYU\" target=\"_blank\" rel=\"noopener noreferrer\">\u00abSomos la Paz\u00bb de Unai Quir\u00f3s<\/a><\/p>\n<div style=\"clear: both;text-align: center\"><a href=\"https:\/\/4.bp.blogspot.com\/-Uhj6qtAygZw\/Wndpbw4D_JI\/AAAAAAAAANk\/Y6IbKhpb5tsLpRp-mkm7y_OIunxlADDQgCLcBGAs\/s1600\/IMG_20180130_1231312_2.jpg\" style=\"margin-left: 1em;margin-right: 1em\"><img loading=\"lazy\" decoding=\"async\" border=\"0\" data-original-height=\"900\" data-original-width=\"1600\" height=\"360\" src=\"https:\/\/4.bp.blogspot.com\/-Uhj6qtAygZw\/Wndpbw4D_JI\/AAAAAAAAANk\/Y6IbKhpb5tsLpRp-mkm7y_OIunxlADDQgCLcBGAs\/s640\/IMG_20180130_1231312_2.jpg\" width=\"640\" \/><\/a><\/div>\n<div style=\"clear: both;text-align: center\"><\/div>\n<p><iframe loading=\"lazy\" frameborder=\"0\" height=\"252\" scrolling=\"no\" src=\"https:\/\/audiomack.com\/embed\/song\/ceipjosesalazar\/20180130-wa0024-audio-extrac\" width=\"100%\"><\/iframe><iframe loading=\"lazy\" frameborder=\"0\" height=\"252\" scrolling=\"no\" src=\"https:\/\/audiomack.com\/embed\/song\/ceipjosesalazar\/20180130-wa0025-audio-extrac\" width=\"100%\"><\/iframe><iframe loading=\"lazy\" frameborder=\"0\" height=\"252\" scrolling=\"no\" src=\"https:\/\/audiomack.com\/embed\/song\/ceipjosesalazar\/20180130-wa0026-audio-extrac\" width=\"100%\"><\/iframe><\/p>\n<p><iframe loading=\"lazy\" frameborder=\"0\" height=\"270\" src=\"https:\/\/www.youtube.com\/embed\/lgjlGRjeFrs\" width=\"480\"><\/iframe><\/p>\n<p>La Paz comienza con una sonrisa, \u00a1Feliz D\u00eda de la Paz!<\/p>\n","protected":false},"excerpt":{"rendered":"<p>El pasado 30 de enero de 2018 y con motivo de la celebraci\u00f3n del D\u00eda Escolar de la No Violencia y la Paz en nuestro centro se desarrollaron diferentes actividades: 1. Se elabor\u00f3 de&#46;&#46;&#46;<\/p>\n","protected":false},"author":2025,"featured_media":0,"comment_status":"open","ping_status":"open","sticky":false,"template":"","format":"standard","meta":{"ngg_post_thumbnail":0,"footnotes":""},"categories":[2351654,784],"tags":[],"aioseo_notices":[],"_links":{"self":[{"href":"https:\/\/blogsaverroes.juntadeandalucia.es\/ceipjosesalazar\/wp-json\/wp\/v2\/posts\/2291"}],"collection":[{"href":"https:\/\/blogsaverroes.juntadeandalucia.es\/ceipjosesalazar\/wp-json\/wp\/v2\/posts"}],"about":[{"href":"https:\/\/blogsaverroes.juntadeandalucia.es\/ceipjosesalazar\/wp-json\/wp\/v2\/types\/post"}],"author":[{"embeddable":true,"href":"https:\/\/blogsaverroes.juntadeandalucia.es\/ceipjosesalazar\/wp-json\/wp\/v2\/users\/2025"}],"replies":[{"embeddable":true,"href":"https:\/\/blogsaverroes.juntadeandalucia.es\/ceipjosesalazar\/wp-json\/wp\/v2\/comments?post=2291"}],"version-history":[{"count":0,"href":"https:\/\/blogsaverroes.juntadeandalucia.es\/ceipjosesalazar\/wp-json\/wp\/v2\/posts\/2291\/revisions"}],"wp:attachment":[{"href":"https:\/\/blogsaverroes.juntadeandalucia.es\/ceipjosesalazar\/wp-json\/wp\/v2\/media?parent=2291"}],"wp:term":[{"taxonomy":"category","embeddable":true,"href":"https:\/\/blogsaverroes.juntadeandalucia.es\/ceipjosesalazar\/wp-json\/wp\/v2\/categories?post=2291"},{"taxonomy":"post_tag","embeddable":true,"href":"https:\/\/blogsaverroes.juntadeandalucia.es\/ceipjosesalazar\/wp-json\/wp\/v2\/tags?post=2291"}],"curies":[{"name":"wp","href":"https:\/\/api.w.org\/{rel}","templated":true}]}}