{"id":2296,"date":"2017-11-28T19:10:00","date_gmt":"2017-11-28T19:10:00","guid":{"rendered":"https:\/\/blogsaverroes.juntadeandalucia.es\/ceipjosesalazar\/semana-de-teatro\/"},"modified":"2017-11-28T19:10:00","modified_gmt":"2017-11-28T19:10:00","slug":"semana-de-teatro","status":"publish","type":"post","link":"https:\/\/blogsaverroes.juntadeandalucia.es\/ceipjosesalazar\/semana-de-teatro\/","title":{"rendered":"SEMANA DE TEATRO"},"content":{"rendered":"<div style=\"text-align: justify\">En esta semana el colegio ha ido visitando el Teatro Municipal. El lunes 27 de noviembre fue el segundo ciclo y disfrut\u00f3 de la obra <i>Caperucita Rockja<\/i>. Una incre\u00edble historia, muy movida y con canciones que los mismos ni\u00f1os y ni\u00f1as pod\u00edan cantar y bailar desde sus asientos. Sin duda, les gust\u00f3 mucho siendo una forma divertida y diferente de presentar el cl\u00e1sico conocido.&nbsp;<\/div>\n<div style=\"text-align: justify\"><\/div>\n<div style=\"text-align: justify\"><iframe loading=\"lazy\" frameborder=\"0\" height=\"344\" src=\"https:\/\/www.youtube.com\/embed\/rbbKCSy1Fcc\" width=\"459\"><\/iframe><\/div>\n<div style=\"text-align: justify\"><\/div>\n<div style=\"text-align: justify\">Hoy martes, ha sido el turno de Educaci\u00f3n Infantil y Primer Ciclo que han visto la obra <i>El viaje del pez arcoiris<\/i>. Una representaci\u00f3n de t\u00edteres de luces y sombras teniendo como tema el mundo submarino. Aqu\u00ed estaban todos y todas esperando que empezase.<\/p>\n<div style=\"clear: both;text-align: center\"><a href=\"https:\/\/3.bp.blogspot.com\/-1kUfIy1QHkI\/Wh20DCyARHI\/AAAAAAAAAJE\/r62nf9saFJsgqM9yOC_HeN5c5Uvg7eA8QCLcBGAs\/s1600\/IMG_20171128_200259.png\" style=\"margin-left: 1em;margin-right: 1em\"><img loading=\"lazy\" decoding=\"async\" border=\"0\" data-original-height=\"383\" data-original-width=\"720\" height=\"212\" src=\"https:\/\/3.bp.blogspot.com\/-1kUfIy1QHkI\/Wh20DCyARHI\/AAAAAAAAAJE\/r62nf9saFJsgqM9yOC_HeN5c5Uvg7eA8QCLcBGAs\/s400\/IMG_20171128_200259.png\" width=\"400\" \/><\/a><\/div>\n<p><\/div>\n<p>\u00a1Se abri\u00f3 el tel\u00f3n y empez\u00f3 la funci\u00f3n!<\/p>\n","protected":false},"excerpt":{"rendered":"<p>En esta semana el colegio ha ido visitando el Teatro Municipal. El lunes 27 de noviembre fue el segundo ciclo y disfrut\u00f3 de la obra Caperucita Rockja. Una incre\u00edble historia, muy movida y con&#46;&#46;&#46;<\/p>\n","protected":false},"author":2025,"featured_media":0,"comment_status":"open","ping_status":"open","sticky":false,"template":"","format":"standard","meta":{"ngg_post_thumbnail":0,"footnotes":""},"categories":[2351659,784],"tags":[],"aioseo_notices":[],"_links":{"self":[{"href":"https:\/\/blogsaverroes.juntadeandalucia.es\/ceipjosesalazar\/wp-json\/wp\/v2\/posts\/2296"}],"collection":[{"href":"https:\/\/blogsaverroes.juntadeandalucia.es\/ceipjosesalazar\/wp-json\/wp\/v2\/posts"}],"about":[{"href":"https:\/\/blogsaverroes.juntadeandalucia.es\/ceipjosesalazar\/wp-json\/wp\/v2\/types\/post"}],"author":[{"embeddable":true,"href":"https:\/\/blogsaverroes.juntadeandalucia.es\/ceipjosesalazar\/wp-json\/wp\/v2\/users\/2025"}],"replies":[{"embeddable":true,"href":"https:\/\/blogsaverroes.juntadeandalucia.es\/ceipjosesalazar\/wp-json\/wp\/v2\/comments?post=2296"}],"version-history":[{"count":0,"href":"https:\/\/blogsaverroes.juntadeandalucia.es\/ceipjosesalazar\/wp-json\/wp\/v2\/posts\/2296\/revisions"}],"wp:attachment":[{"href":"https:\/\/blogsaverroes.juntadeandalucia.es\/ceipjosesalazar\/wp-json\/wp\/v2\/media?parent=2296"}],"wp:term":[{"taxonomy":"category","embeddable":true,"href":"https:\/\/blogsaverroes.juntadeandalucia.es\/ceipjosesalazar\/wp-json\/wp\/v2\/categories?post=2296"},{"taxonomy":"post_tag","embeddable":true,"href":"https:\/\/blogsaverroes.juntadeandalucia.es\/ceipjosesalazar\/wp-json\/wp\/v2\/tags?post=2296"}],"curies":[{"name":"wp","href":"https:\/\/api.w.org\/{rel}","templated":true}]}}