{"id":2298,"date":"2017-11-24T20:20:00","date_gmt":"2017-11-24T20:20:00","guid":{"rendered":"https:\/\/blogsaverroes.juntadeandalucia.es\/ceipjosesalazar\/creando-espacios\/"},"modified":"2017-11-24T20:20:00","modified_gmt":"2017-11-24T20:20:00","slug":"creando-espacios","status":"publish","type":"post","link":"https:\/\/blogsaverroes.juntadeandalucia.es\/ceipjosesalazar\/creando-espacios\/","title":{"rendered":"CREANDO ESPACIOS"},"content":{"rendered":"<div style=\"text-align: justify\">Hoy queremos presentaros el espacio de asamblea del aula de infantil de 3 a\u00f1os. El curso pasado el maestro Paco nos sorprendi\u00f3 incluyendo en su aula un submarino y todo relacionado con elementos marinos. Este a\u00f1o ha decidido hacerlo de los elementos del aire y como no, la asamblea es reflejo de ello.<\/div>\n<div style=\"text-align: justify\"><\/div>\n<div style=\"clear: both;text-align: center\"><a href=\"https:\/\/2.bp.blogspot.com\/-MCXQ9t7_-gQ\/Whi18oRqUQI\/AAAAAAAAAIE\/cEOJtkyObzMfo4QCq4c2_yudGolArY9FACLcBGAs\/s1600\/IMG_20171121_093528.jpg\" style=\"margin-left: 1em;margin-right: 1em\"><img loading=\"lazy\" decoding=\"async\" border=\"0\" data-original-height=\"257\" data-original-width=\"1600\" height=\"100\" src=\"https:\/\/2.bp.blogspot.com\/-MCXQ9t7_-gQ\/Whi18oRqUQI\/AAAAAAAAAIE\/cEOJtkyObzMfo4QCq4c2_yudGolArY9FACLcBGAs\/s640\/IMG_20171121_093528.jpg\" width=\"640\" \/><\/a><\/div>\n<div style=\"clear: both;text-align: center\"><\/div>\n<div style=\"text-align: justify\"><\/div>\n<div style=\"clear: both;text-align: center\"><a href=\"https:\/\/3.bp.blogspot.com\/-_twT2-8krFg\/Whi2P800VMI\/AAAAAAAAAIM\/969ygc2Q9dMhs5Wx9UthTGvRHM06v_fZgCLcBGAs\/s1600\/IMG_20171121_093558.jpg\" style=\"margin-left: 1em;margin-right: 1em\"><img loading=\"lazy\" decoding=\"async\" border=\"0\" data-original-height=\"528\" data-original-width=\"1600\" height=\"210\" src=\"https:\/\/3.bp.blogspot.com\/-_twT2-8krFg\/Whi2P800VMI\/AAAAAAAAAIM\/969ygc2Q9dMhs5Wx9UthTGvRHM06v_fZgCLcBGAs\/s640\/IMG_20171121_093558.jpg\" width=\"640\" \/><\/a><\/div>\n<div style=\"text-align: justify\"><\/div>\n<div style=\"clear: both;text-align: center\"><a href=\"https:\/\/3.bp.blogspot.com\/-aK-I92QAVZo\/Whi2btS12vI\/AAAAAAAAAIU\/KWIVXTtjUogPgfdj6Lbzdh8nPMP6nuamwCLcBGAs\/s1600\/IMG_20171121_095702.jpg\" style=\"margin-left: 1em;margin-right: 1em\"><img loading=\"lazy\" decoding=\"async\" border=\"0\" data-original-height=\"900\" data-original-width=\"1600\" height=\"225\" src=\"https:\/\/3.bp.blogspot.com\/-aK-I92QAVZo\/Whi2btS12vI\/AAAAAAAAAIU\/KWIVXTtjUogPgfdj6Lbzdh8nPMP6nuamwCLcBGAs\/s400\/IMG_20171121_095702.jpg\" width=\"400\" \/><\/a><\/div>\n<div style=\"text-align: justify\"><\/div>\n<div style=\"text-align: justify\">Como dir\u00eda <a href=\"https:\/\/www.uhu.es\/cine.educacion\/figuraspedagogia\/0_montessori.htm\" target=\"_blank\" rel=\"noopener noreferrer\">Mar\u00eda Montessori<\/a>, la escuela es un lugar en el que un ni\u00f1o puede sentirse a gusto y trabajar de acuerdo con su propio ritmo y capacidad. Todo est\u00e1 hecho a su escala, a su alcance. Un ambiente preparado donde gobiernan las necesidades e intereses de los ni\u00f1os y no tanto la de los adultos.<\/div>\n<div style=\"text-align: justify\"><\/div>\n<div style=\"clear: both;text-align: center\"><a href=\"https:\/\/3.bp.blogspot.com\/-rE9xqydvbRc\/Whi25g-q10I\/AAAAAAAAAIY\/aPghIWsL1d4wcZIFoxDxU2fXTbWQQ8vYwCLcBGAs\/s1600\/IMG_20171121_092152.jpg\" style=\"margin-left: 1em;margin-right: 1em\"><img loading=\"lazy\" decoding=\"async\" border=\"0\" data-original-height=\"990\" data-original-width=\"1600\" height=\"246\" src=\"https:\/\/3.bp.blogspot.com\/-rE9xqydvbRc\/Whi25g-q10I\/AAAAAAAAAIY\/aPghIWsL1d4wcZIFoxDxU2fXTbWQQ8vYwCLcBGAs\/s400\/IMG_20171121_092152.jpg\" width=\"400\" \/><\/a><\/div>\n<div style=\"text-align: justify\"><\/div>\n<div style=\"text-align: center\"><i>El prop\u00f3sito de la educaci\u00f3n es mostrar a la gente c\u00f3mo aprender por s\u00ed misma. El otro concepto de la educaci\u00f3n es adoctrinamiento.&nbsp;<\/i><\/div>\n<div style=\"text-align: right\">Noam Chomsky.<\/div>\n","protected":false},"excerpt":{"rendered":"<p>Hoy queremos presentaros el espacio de asamblea del aula de infantil de 3 a\u00f1os. El curso pasado el maestro Paco nos sorprendi\u00f3 incluyendo en su aula un submarino y todo relacionado con elementos marinos.&#46;&#46;&#46;<\/p>\n","protected":false},"author":2025,"featured_media":0,"comment_status":"open","ping_status":"open","sticky":false,"template":"","format":"standard","meta":{"ngg_post_thumbnail":0,"footnotes":""},"categories":[2351659,784],"tags":[],"aioseo_notices":[],"_links":{"self":[{"href":"https:\/\/blogsaverroes.juntadeandalucia.es\/ceipjosesalazar\/wp-json\/wp\/v2\/posts\/2298"}],"collection":[{"href":"https:\/\/blogsaverroes.juntadeandalucia.es\/ceipjosesalazar\/wp-json\/wp\/v2\/posts"}],"about":[{"href":"https:\/\/blogsaverroes.juntadeandalucia.es\/ceipjosesalazar\/wp-json\/wp\/v2\/types\/post"}],"author":[{"embeddable":true,"href":"https:\/\/blogsaverroes.juntadeandalucia.es\/ceipjosesalazar\/wp-json\/wp\/v2\/users\/2025"}],"replies":[{"embeddable":true,"href":"https:\/\/blogsaverroes.juntadeandalucia.es\/ceipjosesalazar\/wp-json\/wp\/v2\/comments?post=2298"}],"version-history":[{"count":0,"href":"https:\/\/blogsaverroes.juntadeandalucia.es\/ceipjosesalazar\/wp-json\/wp\/v2\/posts\/2298\/revisions"}],"wp:attachment":[{"href":"https:\/\/blogsaverroes.juntadeandalucia.es\/ceipjosesalazar\/wp-json\/wp\/v2\/media?parent=2298"}],"wp:term":[{"taxonomy":"category","embeddable":true,"href":"https:\/\/blogsaverroes.juntadeandalucia.es\/ceipjosesalazar\/wp-json\/wp\/v2\/categories?post=2298"},{"taxonomy":"post_tag","embeddable":true,"href":"https:\/\/blogsaverroes.juntadeandalucia.es\/ceipjosesalazar\/wp-json\/wp\/v2\/tags?post=2298"}],"curies":[{"name":"wp","href":"https:\/\/api.w.org\/{rel}","templated":true}]}}