{"id":2300,"date":"2017-11-20T16:59:00","date_gmt":"2017-11-20T16:59:00","guid":{"rendered":"https:\/\/blogsaverroes.juntadeandalucia.es\/ceipjosesalazar\/los-derechos-de-los-ninos\/"},"modified":"2017-11-20T16:59:00","modified_gmt":"2017-11-20T16:59:00","slug":"los-derechos-de-los-ninos","status":"publish","type":"post","link":"https:\/\/blogsaverroes.juntadeandalucia.es\/ceipjosesalazar\/los-derechos-de-los-ninos\/","title":{"rendered":"LOS DERECHOS DE LOS NI\u00d1OS"},"content":{"rendered":"<p>Hoy 20 de noviembre, hemos celebrado el \u00abD\u00eda Universal del Ni\u00f1o\u00bb. Para ello, se ha dise\u00f1ado un cartel con una poes\u00eda, extra\u00edda del blog de<a href=\"http:\/\/garabatocurioso.blogspot.com.es\/2013\/04\/poemas-de-silvia-zurdo.html\" target=\"_blank\" rel=\"noopener noreferrer\"> Silvia Zurdo<\/a>. Es un cartel que han realizado los alumnos y alumnas que acuden al aula de Pedagog\u00eda Terap\u00e9utica del centro.<br \/>As\u00ed, nos ha quedado combinando palabras con im\u00e1genes, pasando a formar parte de uno de los espacios del centro.<\/p>\n<div style=\"clear: both;text-align: center\"><a href=\"https:\/\/4.bp.blogspot.com\/-IJc7WZkhU4I\/WhMH_p8PejI\/AAAAAAAAAHI\/OwDEjFGpid42ho6yZHCOMgMVhy9JnpQ_ACLcBGAs\/s1600\/IMG_20171120_174011.jpg\" style=\"margin-left: 1em;margin-right: 1em\"><img loading=\"lazy\" decoding=\"async\" border=\"0\" data-original-height=\"1600\" data-original-width=\"918\" height=\"640\" src=\"https:\/\/4.bp.blogspot.com\/-IJc7WZkhU4I\/WhMH_p8PejI\/AAAAAAAAAHI\/OwDEjFGpid42ho6yZHCOMgMVhy9JnpQ_ACLcBGAs\/s640\/IMG_20171120_174011.jpg\" width=\"364\" \/><\/a><\/div>\n<p><\/p>\n<div style=\"text-align: center\"><span><\/span><span><\/span>Como soy un <b>ni\u00f1o<\/b><\/div>\n<div style=\"text-align: center\">me gusta <b>jugar<\/b> bajo el<b> sol<\/b>,&nbsp;<\/div>\n<div style=\"text-align: center\">hacer <b>mil preguntas<\/b><\/div>\n<div style=\"text-align: center\"><b>explorar<\/b> cada rinc\u00f3n,<\/div>\n<div style=\"text-align: center\">descubrir en primavera&nbsp;<\/div>\n<div style=\"text-align: center\">el color de cada <b>flor<\/b>.<\/div>\n<div style=\"text-align: center\"><\/div>\n<div style=\"text-align: center\">Necesito <b>tiempo<\/b>, paciencia,<\/div>\n<div style=\"text-align: center\"><b>amor<\/b>, comprensi\u00f3n<\/div>\n<div style=\"text-align: center\">y cantar con el viento<\/div>\n<div style=\"text-align: center\">su \u00fanica canci\u00f3n.<\/div>\n<div style=\"text-align: center\"><\/div>\n<div style=\"text-align: center\">Prefiero <b>sonrisas<\/b> y mimos<\/div>\n<div style=\"text-align: center\">las <b>veinticuatro horas<\/b> del d\u00eda.<\/div>\n<div style=\"text-align: center\">Deseo contar las <b>estrellas<\/b><\/div>\n<div style=\"text-align: center\">y <b>pintar<\/b> el futuro de alegr\u00eda.<\/div>\n<div style=\"text-align: center\">Quisiera que alg\u00fan <b>mago<\/b><\/div>\n<div style=\"text-align: center\">los <b>sue\u00f1os <\/b>hiciera realidad<\/div>\n<div style=\"text-align: center\">y que cada ni\u00f1o del <b>mundo<\/b><\/div>\n<div style=\"text-align: center\">tuviera una oportunidad.<\/div>\n<div style=\"text-align: center\"><\/div>\n<div style=\"text-align: justify\">Adem\u00e1s, hemos escuchado la canci\u00f3n de los derechos<\/div>\n<div style=\"text-align: justify\"><iframe loading=\"lazy\" frameborder=\"0\" height=\"344\" src=\"https:\/\/www.youtube.com\/embed\/BENG4HdElVo\" width=\"459\"><\/iframe><\/p>\n<p>Y, los alumnos y alumnas de 6\u00baB han visto el v\u00eddeo de Mafalda que nos habla de los derechos y deberes de los ni\u00f1os<br \/><iframe loading=\"lazy\" frameborder=\"0\" height=\"344\" src=\"https:\/\/www.youtube.com\/embed\/nARcqmgGHjA\" width=\"459\"><\/iframe><\/p>\n<p>\u00a1Conociendo nuestros derechos! Feliz D\u00eda del Ni\u00f1o<\/p><\/div>\n","protected":false},"excerpt":{"rendered":"<p>Hoy 20 de noviembre, hemos celebrado el \u00abD\u00eda Universal del Ni\u00f1o\u00bb. Para ello, se ha dise\u00f1ado un cartel con una poes\u00eda, extra\u00edda del blog de Silvia Zurdo. Es un cartel que han realizado los&#46;&#46;&#46;<\/p>\n","protected":false},"author":2025,"featured_media":0,"comment_status":"open","ping_status":"open","sticky":false,"template":"","format":"standard","meta":{"ngg_post_thumbnail":0,"footnotes":""},"categories":[2351659,2351651,784],"tags":[],"aioseo_notices":[],"_links":{"self":[{"href":"https:\/\/blogsaverroes.juntadeandalucia.es\/ceipjosesalazar\/wp-json\/wp\/v2\/posts\/2300"}],"collection":[{"href":"https:\/\/blogsaverroes.juntadeandalucia.es\/ceipjosesalazar\/wp-json\/wp\/v2\/posts"}],"about":[{"href":"https:\/\/blogsaverroes.juntadeandalucia.es\/ceipjosesalazar\/wp-json\/wp\/v2\/types\/post"}],"author":[{"embeddable":true,"href":"https:\/\/blogsaverroes.juntadeandalucia.es\/ceipjosesalazar\/wp-json\/wp\/v2\/users\/2025"}],"replies":[{"embeddable":true,"href":"https:\/\/blogsaverroes.juntadeandalucia.es\/ceipjosesalazar\/wp-json\/wp\/v2\/comments?post=2300"}],"version-history":[{"count":0,"href":"https:\/\/blogsaverroes.juntadeandalucia.es\/ceipjosesalazar\/wp-json\/wp\/v2\/posts\/2300\/revisions"}],"wp:attachment":[{"href":"https:\/\/blogsaverroes.juntadeandalucia.es\/ceipjosesalazar\/wp-json\/wp\/v2\/media?parent=2300"}],"wp:term":[{"taxonomy":"category","embeddable":true,"href":"https:\/\/blogsaverroes.juntadeandalucia.es\/ceipjosesalazar\/wp-json\/wp\/v2\/categories?post=2300"},{"taxonomy":"post_tag","embeddable":true,"href":"https:\/\/blogsaverroes.juntadeandalucia.es\/ceipjosesalazar\/wp-json\/wp\/v2\/tags?post=2300"}],"curies":[{"name":"wp","href":"https:\/\/api.w.org\/{rel}","templated":true}]}}