{"id":1208,"date":"2021-10-29T10:10:54","date_gmt":"2021-10-29T09:10:54","guid":{"rendered":"https:\/\/blogsaverroes.juntadeandalucia.es\/ceipjosesaramago\/?p=1208"},"modified":"2022-05-11T10:16:43","modified_gmt":"2022-05-11T09:16:43","slug":"halloween","status":"publish","type":"post","link":"https:\/\/blogsaverroes.juntadeandalucia.es\/ceipjosesaramago\/halloween\/","title":{"rendered":"Halloween"},"content":{"rendered":"<div class=\"kvgmc6g5 cxmmr5t8 oygrvhab hcukyx3x c1et5uql ii04i59q\">\n<div dir=\"auto\">Hoy nuestro cole se ha llenado de brujas, vampiros y alg\u00fan que otro Frankenstein para celebrar Halloween.<\/div>\n<\/div>\n<div class=\"cxmmr5t8 oygrvhab hcukyx3x c1et5uql o9v6fnle ii04i59q\">\n<div dir=\"auto\">Desde el Proyecto Biling\u00fce y Plan de bibliotecas se han organizado unos cuentacuentos en ingl\u00e9s para todos los peques de nuestro cole. As\u00ed como un concurso de mascarillas terror\u00edficas.<\/div>\n<\/div>\n<div class=\"cxmmr5t8 oygrvhab hcukyx3x c1et5uql o9v6fnle ii04i59q\">\n<div dir=\"auto\">Adem\u00e1s, hemos tenido la visita de algunos Frankenstein.<\/div>\n<\/div>\n<div class=\"cxmmr5t8 oygrvhab hcukyx3x c1et5uql o9v6fnle ii04i59q\">\n<div dir=\"auto\">Mil gracias a los padres y madres que hab\u00e9is colaborado decorando el cole, visti\u00e9ndoos de Frankenstein y participando en la elaboraci\u00f3n de mascarillas terror\u00edficas.<\/div>\n<\/div>\n<div class=\"cxmmr5t8 oygrvhab hcukyx3x c1et5uql o9v6fnle ii04i59q\">\n<div dir=\"auto\">Y por supuesto gracias a nuestros lectores de cuentos en ingl\u00e9s!!<\/div>\n<\/div>\n<div dir=\"auto\">&nbsp;<\/div>\n<div dir=\"auto\">Pod\u00e9is ver m\u00e1s informaci\u00f3n en <a href=\"https:\/\/www.facebook.com\/ceip.josesaramago\/posts\/393963002452883\" target=\"_blank\" rel=\"noopener noreferrer\">nuestro perfil de facebook<\/a>.<\/div>\n","protected":false},"excerpt":{"rendered":"<p>Hoy nuestro cole se ha llenado de brujas, vampiros y alg\u00fan que otro Frankenstein para celebrar Halloween. Desde el Proyecto Biling\u00fce y Plan de bibliotecas&hellip;<\/p>\n","protected":false},"author":10459,"featured_media":1210,"comment_status":"closed","ping_status":"open","sticky":false,"template":"","format":"standard","meta":{"ngg_post_thumbnail":0,"footnotes":""},"categories":[3],"tags":[],"aioseo_notices":[],"_links":{"self":[{"href":"https:\/\/blogsaverroes.juntadeandalucia.es\/ceipjosesaramago\/wp-json\/wp\/v2\/posts\/1208"}],"collection":[{"href":"https:\/\/blogsaverroes.juntadeandalucia.es\/ceipjosesaramago\/wp-json\/wp\/v2\/posts"}],"about":[{"href":"https:\/\/blogsaverroes.juntadeandalucia.es\/ceipjosesaramago\/wp-json\/wp\/v2\/types\/post"}],"author":[{"embeddable":true,"href":"https:\/\/blogsaverroes.juntadeandalucia.es\/ceipjosesaramago\/wp-json\/wp\/v2\/users\/10459"}],"replies":[{"embeddable":true,"href":"https:\/\/blogsaverroes.juntadeandalucia.es\/ceipjosesaramago\/wp-json\/wp\/v2\/comments?post=1208"}],"version-history":[{"count":2,"href":"https:\/\/blogsaverroes.juntadeandalucia.es\/ceipjosesaramago\/wp-json\/wp\/v2\/posts\/1208\/revisions"}],"predecessor-version":[{"id":1211,"href":"https:\/\/blogsaverroes.juntadeandalucia.es\/ceipjosesaramago\/wp-json\/wp\/v2\/posts\/1208\/revisions\/1211"}],"wp:featuredmedia":[{"embeddable":true,"href":"https:\/\/blogsaverroes.juntadeandalucia.es\/ceipjosesaramago\/wp-json\/wp\/v2\/media\/1210"}],"wp:attachment":[{"href":"https:\/\/blogsaverroes.juntadeandalucia.es\/ceipjosesaramago\/wp-json\/wp\/v2\/media?parent=1208"}],"wp:term":[{"taxonomy":"category","embeddable":true,"href":"https:\/\/blogsaverroes.juntadeandalucia.es\/ceipjosesaramago\/wp-json\/wp\/v2\/categories?post=1208"},{"taxonomy":"post_tag","embeddable":true,"href":"https:\/\/blogsaverroes.juntadeandalucia.es\/ceipjosesaramago\/wp-json\/wp\/v2\/tags?post=1208"}],"curies":[{"name":"wp","href":"https:\/\/api.w.org\/{rel}","templated":true}]}}