{"id":1288,"date":"2022-06-28T09:30:53","date_gmt":"2022-06-28T08:30:53","guid":{"rendered":"https:\/\/blogsaverroes.juntadeandalucia.es\/ceipjosesaramago\/?p=1288"},"modified":"2022-06-28T09:35:36","modified_gmt":"2022-06-28T08:35:36","slug":"udi-6-comunidad-de-aprendizaje","status":"publish","type":"post","link":"https:\/\/blogsaverroes.juntadeandalucia.es\/ceipjosesaramago\/udi-6-comunidad-de-aprendizaje\/","title":{"rendered":"UDI 6: Comunidad de Aprendizaje"},"content":{"rendered":"<p>Nuestra \u00faltima UDI de este a\u00f1o ha tenido como producto final un video resumen de nuestro centro escolar, centrado en la promoci\u00f3n de la pertenencia a la red de Comunidades de Aprendizaje. Os dejamos enlace al video en nuestro canal de Youtube, del que os recordamos que deber\u00edais suscrib\u00edos para no perderos ning\u00fan video:<\/p>\n<p><iframe loading=\"lazy\" src=\"https:\/\/www.youtube.com\/embed\/-9SVnuH9yvE\" width=\"560\" height=\"315\" frameborder=\"0\"><\/iframe><\/p>\n<p>Adem\u00e1s de este estupendo trabajo, el alumnado de 5\u00ba de Primaria ha realizado una visita virtual por las instalaciones de nuestro colegio:<\/p>\n<p><iframe loading=\"lazy\" src=\"https:\/\/kuula.co\/share\/collection\/7vK3b?logo=1&amp;info=1&amp;fs=1&amp;vr=0&amp;sd=1&amp;thumbs=0&amp;inst=es\" width=\"100%\" height=\"640\" frameborder=\"0\" scrolling=\"no\"><\/iframe><br \/>\n&nbsp;<\/p>\n<p>&nbsp;<\/p>\n","protected":false},"excerpt":{"rendered":"<p>Nuestra \u00faltima UDI de este a\u00f1o ha tenido como producto final un video resumen de nuestro centro escolar, centrado en la promoci\u00f3n de la pertenencia&hellip;<\/p>\n","protected":false},"author":10459,"featured_media":1290,"comment_status":"closed","ping_status":"open","sticky":false,"template":"","format":"standard","meta":{"ngg_post_thumbnail":0,"footnotes":""},"categories":[3],"tags":[],"aioseo_notices":[],"_links":{"self":[{"href":"https:\/\/blogsaverroes.juntadeandalucia.es\/ceipjosesaramago\/wp-json\/wp\/v2\/posts\/1288"}],"collection":[{"href":"https:\/\/blogsaverroes.juntadeandalucia.es\/ceipjosesaramago\/wp-json\/wp\/v2\/posts"}],"about":[{"href":"https:\/\/blogsaverroes.juntadeandalucia.es\/ceipjosesaramago\/wp-json\/wp\/v2\/types\/post"}],"author":[{"embeddable":true,"href":"https:\/\/blogsaverroes.juntadeandalucia.es\/ceipjosesaramago\/wp-json\/wp\/v2\/users\/10459"}],"replies":[{"embeddable":true,"href":"https:\/\/blogsaverroes.juntadeandalucia.es\/ceipjosesaramago\/wp-json\/wp\/v2\/comments?post=1288"}],"version-history":[{"count":1,"href":"https:\/\/blogsaverroes.juntadeandalucia.es\/ceipjosesaramago\/wp-json\/wp\/v2\/posts\/1288\/revisions"}],"predecessor-version":[{"id":1289,"href":"https:\/\/blogsaverroes.juntadeandalucia.es\/ceipjosesaramago\/wp-json\/wp\/v2\/posts\/1288\/revisions\/1289"}],"wp:featuredmedia":[{"embeddable":true,"href":"https:\/\/blogsaverroes.juntadeandalucia.es\/ceipjosesaramago\/wp-json\/wp\/v2\/media\/1290"}],"wp:attachment":[{"href":"https:\/\/blogsaverroes.juntadeandalucia.es\/ceipjosesaramago\/wp-json\/wp\/v2\/media?parent=1288"}],"wp:term":[{"taxonomy":"category","embeddable":true,"href":"https:\/\/blogsaverroes.juntadeandalucia.es\/ceipjosesaramago\/wp-json\/wp\/v2\/categories?post=1288"},{"taxonomy":"post_tag","embeddable":true,"href":"https:\/\/blogsaverroes.juntadeandalucia.es\/ceipjosesaramago\/wp-json\/wp\/v2\/tags?post=1288"}],"curies":[{"name":"wp","href":"https:\/\/api.w.org\/{rel}","templated":true}]}}