{"id":245,"date":"2016-03-01T11:07:51","date_gmt":"2016-03-01T11:07:51","guid":{"rendered":"http:\/\/blogsaverroes.juntadeandalucia.es\/pre\/ceip\/?p=245"},"modified":"2016-03-08T10:16:09","modified_gmt":"2016-03-08T10:16:09","slug":"escolarizacion-201617","status":"publish","type":"post","link":"https:\/\/blogsaverroes.juntadeandalucia.es\/ceipjuancarrillo\/escolarizacion-201617\/","title":{"rendered":"Escolarizaci\u00f3n 2016\/17"},"content":{"rendered":"<p><a href=\"http:\/\/www.juntadeandalucia.es\/educacion\/portals\/web\/escolarizacion\" target=\"_blank\"><img loading=\"lazy\" decoding=\"async\" class=\"aligncenter wp-image-2318 size-medium\" title=\"Portal de escolarizaci\u00f3n de la Consejer\u00eda de Educaci\u00f3n\" src=\"http:\/\/blogsaverroes.juntadeandalucia.es\/ceipjuancarrillo\/files\/2015\/03\/Logo-Escolarizaci\u00f3n-2016-17-300x82.jpg\" alt=\"Portal de escolarizaci\u00f3n\" width=\"300\" height=\"82\" \/><\/a><\/p>\n<p>El proceso de escolarizaci\u00f3n y matr\u00edcula se pone en marcha desde el d\u00eda 1 de marzo en todo el territorio andaluz. Toda la informaci\u00f3n estar\u00e1 disponible en la secretar\u00eda del centro, en la que se aclarar\u00e1 cualquier duda que las familias puedan tener en todo lo referente a: Zonas de escolarizaci\u00f3n, plazas, baremos, procedimientos, documentaci\u00f3n, etc. Toda esta informaci\u00f3n tambi\u00e9n est\u00e1 disponible en el\u00a0<a href=\"http:\/\/www.juntadeandalucia.es\/educacion\/portals\/web\/escolarizacion\" target=\"_blank\">portal de escolarizaci\u00f3n de la Consejer\u00eda de Educaci\u00f3n<\/a>.\u00a0El calendario a tener en cuenta es el siguiente:<\/p>\n<ul>\n<li>Del 1 al 31 de marzo: Presentaci\u00f3n de las solicitudes de admisi\u00f3n.\u00a0<a href=\"http:\/\/blogsaverroes.juntadeandalucia.es\/ceipjuancarrillo\/files\/2015\/03\/Impreso_Solicitud_Admision_Anexo_III.pdf\" target=\"_blank\">Impreso de Solicitud<\/a><\/li>\n<li>Antes del 11 de abril: Publicaci\u00f3n de la relaci\u00f3n de solicitudes con su baremo correspondiente.<\/li>\n<li>12 de abril: Comienzo del tr\u00e1mite de alegaciones.<\/li>\n<li>10 de mayo: Sorteo p\u00fablico para dirimir las posibles situaciones de empate.<\/li>\n<li>12 de mayo: Publicaci\u00f3n de la relaci\u00f3n de alumnado admitido en el\u00a0centro solicitado como prioritario.<\/li>\n<li>20 de mayo:\u00a0Publicaci\u00f3n\u00a0adjudicaci\u00f3n de\u00a0plaza escolar al alumnado\u00a0no admitido en el centro elegido como prioritario.<\/li>\n<li>21 de mayo: Recursos y reclamaciones.<\/li>\n<li>Del 1 al 8 de junio: Matriculaci\u00f3n del alumnado de 2\u00ba Ciclo de Educaci\u00f3n Infantil y Educaci\u00f3n Primaria.<\/li>\n<\/ul>\n<p>&nbsp;<\/p>\n","protected":false},"excerpt":{"rendered":"<p>El proceso de escolarizaci\u00f3n y matr\u00edcula se pone en marcha desde el d\u00eda 1 de marzo en todo el territorio andaluz. Toda la informaci\u00f3n estar\u00e1 disponible en la secretar\u00eda del centro, en la que&#46;&#46;&#46;<\/p>\n","protected":false},"author":1,"featured_media":2335,"comment_status":"closed","ping_status":"open","sticky":false,"template":"","format":"standard","meta":{"ngg_post_thumbnail":0,"footnotes":""},"categories":[526],"tags":[8689],"aioseo_notices":[],"_links":{"self":[{"href":"https:\/\/blogsaverroes.juntadeandalucia.es\/ceipjuancarrillo\/wp-json\/wp\/v2\/posts\/245"}],"collection":[{"href":"https:\/\/blogsaverroes.juntadeandalucia.es\/ceipjuancarrillo\/wp-json\/wp\/v2\/posts"}],"about":[{"href":"https:\/\/blogsaverroes.juntadeandalucia.es\/ceipjuancarrillo\/wp-json\/wp\/v2\/types\/post"}],"author":[{"embeddable":true,"href":"https:\/\/blogsaverroes.juntadeandalucia.es\/ceipjuancarrillo\/wp-json\/wp\/v2\/users\/1"}],"replies":[{"embeddable":true,"href":"https:\/\/blogsaverroes.juntadeandalucia.es\/ceipjuancarrillo\/wp-json\/wp\/v2\/comments?post=245"}],"version-history":[{"count":3,"href":"https:\/\/blogsaverroes.juntadeandalucia.es\/ceipjuancarrillo\/wp-json\/wp\/v2\/posts\/245\/revisions"}],"predecessor-version":[{"id":2362,"href":"https:\/\/blogsaverroes.juntadeandalucia.es\/ceipjuancarrillo\/wp-json\/wp\/v2\/posts\/245\/revisions\/2362"}],"wp:featuredmedia":[{"embeddable":true,"href":"https:\/\/blogsaverroes.juntadeandalucia.es\/ceipjuancarrillo\/wp-json\/wp\/v2\/media\/2335"}],"wp:attachment":[{"href":"https:\/\/blogsaverroes.juntadeandalucia.es\/ceipjuancarrillo\/wp-json\/wp\/v2\/media?parent=245"}],"wp:term":[{"taxonomy":"category","embeddable":true,"href":"https:\/\/blogsaverroes.juntadeandalucia.es\/ceipjuancarrillo\/wp-json\/wp\/v2\/categories?post=245"},{"taxonomy":"post_tag","embeddable":true,"href":"https:\/\/blogsaverroes.juntadeandalucia.es\/ceipjuancarrillo\/wp-json\/wp\/v2\/tags?post=245"}],"curies":[{"name":"wp","href":"https:\/\/api.w.org\/{rel}","templated":true}]}}