{"id":3299,"date":"2016-12-12T16:03:40","date_gmt":"2016-12-12T16:03:40","guid":{"rendered":"http:\/\/blogsaverroes.juntadeandalucia.es\/ceipjuancarrillo\/?p=3299"},"modified":"2016-12-12T16:03:40","modified_gmt":"2016-12-12T16:03:40","slug":"composicion-del-consejo-escolar","status":"publish","type":"post","link":"https:\/\/blogsaverroes.juntadeandalucia.es\/ceipjuancarrillo\/composicion-del-consejo-escolar\/","title":{"rendered":"Composici\u00f3n del Consejo Escolar"},"content":{"rendered":"<p>El pasado 28 de noviembre, culmin\u00f3 el proceso de elecci\u00f3n de representantes al Consejo Escolar del centro con la constituci\u00f3n del mismo en sesi\u00f3n extraordinaria. Tras el proceso de elecciones, la composici\u00f3n de dicho consejo, queda como sigue por sectores:<\/p>\n<p>&#8212;&#8212;&#8212;&#8212;&#8212;&#8212;&#8212;&#8212;&#8212;+&#8212;&#8212;&#8212;&#8212;&#8212;&#8212;&#8212;&#8212;&#8212;&#8212;&#8212;&#8212;&#8212;&#8212;&#8212;&#8212;&#8212;&#8212;&#8212;&#8212;&#8212;&#8212;&#8212;&#8212;<\/p>\n<p>Sector \u00a0 \u00a0 \u00a0 \u00a0 \u00a0 \u00a0 \u00a0 \u00a0 \u00a0 \u00a0 \u00a0 \u00a0 \u00a0 \u00a0 \u00a0 |Miembro<\/p>\n<p>&#8212;&#8212;&#8212;&#8212;&#8212;&#8212;&#8212;&#8212;&#8212;+&#8212;&#8212;&#8212;&#8212;&#8212;&#8212;&#8212;&#8212;&#8212;&#8212;&#8212;&#8212;&#8212;&#8212;&#8212;&#8212;&#8212;&#8212;&#8212;&#8212;&#8212;&#8212;&#8212;&#8212;<\/p>\n<p>Equipo Directivo\u00a0\u00a0\u00a0\u00a0\u00a0\u00a0\u00a0\u00a0\u00a0\u00a0 |Rabanal Alfayate, Julio Fernando (DIRECTOR\/A)<\/p>\n<p>Equipo Directivo\u00a0\u00a0\u00a0\u00a0\u00a0\u00a0\u00a0\u00a0\u00a0\u00a0 |G\u00f3mez Lacal, Miguel \u00c1ngel (JEFE\/A DE ESTUDIOS)<\/p>\n<p>Equipo Directivo\u00a0\u00a0\u00a0\u00a0\u00a0\u00a0\u00a0\u00a0\u00a0\u00a0 |Ben\u00edtez S\u00e1nchez, Antonio (SECRETARIO\/A)<\/p>\n<p>Profesorado\u00a0\u00a0\u00a0\u00a0\u00a0\u00a0\u00a0\u00a0\u00a0\u00a0\u00a0\u00a0\u00a0\u00a0\u00a0\u00a0\u00a0\u00a0 |Calle Ramos, M\u00f3nica<\/p>\n<p>Profesorado\u00a0\u00a0\u00a0\u00a0\u00a0\u00a0\u00a0\u00a0\u00a0\u00a0\u00a0\u00a0\u00a0\u00a0\u00a0\u00a0\u00a0\u00a0 |Garc\u00eda Delgado, Marta<\/p>\n<p>Profesorado\u00a0\u00a0\u00a0\u00a0\u00a0\u00a0\u00a0\u00a0\u00a0\u00a0\u00a0\u00a0\u00a0\u00a0\u00a0\u00a0\u00a0\u00a0 |Gonz\u00e1lez Cantos, Dolores<\/p>\n<p>Profesorado\u00a0\u00a0\u00a0\u00a0\u00a0\u00a0\u00a0\u00a0\u00a0\u00a0\u00a0\u00a0\u00a0\u00a0\u00a0\u00a0\u00a0\u00a0 |Guerrero Mu\u00f1oz, Inmaculada<\/p>\n<p>Profesorado\u00a0\u00a0\u00a0\u00a0\u00a0\u00a0\u00a0\u00a0\u00a0\u00a0\u00a0\u00a0\u00a0\u00a0\u00a0\u00a0\u00a0\u00a0 |Maqueda Borrego, Mar\u00eda Auxiliadora<\/p>\n<p>Profesorado\u00a0\u00a0\u00a0\u00a0\u00a0\u00a0\u00a0\u00a0\u00a0\u00a0\u00a0\u00a0\u00a0\u00a0\u00a0\u00a0\u00a0\u00a0 |Mart\u00ednez P\u00e9rez, Mar\u00eda Dolores<\/p>\n<p>Profesorado\u00a0\u00a0\u00a0\u00a0\u00a0\u00a0\u00a0\u00a0\u00a0\u00a0\u00a0\u00a0\u00a0\u00a0\u00a0\u00a0\u00a0\u00a0 |Ram\u00edrez del R\u00edo, Irene Raquel<\/p>\n<p>Profesorado\u00a0\u00a0\u00a0\u00a0\u00a0\u00a0\u00a0\u00a0\u00a0\u00a0\u00a0\u00a0\u00a0\u00a0\u00a0\u00a0\u00a0\u00a0 |Romero Laure, David<\/p>\n<p>Madres\/Padres\/Tutores\u00a0\u00a0\u00a0\u00a0\u00a0 |Banderas Hiraldo, Jaime<\/p>\n<p>Madres\/Padres\/Tutores\u00a0\u00a0\u00a0\u00a0\u00a0 |Chica Aguilar, Miguel \u00c1ngel<\/p>\n<p>Madres\/Padres\/Tutores\u00a0\u00a0\u00a0\u00a0\u00a0 |Gil Jim\u00e9nez, Eva Mar\u00eda<\/p>\n<p>Madres\/Padres\/Tutores\u00a0\u00a0\u00a0\u00a0\u00a0 |Guti\u00e9rrez D\u00edaz, Francisco<\/p>\n<p>Madres\/Padres\/Tutores\u00a0\u00a0\u00a0\u00a0\u00a0 |Jim\u00e9nez Reyes, Angustias<\/p>\n<p>Madres\/Padres\/Tutores\u00a0\u00a0\u00a0\u00a0\u00a0 |Merino Calvente, Ana<\/p>\n<p>Madres\/Padres\/Tutores\u00a0\u00a0\u00a0\u00a0\u00a0 |Pereila Rodr\u00edguez, Inmaculada<\/p>\n<p>Madres\/Padres\/Tutores\u00a0\u00a0\u00a0\u00a0\u00a0 |S\u00e1nchez Sierra, Ana Isabel<\/p>\n<p>Madres\/Padres\/Tutores\u00a0\u00a0\u00a0\u00a0\u00a0 |Gamarro Rueda, Mar\u00eda Almudena (REPRESENTANTE DE LA A.M.P.A. MAYORITARIA)<\/p>\n<p>Personal Adm\u00f3n. y Servicios\u00a0 |Becerra Serrato, Francisco<\/p>\n<p>Ayuntamiento\u00a0\u00a0\u00a0\u00a0\u00a0\u00a0\u00a0\u00a0\u00a0\u00a0\u00a0\u00a0\u00a0\u00a0 |Garc\u00eda Cubiles, Yolanda (CONCEJAL O REPRESENTANTE DEL AYUNTAMIENTO)<\/p>\n","protected":false},"excerpt":{"rendered":"<p>El pasado 28 de noviembre, culmin\u00f3 el proceso de elecci\u00f3n de representantes al Consejo Escolar del centro con la constituci\u00f3n del mismo en sesi\u00f3n extraordinaria. Tras el proceso de elecciones, la composici\u00f3n de dicho&#46;&#46;&#46;<\/p>\n","protected":false},"author":3558,"featured_media":3294,"comment_status":"open","ping_status":"open","sticky":false,"template":"","format":"standard","meta":{"ngg_post_thumbnail":0,"footnotes":""},"categories":[526],"tags":[],"aioseo_notices":[],"_links":{"self":[{"href":"https:\/\/blogsaverroes.juntadeandalucia.es\/ceipjuancarrillo\/wp-json\/wp\/v2\/posts\/3299"}],"collection":[{"href":"https:\/\/blogsaverroes.juntadeandalucia.es\/ceipjuancarrillo\/wp-json\/wp\/v2\/posts"}],"about":[{"href":"https:\/\/blogsaverroes.juntadeandalucia.es\/ceipjuancarrillo\/wp-json\/wp\/v2\/types\/post"}],"author":[{"embeddable":true,"href":"https:\/\/blogsaverroes.juntadeandalucia.es\/ceipjuancarrillo\/wp-json\/wp\/v2\/users\/3558"}],"replies":[{"embeddable":true,"href":"https:\/\/blogsaverroes.juntadeandalucia.es\/ceipjuancarrillo\/wp-json\/wp\/v2\/comments?post=3299"}],"version-history":[{"count":1,"href":"https:\/\/blogsaverroes.juntadeandalucia.es\/ceipjuancarrillo\/wp-json\/wp\/v2\/posts\/3299\/revisions"}],"predecessor-version":[{"id":3300,"href":"https:\/\/blogsaverroes.juntadeandalucia.es\/ceipjuancarrillo\/wp-json\/wp\/v2\/posts\/3299\/revisions\/3300"}],"wp:featuredmedia":[{"embeddable":true,"href":"https:\/\/blogsaverroes.juntadeandalucia.es\/ceipjuancarrillo\/wp-json\/wp\/v2\/media\/3294"}],"wp:attachment":[{"href":"https:\/\/blogsaverroes.juntadeandalucia.es\/ceipjuancarrillo\/wp-json\/wp\/v2\/media?parent=3299"}],"wp:term":[{"taxonomy":"category","embeddable":true,"href":"https:\/\/blogsaverroes.juntadeandalucia.es\/ceipjuancarrillo\/wp-json\/wp\/v2\/categories?post=3299"},{"taxonomy":"post_tag","embeddable":true,"href":"https:\/\/blogsaverroes.juntadeandalucia.es\/ceipjuancarrillo\/wp-json\/wp\/v2\/tags?post=3299"}],"curies":[{"name":"wp","href":"https:\/\/api.w.org\/{rel}","templated":true}]}}