{"id":3393,"date":"2017-02-20T10:41:10","date_gmt":"2017-02-20T09:41:10","guid":{"rendered":"http:\/\/blogsaverroes.juntadeandalucia.es\/ceipjuancarrillo\/?p=3393"},"modified":"2017-02-21T08:38:34","modified_gmt":"2017-02-21T07:38:34","slug":"dia-de-la-paz","status":"publish","type":"post","link":"https:\/\/blogsaverroes.juntadeandalucia.es\/ceipjuancarrillo\/dia-de-la-paz\/","title":{"rendered":"D\u00eda de la Paz"},"content":{"rendered":"<h3 style=\"text-align: justify\">El pasado mi\u00e9rcoles d\u00eda 1 de febrero, los centros educativos de Ronda celebramos el D\u00eda Escolar de la Paz. Lo hicimos los alumnos y alumnas de 4\u00ba curso de Primaria de cada Centro, con una marcha desde la avenida Mart\u00ednez Astein hasta el teatro municipal, con pancartas alusivas a la Paz, donde cada Centro realiz\u00f3 la actividad que hab\u00eda preparado. Nuestro colegio hizo una breve representaci\u00f3n sobre el origen del s\u00edmbolo de la Paz m\u00e1s conocido: la paloma de la Paz, basado en una leyenda de Bak\u00fa, capital de Azerbay\u00e1n.<\/h3>\n<p>(Click para aumentar)<\/p>\n<p><a href=\"http:\/\/blogsaverroes.juntadeandalucia.es\/ceipjuancarrillo\/files\/2017\/02\/20170201_104804.jpg\" target=\"_blank\"><img loading=\"lazy\" decoding=\"async\" class=\"size-medium wp-image-3397 alignright\" src=\"http:\/\/blogsaverroes.juntadeandalucia.es\/ceipjuancarrillo\/files\/2017\/02\/20170201_104804-300x169.jpg\" alt=\"\" width=\"300\" height=\"169\" srcset=\"https:\/\/blogsaverroes.juntadeandalucia.es\/ceipjuancarrillo\/files\/2017\/02\/20170201_104804-300x169.jpg 300w, https:\/\/blogsaverroes.juntadeandalucia.es\/ceipjuancarrillo\/files\/2017\/02\/20170201_104804-1024x576.jpg 1024w, https:\/\/blogsaverroes.juntadeandalucia.es\/ceipjuancarrillo\/files\/2017\/02\/20170201_104804-24x14.jpg 24w, https:\/\/blogsaverroes.juntadeandalucia.es\/ceipjuancarrillo\/files\/2017\/02\/20170201_104804-36x20.jpg 36w, https:\/\/blogsaverroes.juntadeandalucia.es\/ceipjuancarrillo\/files\/2017\/02\/20170201_104804-48x27.jpg 48w\" sizes=\"(max-width: 300px) 100vw, 300px\" \/><\/a> <a href=\"http:\/\/blogsaverroes.juntadeandalucia.es\/ceipjuancarrillo\/files\/2017\/02\/20170201_104756.jpg\" target=\"_blank\"><img loading=\"lazy\" decoding=\"async\" class=\"size-medium wp-image-3396 alignright\" src=\"http:\/\/blogsaverroes.juntadeandalucia.es\/ceipjuancarrillo\/files\/2017\/02\/20170201_104756-300x169.jpg\" alt=\"\" width=\"300\" height=\"169\" srcset=\"https:\/\/blogsaverroes.juntadeandalucia.es\/ceipjuancarrillo\/files\/2017\/02\/20170201_104756-300x169.jpg 300w, https:\/\/blogsaverroes.juntadeandalucia.es\/ceipjuancarrillo\/files\/2017\/02\/20170201_104756-1024x576.jpg 1024w, https:\/\/blogsaverroes.juntadeandalucia.es\/ceipjuancarrillo\/files\/2017\/02\/20170201_104756-24x14.jpg 24w, https:\/\/blogsaverroes.juntadeandalucia.es\/ceipjuancarrillo\/files\/2017\/02\/20170201_104756-36x20.jpg 36w, https:\/\/blogsaverroes.juntadeandalucia.es\/ceipjuancarrillo\/files\/2017\/02\/20170201_104756-48x27.jpg 48w\" sizes=\"(max-width: 300px) 100vw, 300px\" \/><\/a><\/p>\n","protected":false},"excerpt":{"rendered":"<p>El pasado mi\u00e9rcoles d\u00eda 1 de febrero, los centros educativos de Ronda celebramos el D\u00eda Escolar de la Paz. Lo hicimos los alumnos y alumnas de 4\u00ba curso de Primaria de cada Centro, con&#46;&#46;&#46;<\/p>\n","protected":false},"author":3558,"featured_media":3383,"comment_status":"open","ping_status":"open","sticky":false,"template":"","format":"standard","meta":{"ngg_post_thumbnail":0,"footnotes":""},"categories":[25495,526],"tags":[],"aioseo_notices":[],"_links":{"self":[{"href":"https:\/\/blogsaverroes.juntadeandalucia.es\/ceipjuancarrillo\/wp-json\/wp\/v2\/posts\/3393"}],"collection":[{"href":"https:\/\/blogsaverroes.juntadeandalucia.es\/ceipjuancarrillo\/wp-json\/wp\/v2\/posts"}],"about":[{"href":"https:\/\/blogsaverroes.juntadeandalucia.es\/ceipjuancarrillo\/wp-json\/wp\/v2\/types\/post"}],"author":[{"embeddable":true,"href":"https:\/\/blogsaverroes.juntadeandalucia.es\/ceipjuancarrillo\/wp-json\/wp\/v2\/users\/3558"}],"replies":[{"embeddable":true,"href":"https:\/\/blogsaverroes.juntadeandalucia.es\/ceipjuancarrillo\/wp-json\/wp\/v2\/comments?post=3393"}],"version-history":[{"count":7,"href":"https:\/\/blogsaverroes.juntadeandalucia.es\/ceipjuancarrillo\/wp-json\/wp\/v2\/posts\/3393\/revisions"}],"predecessor-version":[{"id":3402,"href":"https:\/\/blogsaverroes.juntadeandalucia.es\/ceipjuancarrillo\/wp-json\/wp\/v2\/posts\/3393\/revisions\/3402"}],"wp:featuredmedia":[{"embeddable":true,"href":"https:\/\/blogsaverroes.juntadeandalucia.es\/ceipjuancarrillo\/wp-json\/wp\/v2\/media\/3383"}],"wp:attachment":[{"href":"https:\/\/blogsaverroes.juntadeandalucia.es\/ceipjuancarrillo\/wp-json\/wp\/v2\/media?parent=3393"}],"wp:term":[{"taxonomy":"category","embeddable":true,"href":"https:\/\/blogsaverroes.juntadeandalucia.es\/ceipjuancarrillo\/wp-json\/wp\/v2\/categories?post=3393"},{"taxonomy":"post_tag","embeddable":true,"href":"https:\/\/blogsaverroes.juntadeandalucia.es\/ceipjuancarrillo\/wp-json\/wp\/v2\/tags?post=3393"}],"curies":[{"name":"wp","href":"https:\/\/api.w.org\/{rel}","templated":true}]}}