{"id":3435,"date":"2017-03-10T13:42:14","date_gmt":"2017-03-10T12:42:14","guid":{"rendered":"http:\/\/blogsaverroes.juntadeandalucia.es\/ceipjuancarrillo\/?p=3435"},"modified":"2020-03-19T21:22:36","modified_gmt":"2020-03-19T20:22:36","slug":"nuevos-blogs-en-el-centro","status":"publish","type":"post","link":"https:\/\/blogsaverroes.juntadeandalucia.es\/ceipjuancarrillo\/nuevos-blogs-en-el-centro\/","title":{"rendered":"Blogs antiguos del centro"},"content":{"rendered":"<h2>&nbsp;BLOGS ANTIGUOS DEL CENTRO<\/h2>\n<h3 style=\"text-align: justify\">&nbsp; &nbsp; Aqu\u00ed se publicar\u00e1 informaci\u00f3n sobre los nuevos blogs que se van a ir publicando desde el Centro y en nuestro men\u00fa de Blogs del Centro, con la fecha inicial de su publicaci\u00f3n.<\/h3>\n<h3>25\/marzo\/2019<\/h3>\n<h3>Se ha a\u00f1adido un nuevo blog para trabajar las ciencias de 5\u00ba. La idea es ir incluyendo en \u00e9l parte del material que ayudar\u00e1 a llevar a cabo el trabajo tanto en clase como en casa del alumnado de ciencias biling\u00fces en 5\u00ba. Para acceder haz click en el nombre de la asignatura. <a href=\"https:\/\/blogsaverroes.juntadeandalucia.es\/juancarrilloscienceyr5\/\">Natural Science YR 5<\/a><\/h3>\n<p>&nbsp;<\/p>\n<h3>10\/marzo\/2017<\/h3>\n<h3 style=\"text-align: justify\">Se ha a\u00f1adido dos, el primero es de noticias y se llama <a href=\"https:\/\/noticiasjuancarrillo.blogspot.com.es\/\" target=\"_blank\" rel=\"noopener noreferrer\">Carrillo News<\/a>. Es un peri\u00f3dico digital de buenas noticias elaborado por los alumn@s de 6\u00baA de la asignatura de \u00abValores\u00bb.<\/h3>\n<h3 style=\"text-align: justify\">&nbsp; &nbsp; &nbsp; &nbsp;El segundo, se llama \u00ab<a href=\"http:\/\/sciencejuancarrillo.blogspot.com.es\/\" target=\"_blank\" rel=\"noopener noreferrer\">Science Juan Carrillo<\/a>\u00ab, y est\u00e1 dirigido a&nbsp;los cursos sexto y tercero del colegio. Con este espacio virtual se pretende poner al alcance de los alumn@s recursos educativos que les ayuden a aprender y les faciliten la comprensi\u00f3n de las materias de Social Science y Natural Science.<\/h3>\n","protected":false},"excerpt":{"rendered":"<p>&nbsp;BLOGS ANTIGUOS DEL CENTRO &nbsp; &nbsp; Aqu\u00ed se publicar\u00e1 informaci\u00f3n sobre los nuevos blogs que se van a ir publicando desde el Centro y en nuestro men\u00fa de Blogs del Centro, con la fecha&#46;&#46;&#46;<\/p>\n","protected":false},"author":3558,"featured_media":3436,"comment_status":"open","ping_status":"open","sticky":false,"template":"","format":"standard","meta":{"ngg_post_thumbnail":0,"footnotes":""},"categories":[11909],"tags":[],"aioseo_notices":[],"_links":{"self":[{"href":"https:\/\/blogsaverroes.juntadeandalucia.es\/ceipjuancarrillo\/wp-json\/wp\/v2\/posts\/3435"}],"collection":[{"href":"https:\/\/blogsaverroes.juntadeandalucia.es\/ceipjuancarrillo\/wp-json\/wp\/v2\/posts"}],"about":[{"href":"https:\/\/blogsaverroes.juntadeandalucia.es\/ceipjuancarrillo\/wp-json\/wp\/v2\/types\/post"}],"author":[{"embeddable":true,"href":"https:\/\/blogsaverroes.juntadeandalucia.es\/ceipjuancarrillo\/wp-json\/wp\/v2\/users\/3558"}],"replies":[{"embeddable":true,"href":"https:\/\/blogsaverroes.juntadeandalucia.es\/ceipjuancarrillo\/wp-json\/wp\/v2\/comments?post=3435"}],"version-history":[{"count":6,"href":"https:\/\/blogsaverroes.juntadeandalucia.es\/ceipjuancarrillo\/wp-json\/wp\/v2\/posts\/3435\/revisions"}],"predecessor-version":[{"id":3828,"href":"https:\/\/blogsaverroes.juntadeandalucia.es\/ceipjuancarrillo\/wp-json\/wp\/v2\/posts\/3435\/revisions\/3828"}],"wp:featuredmedia":[{"embeddable":true,"href":"https:\/\/blogsaverroes.juntadeandalucia.es\/ceipjuancarrillo\/wp-json\/wp\/v2\/media\/3436"}],"wp:attachment":[{"href":"https:\/\/blogsaverroes.juntadeandalucia.es\/ceipjuancarrillo\/wp-json\/wp\/v2\/media?parent=3435"}],"wp:term":[{"taxonomy":"category","embeddable":true,"href":"https:\/\/blogsaverroes.juntadeandalucia.es\/ceipjuancarrillo\/wp-json\/wp\/v2\/categories?post=3435"},{"taxonomy":"post_tag","embeddable":true,"href":"https:\/\/blogsaverroes.juntadeandalucia.es\/ceipjuancarrillo\/wp-json\/wp\/v2\/tags?post=3435"}],"curies":[{"name":"wp","href":"https:\/\/api.w.org\/{rel}","templated":true}]}}