{"id":2832,"date":"2020-02-19T11:53:02","date_gmt":"2020-02-19T09:53:02","guid":{"rendered":"https:\/\/blogsaverroes.juntadeandalucia.es\/ceipjuandemena\/?p=2832"},"modified":"2020-02-19T14:15:50","modified_gmt":"2020-02-19T12:15:50","slug":"2832","status":"publish","type":"post","link":"https:\/\/blogsaverroes.juntadeandalucia.es\/ceipjuandemena\/2020\/02\/19\/2832\/","title":{"rendered":"Consumo de frutas y hortalizas"},"content":{"rendered":"<p style=\"text-align: justify\"><a href=\"https:\/\/blogsaverroes.juntadeandalucia.es\/ceipjuandemena\/files\/2020\/02\/cartel_plan_consumo_fruta_18_19.png\"><img loading=\"lazy\" decoding=\"async\" class=\"size-medium wp-image-2833 alignleft\" src=\"https:\/\/blogsaverroes.juntadeandalucia.es\/ceipjuandemena\/files\/2020\/02\/cartel_plan_consumo_fruta_18_19-212x300.png\" alt=\"\" width=\"212\" height=\"300\" srcset=\"https:\/\/blogsaverroes.juntadeandalucia.es\/ceipjuandemena\/files\/2020\/02\/cartel_plan_consumo_fruta_18_19-212x300.png 212w, https:\/\/blogsaverroes.juntadeandalucia.es\/ceipjuandemena\/files\/2020\/02\/cartel_plan_consumo_fruta_18_19-17x24.png 17w, https:\/\/blogsaverroes.juntadeandalucia.es\/ceipjuandemena\/files\/2020\/02\/cartel_plan_consumo_fruta_18_19-25x36.png 25w, https:\/\/blogsaverroes.juntadeandalucia.es\/ceipjuandemena\/files\/2020\/02\/cartel_plan_consumo_fruta_18_19-34x48.png 34w, https:\/\/blogsaverroes.juntadeandalucia.es\/ceipjuandemena\/files\/2020\/02\/cartel_plan_consumo_fruta_18_19.png 432w\" sizes=\"(max-width: 212px) 100vw, 212px\" \/><\/a> Primera entrega de fruta dentro del programa escolar de consumo de frutas y hortalizas al que est\u00e1 adherido nuestro centro.<\/p>\n<p style=\"text-align: justify\">Ayer disfrutamos de unas riqu\u00edsimas fresas, hoy peras y ma\u00f1ana manzanas.<\/p>\n<p style=\"text-align: justify\">Fomentamos h\u00e1bitos saludables, garantizando la ingesta de frutas y hortalizas por el alumnado en el centro con la intenci\u00f3n de que normalicen y se habit\u00faen a su consumo.<\/p>\n<div>&nbsp;<\/div>\n","protected":false},"excerpt":{"rendered":"<p>Primera entrega de fruta dentro del programa escolar de consumo de frutas y hortalizas al que est\u00e1 adherido nuestro centro. Ayer disfrutamos de unas riqu\u00edsimas fresas, hoy peras y ma\u00f1ana manzanas. Fomentamos h\u00e1bitos saludables,&#46;&#46;&#46;<\/p>\n","protected":false},"author":6383,"featured_media":2833,"comment_status":"open","ping_status":"open","sticky":false,"template":"","format":"standard","meta":{"ngg_post_thumbnail":0,"footnotes":""},"categories":[33096],"tags":[],"aioseo_notices":[],"_links":{"self":[{"href":"https:\/\/blogsaverroes.juntadeandalucia.es\/ceipjuandemena\/wp-json\/wp\/v2\/posts\/2832"}],"collection":[{"href":"https:\/\/blogsaverroes.juntadeandalucia.es\/ceipjuandemena\/wp-json\/wp\/v2\/posts"}],"about":[{"href":"https:\/\/blogsaverroes.juntadeandalucia.es\/ceipjuandemena\/wp-json\/wp\/v2\/types\/post"}],"author":[{"embeddable":true,"href":"https:\/\/blogsaverroes.juntadeandalucia.es\/ceipjuandemena\/wp-json\/wp\/v2\/users\/6383"}],"replies":[{"embeddable":true,"href":"https:\/\/blogsaverroes.juntadeandalucia.es\/ceipjuandemena\/wp-json\/wp\/v2\/comments?post=2832"}],"version-history":[{"count":5,"href":"https:\/\/blogsaverroes.juntadeandalucia.es\/ceipjuandemena\/wp-json\/wp\/v2\/posts\/2832\/revisions"}],"predecessor-version":[{"id":2838,"href":"https:\/\/blogsaverroes.juntadeandalucia.es\/ceipjuandemena\/wp-json\/wp\/v2\/posts\/2832\/revisions\/2838"}],"wp:featuredmedia":[{"embeddable":true,"href":"https:\/\/blogsaverroes.juntadeandalucia.es\/ceipjuandemena\/wp-json\/wp\/v2\/media\/2833"}],"wp:attachment":[{"href":"https:\/\/blogsaverroes.juntadeandalucia.es\/ceipjuandemena\/wp-json\/wp\/v2\/media?parent=2832"}],"wp:term":[{"taxonomy":"category","embeddable":true,"href":"https:\/\/blogsaverroes.juntadeandalucia.es\/ceipjuandemena\/wp-json\/wp\/v2\/categories?post=2832"},{"taxonomy":"post_tag","embeddable":true,"href":"https:\/\/blogsaverroes.juntadeandalucia.es\/ceipjuandemena\/wp-json\/wp\/v2\/tags?post=2832"}],"curies":[{"name":"wp","href":"https:\/\/api.w.org\/{rel}","templated":true}]}}