{"id":3208,"date":"2023-05-05T12:10:00","date_gmt":"2023-05-05T12:10:00","guid":{"rendered":"https:\/\/blogsaverroes.juntadeandalucia.es\/ceiplaatalaya\/?p=3208"},"modified":"2023-05-05T12:10:00","modified_gmt":"2023-05-05T12:10:00","slug":"cruces-de-mayo","status":"publish","type":"post","link":"https:\/\/blogsaverroes.juntadeandalucia.es\/ceiplaatalaya\/cruces-de-mayo\/","title":{"rendered":"Cruces de mayo"},"content":{"rendered":"<p>Con motivo de las cruces de mayo, el AMPA del Centro ha organizado una actividad de baile en colaboraci\u00f3n con el Grupo infantil de refajonas de N\u00edjar con su profesora Mar\u00eda S\u00e1nchez al frente. Hemos podido disfrutar del baile de varias alumnas del colegio. La actividad ha terminado con todo el alumnado y profesorado bailando unas sevillanas.<\/p>\n<p><a href=\"https:\/\/blogsaverroes.juntadeandalucia.es\/ceiplaatalaya\/files\/2023\/05\/WhatsApp-Image-2023-05-05-at-14.00.231.jpeg\"><img loading=\"lazy\" decoding=\"async\" class=\"alignnone size-medium wp-image-3209\" src=\"https:\/\/blogsaverroes.juntadeandalucia.es\/ceiplaatalaya\/files\/2023\/05\/WhatsApp-Image-2023-05-05-at-14.00.231-300x224.jpeg\" alt=\"\" width=\"300\" height=\"224\" srcset=\"https:\/\/blogsaverroes.juntadeandalucia.es\/ceiplaatalaya\/files\/2023\/05\/WhatsApp-Image-2023-05-05-at-14.00.231-300x224.jpeg 300w, https:\/\/blogsaverroes.juntadeandalucia.es\/ceiplaatalaya\/files\/2023\/05\/WhatsApp-Image-2023-05-05-at-14.00.231-768x575.jpeg 768w, https:\/\/blogsaverroes.juntadeandalucia.es\/ceiplaatalaya\/files\/2023\/05\/WhatsApp-Image-2023-05-05-at-14.00.231.jpeg 1024w\" sizes=\"(max-width: 300px) 100vw, 300px\" \/><\/a> <a href=\"https:\/\/blogsaverroes.juntadeandalucia.es\/ceiplaatalaya\/files\/2023\/05\/WhatsApp-Image-2023-05-05-at-14.00.23.jpeg\"><img loading=\"lazy\" decoding=\"async\" class=\"alignnone size-medium wp-image-3210\" src=\"https:\/\/blogsaverroes.juntadeandalucia.es\/ceiplaatalaya\/files\/2023\/05\/WhatsApp-Image-2023-05-05-at-14.00.23-300x225.jpeg\" alt=\"\" width=\"300\" height=\"225\" srcset=\"https:\/\/blogsaverroes.juntadeandalucia.es\/ceiplaatalaya\/files\/2023\/05\/WhatsApp-Image-2023-05-05-at-14.00.23-300x225.jpeg 300w, https:\/\/blogsaverroes.juntadeandalucia.es\/ceiplaatalaya\/files\/2023\/05\/WhatsApp-Image-2023-05-05-at-14.00.23-768x576.jpeg 768w, https:\/\/blogsaverroes.juntadeandalucia.es\/ceiplaatalaya\/files\/2023\/05\/WhatsApp-Image-2023-05-05-at-14.00.23.jpeg 1024w\" sizes=\"(max-width: 300px) 100vw, 300px\" \/><\/a> <a href=\"https:\/\/blogsaverroes.juntadeandalucia.es\/ceiplaatalaya\/files\/2023\/05\/WhatsApp-Image-2023-05-05-at-14.00.22.jpeg\"><img loading=\"lazy\" decoding=\"async\" class=\"alignnone size-medium wp-image-3211\" src=\"https:\/\/blogsaverroes.juntadeandalucia.es\/ceiplaatalaya\/files\/2023\/05\/WhatsApp-Image-2023-05-05-at-14.00.22-300x225.jpeg\" alt=\"\" width=\"300\" height=\"225\" srcset=\"https:\/\/blogsaverroes.juntadeandalucia.es\/ceiplaatalaya\/files\/2023\/05\/WhatsApp-Image-2023-05-05-at-14.00.22-300x225.jpeg 300w, https:\/\/blogsaverroes.juntadeandalucia.es\/ceiplaatalaya\/files\/2023\/05\/WhatsApp-Image-2023-05-05-at-14.00.22-768x576.jpeg 768w, https:\/\/blogsaverroes.juntadeandalucia.es\/ceiplaatalaya\/files\/2023\/05\/WhatsApp-Image-2023-05-05-at-14.00.22.jpeg 1024w\" sizes=\"(max-width: 300px) 100vw, 300px\" \/><\/a><\/p>\n","protected":false},"excerpt":{"rendered":"<p>Con motivo de las cruces de mayo, el AMPA del Centro ha organizado una actividad de baile en colaboraci\u00f3n con el Grupo infantil de refajonas de N\u00edjar con su profesora Mar\u00eda S\u00e1nchez al frente.&#46;&#46;&#46;<\/p>\n","protected":false},"author":11215,"featured_media":3209,"comment_status":"open","ping_status":"open","sticky":false,"template":"","format":"standard","meta":{"ngg_post_thumbnail":0,"footnotes":""},"categories":[26636,25494,25495,25496,25498,2351654],"tags":[],"aioseo_notices":[],"_links":{"self":[{"href":"https:\/\/blogsaverroes.juntadeandalucia.es\/ceiplaatalaya\/wp-json\/wp\/v2\/posts\/3208"}],"collection":[{"href":"https:\/\/blogsaverroes.juntadeandalucia.es\/ceiplaatalaya\/wp-json\/wp\/v2\/posts"}],"about":[{"href":"https:\/\/blogsaverroes.juntadeandalucia.es\/ceiplaatalaya\/wp-json\/wp\/v2\/types\/post"}],"author":[{"embeddable":true,"href":"https:\/\/blogsaverroes.juntadeandalucia.es\/ceiplaatalaya\/wp-json\/wp\/v2\/users\/11215"}],"replies":[{"embeddable":true,"href":"https:\/\/blogsaverroes.juntadeandalucia.es\/ceiplaatalaya\/wp-json\/wp\/v2\/comments?post=3208"}],"version-history":[{"count":2,"href":"https:\/\/blogsaverroes.juntadeandalucia.es\/ceiplaatalaya\/wp-json\/wp\/v2\/posts\/3208\/revisions"}],"predecessor-version":[{"id":3213,"href":"https:\/\/blogsaverroes.juntadeandalucia.es\/ceiplaatalaya\/wp-json\/wp\/v2\/posts\/3208\/revisions\/3213"}],"wp:featuredmedia":[{"embeddable":true,"href":"https:\/\/blogsaverroes.juntadeandalucia.es\/ceiplaatalaya\/wp-json\/wp\/v2\/media\/3209"}],"wp:attachment":[{"href":"https:\/\/blogsaverroes.juntadeandalucia.es\/ceiplaatalaya\/wp-json\/wp\/v2\/media?parent=3208"}],"wp:term":[{"taxonomy":"category","embeddable":true,"href":"https:\/\/blogsaverroes.juntadeandalucia.es\/ceiplaatalaya\/wp-json\/wp\/v2\/categories?post=3208"},{"taxonomy":"post_tag","embeddable":true,"href":"https:\/\/blogsaverroes.juntadeandalucia.es\/ceiplaatalaya\/wp-json\/wp\/v2\/tags?post=3208"}],"curies":[{"name":"wp","href":"https:\/\/api.w.org\/{rel}","templated":true}]}}