{"id":2655,"date":"2017-03-24T09:10:18","date_gmt":"2017-03-24T09:10:18","guid":{"rendered":"http:\/\/blogsaverroes.juntadeandalucia.es\/ceiplabarrosachiclana\/?p=2655"},"modified":"2017-03-24T09:10:33","modified_gmt":"2017-03-24T09:10:33","slug":"mercadillo-de-libros-en-el-cole","status":"publish","type":"post","link":"https:\/\/blogsaverroes.juntadeandalucia.es\/ceiplabarrosachiclana\/2017\/03\/24\/mercadillo-de-libros-en-el-cole\/","title":{"rendered":"MERCADILLO DE LIBROS EN EL COLE"},"content":{"rendered":"<p>Estimadas familias, un a\u00f1o m\u00e1s vamos a celebrar en el Centro el <strong><em><u>Mercadillo de Libros de segunda mano<\/u><\/em><\/strong>. Es por ello que los alumnos\/as podr\u00e1n traer de sus casas libros que ya hayan le\u00eddo, &nbsp;y se valorar\u00e1 el estado de conservaci\u00f3n&nbsp; de los libros, as\u00ed como la adecuaci\u00f3n de los mismos a la edad del alumnado que entrega,&nbsp; realizando en trueque &nbsp;CAMALEUROS (dinero simb\u00f3lico) con el que luego podr\u00e1n comprar ejemplares tra\u00eddos por otros compa\u00f1eros. El horario de recogida de los libros ser\u00e1 el siguiente horario:<\/p>\n<table>\n<tbody>\n<tr>\n<td width=\"236\">Infantil: &nbsp;29, 30 y 31 de marzo<\/td>\n<td width=\"236\">1\u00ba: 28 y 29 de marzo<\/td>\n<td width=\"236\">2\u00ba: &nbsp;30 y 31 de marzo<\/td>\n<\/tr>\n<tr>\n<td width=\"236\">3\u00ba y 4\u00ba: &nbsp;3, 4 de abril<\/td>\n<td width=\"236\">5\u00ba y 6\u00ba: &nbsp;6 y 7 de abril<\/td>\n<td width=\"236\">&nbsp;<\/td>\n<\/tr>\n<\/tbody>\n<\/table>\n<p>&nbsp;<\/p>\n<p>Gracias por vuestra colaboraci\u00f3n.<\/p>\n","protected":false},"excerpt":{"rendered":"<p>Estimadas familias, un a\u00f1o m\u00e1s vamos a celebrar en el Centro el Mercadillo de Libros de segunda mano. Es por ello que los alumnos\/as podr\u00e1n traer de sus casas libros que ya hayan le\u00eddo,&#46;&#46;&#46;<\/p>\n","protected":false},"author":3850,"featured_media":0,"comment_status":"closed","ping_status":"closed","sticky":false,"template":"","format":"standard","meta":{"ngg_post_thumbnail":0,"footnotes":""},"categories":[33,79786,526,49688],"tags":[],"aioseo_notices":[],"_links":{"self":[{"href":"https:\/\/blogsaverroes.juntadeandalucia.es\/ceiplabarrosachiclana\/wp-json\/wp\/v2\/posts\/2655"}],"collection":[{"href":"https:\/\/blogsaverroes.juntadeandalucia.es\/ceiplabarrosachiclana\/wp-json\/wp\/v2\/posts"}],"about":[{"href":"https:\/\/blogsaverroes.juntadeandalucia.es\/ceiplabarrosachiclana\/wp-json\/wp\/v2\/types\/post"}],"author":[{"embeddable":true,"href":"https:\/\/blogsaverroes.juntadeandalucia.es\/ceiplabarrosachiclana\/wp-json\/wp\/v2\/users\/3850"}],"replies":[{"embeddable":true,"href":"https:\/\/blogsaverroes.juntadeandalucia.es\/ceiplabarrosachiclana\/wp-json\/wp\/v2\/comments?post=2655"}],"version-history":[{"count":1,"href":"https:\/\/blogsaverroes.juntadeandalucia.es\/ceiplabarrosachiclana\/wp-json\/wp\/v2\/posts\/2655\/revisions"}],"predecessor-version":[{"id":2656,"href":"https:\/\/blogsaverroes.juntadeandalucia.es\/ceiplabarrosachiclana\/wp-json\/wp\/v2\/posts\/2655\/revisions\/2656"}],"wp:attachment":[{"href":"https:\/\/blogsaverroes.juntadeandalucia.es\/ceiplabarrosachiclana\/wp-json\/wp\/v2\/media?parent=2655"}],"wp:term":[{"taxonomy":"category","embeddable":true,"href":"https:\/\/blogsaverroes.juntadeandalucia.es\/ceiplabarrosachiclana\/wp-json\/wp\/v2\/categories?post=2655"},{"taxonomy":"post_tag","embeddable":true,"href":"https:\/\/blogsaverroes.juntadeandalucia.es\/ceiplabarrosachiclana\/wp-json\/wp\/v2\/tags?post=2655"}],"curies":[{"name":"wp","href":"https:\/\/api.w.org\/{rel}","templated":true}]}}