{"id":4638,"date":"2021-06-21T11:34:55","date_gmt":"2021-06-21T11:34:55","guid":{"rendered":"https:\/\/blogsaverroes.juntadeandalucia.es\/ceiplabarrosachiclana\/?p=4638"},"modified":"2021-06-21T11:44:35","modified_gmt":"2021-06-21T11:44:35","slug":"4638","status":"publish","type":"post","link":"https:\/\/blogsaverroes.juntadeandalucia.es\/ceiplabarrosachiclana\/2021\/06\/21\/4638\/","title":{"rendered":""},"content":{"rendered":"<p><a href=\"https:\/\/blogsaverroes.juntadeandalucia.es\/ceiplabarrosachiclana\/2021\/06\/21\/4638\/sin-titulo-3\/\" rel=\"attachment wp-att-4639\"><img loading=\"lazy\" decoding=\"async\" class=\"aligncenter wp-image-4639 size-full\" src=\"https:\/\/blogsaverroes.juntadeandalucia.es\/ceiplabarrosachiclana\/files\/2021\/06\/Sin-t\u00edtulo.jpg\" alt=\"\" width=\"988\" height=\"698\" srcset=\"https:\/\/blogsaverroes.juntadeandalucia.es\/ceiplabarrosachiclana\/files\/2021\/06\/Sin-t\u00edtulo.jpg 988w, https:\/\/blogsaverroes.juntadeandalucia.es\/ceiplabarrosachiclana\/files\/2021\/06\/Sin-t\u00edtulo-300x212.jpg 300w, https:\/\/blogsaverroes.juntadeandalucia.es\/ceiplabarrosachiclana\/files\/2021\/06\/Sin-t\u00edtulo-768x543.jpg 768w\" sizes=\"(max-width: 988px) 100vw, 988px\" \/><\/a><\/p>\n<p>El d\u00eda <strong><u>viernes 25 de junio<\/u><\/strong> se proceder\u00e1 a la reuni\u00f3n de fin de curso sobre la <strong><u>entrega de notas<\/u><\/strong> de la convocatoria ordinaria por videoconferencia, no tendr\u00e1 car\u00e1cter presencial, atendiendo al siguiente horario:<\/p>\n<p>10:00 Educaci\u00f3n Infantil<\/p>\n<p>11:00 Primer Ciclo de Primaria (Primeros y Segundos)<\/p>\n<p>12:00 Segundo Ciclo de Primaria (Terceros y Cuartos)<\/p>\n<p>13:00 Tercer Ciclo de Primaria (Quintos y Sextos)<\/p>\n<p>Cada tutor\/a enviar\u00e1 el enlace para conectarse a la reuni\u00f3n.<\/p>\n<p style=\"text-align: justify\">Las familias podr\u00e1n descargarse en el <strong><u>punto de recogida<\/u><\/strong> electr\u00f3nico los boletines de calificaciones despu\u00e9s de la reuni\u00f3n as\u00ed como consultarlas a trav\u00e9s de la plataforma Pasen\/iPasen a partir de las 00:00.<\/p>\n<p style=\"text-align: justify\">Las familias de Primero y Segundo Primaria podr\u00e1n descargarse adem\u00e1s los <strong><u>cheque-libros<\/u><\/strong> y las familias de Sexto de Primaria podr\u00e1n descargarse el <strong>informe final de etapa<\/strong>.<\/p>\n<p style=\"text-align: justify\">Si no podemos descargar los boletines y dem\u00e1s documentaci\u00f3n a trav\u00e9s de la plataforma Pasen\/iPasen podemos hacerlo a trav\u00e9s del siguiente enlace:<\/p>\n<p style=\"text-align: justify\"><a href=\"https:\/\/seneca.juntadeandalucia.es\/seneca\/puntoderecogida\/index.html\">https:\/\/seneca.juntadeandalucia.es\/seneca\/puntoderecogida\/index.html<\/a><\/p>\n<p style=\"text-align: justify\">Pincha en el siguiente enlace para ver un <strong><u>tutorial<\/u><\/strong> sobre el punto de recogida:<\/p>\n<p style=\"text-align: justify\"><a href=\"https:\/\/www.youtube.com\/watch?v=3D1UBSi-dmo\">https:\/\/www.youtube.com\/watch?v=3D1UBSi-dmo<\/a><\/p>\n<p style=\"text-align: justify\">Soluci\u00f3n a los problemas de descarga de archivos pdf del Punto de Recogida PASEN<\/p>\n<p style=\"text-align: justify\"><a href=\"https:\/\/www.youtube.com\/watch?time_continue=1&amp;v=3sC2GQIFrAI&amp;feature=emb_logo\">https:\/\/www.youtube.com\/watch?time_continue=1&amp;v=3sC2GQIFrAI&amp;feature=emb_logo<\/a><\/p>\n<p style=\"text-align: justify\">Aprovechamos para recomendaros que actualicen la aplicaci\u00f3n iPasen con algunas novedades y con un&nbsp;nuevo dise\u00f1o gr\u00e1fico&nbsp;m\u00e1s moderno e intuitivo<\/p>\n<p style=\"text-align: justify\">Saludos<\/p>\n","protected":false},"excerpt":{"rendered":"<p>El d\u00eda viernes 25 de junio se proceder\u00e1 a la reuni\u00f3n de fin de curso sobre la entrega de notas de la convocatoria ordinaria por videoconferencia, no tendr\u00e1 car\u00e1cter presencial, atendiendo al siguiente horario:&#46;&#46;&#46;<\/p>\n","protected":false},"author":3850,"featured_media":4639,"comment_status":"closed","ping_status":"closed","sticky":false,"template":"","format":"standard","meta":{"ngg_post_thumbnail":0,"footnotes":""},"categories":[526,49688],"tags":[],"aioseo_notices":[],"_links":{"self":[{"href":"https:\/\/blogsaverroes.juntadeandalucia.es\/ceiplabarrosachiclana\/wp-json\/wp\/v2\/posts\/4638"}],"collection":[{"href":"https:\/\/blogsaverroes.juntadeandalucia.es\/ceiplabarrosachiclana\/wp-json\/wp\/v2\/posts"}],"about":[{"href":"https:\/\/blogsaverroes.juntadeandalucia.es\/ceiplabarrosachiclana\/wp-json\/wp\/v2\/types\/post"}],"author":[{"embeddable":true,"href":"https:\/\/blogsaverroes.juntadeandalucia.es\/ceiplabarrosachiclana\/wp-json\/wp\/v2\/users\/3850"}],"replies":[{"embeddable":true,"href":"https:\/\/blogsaverroes.juntadeandalucia.es\/ceiplabarrosachiclana\/wp-json\/wp\/v2\/comments?post=4638"}],"version-history":[{"count":5,"href":"https:\/\/blogsaverroes.juntadeandalucia.es\/ceiplabarrosachiclana\/wp-json\/wp\/v2\/posts\/4638\/revisions"}],"predecessor-version":[{"id":4644,"href":"https:\/\/blogsaverroes.juntadeandalucia.es\/ceiplabarrosachiclana\/wp-json\/wp\/v2\/posts\/4638\/revisions\/4644"}],"wp:featuredmedia":[{"embeddable":true,"href":"https:\/\/blogsaverroes.juntadeandalucia.es\/ceiplabarrosachiclana\/wp-json\/wp\/v2\/media\/4639"}],"wp:attachment":[{"href":"https:\/\/blogsaverroes.juntadeandalucia.es\/ceiplabarrosachiclana\/wp-json\/wp\/v2\/media?parent=4638"}],"wp:term":[{"taxonomy":"category","embeddable":true,"href":"https:\/\/blogsaverroes.juntadeandalucia.es\/ceiplabarrosachiclana\/wp-json\/wp\/v2\/categories?post=4638"},{"taxonomy":"post_tag","embeddable":true,"href":"https:\/\/blogsaverroes.juntadeandalucia.es\/ceiplabarrosachiclana\/wp-json\/wp\/v2\/tags?post=4638"}],"curies":[{"name":"wp","href":"https:\/\/api.w.org\/{rel}","templated":true}]}}