{"id":2035,"date":"2025-03-13T11:12:52","date_gmt":"2025-03-13T10:12:52","guid":{"rendered":"https:\/\/blogsaverroes.juntadeandalucia.es\/ceiplacanal\/?p=2035"},"modified":"2025-03-13T11:13:03","modified_gmt":"2025-03-13T10:13:03","slug":"comienza-proa-transformate","status":"publish","type":"post","link":"https:\/\/blogsaverroes.juntadeandalucia.es\/ceiplacanal\/2025\/03\/13\/comienza-proa-transformate\/","title":{"rendered":"Comienza PROA+ \u00abTRANSF\u00d3RMATE\u00bb"},"content":{"rendered":"<p style=\"text-align: center\"><img loading=\"lazy\" decoding=\"async\" class=\"aligncenter size-medium wp-image-2036\" src=\"https:\/\/blogsaverroes.juntadeandalucia.es\/ceiplacanal\/files\/2025\/03\/proa-plus-transformate-300x214.png\" alt=\"\" width=\"300\" height=\"214\" srcset=\"https:\/\/blogsaverroes.juntadeandalucia.es\/ceiplacanal\/files\/2025\/03\/proa-plus-transformate-300x214.png 300w, https:\/\/blogsaverroes.juntadeandalucia.es\/ceiplacanal\/files\/2025\/03\/proa-plus-transformate.png 756w\" sizes=\"(max-width: 300px) 100vw, 300px\" \/><\/p>\n<p>&nbsp;<\/p>\n<p style=\"text-align: center\">&nbsp; &nbsp; &nbsp; &nbsp; EL CEIP LA CANAL PARTICIPA EN EL PROGRAMA DE ORIENTACI\u00d3N, AVANCE Y ENRIQUECIMIENTO EDUCATIVA PROA+, FONDO SOCIAL EUROPEO+, &#8216;TRANSF\u00d3RMATE&#8217; EN LOS CENTROS DOCENTES P\u00daBLICOS.<\/p>\n<p>&nbsp; &nbsp; &nbsp; &nbsp; El objetivo de este Programa Cofinanciado por el Ministerio de Educaci\u00f3n, Formaci\u00f3n Profesional y Deportes y Fondo Social Europeo Plus (FSE+) , es el de potenciar la mejora de los resultados escolares de todo el alumnado, especialmente de aquel m\u00e1s vulnerable.<\/p>\n<p>&nbsp; &nbsp; &nbsp; &nbsp; Desde el centro, se llevar\u00e1n a cabo desde el d\u00eda 13 de marzo al 13 de junio, una serie de actividades de refuerzo encaminadas a incrementar los resultados escolares de aprendizajes cognitivos y socioemocionales, reducir el n\u00famero de alumnado repetidor y con dificultades para el aprendizaje , as\u00ed como mejorar la comprensi\u00f3n lectora y matem\u00e1ticas de todo el alumnado, especialmente del m\u00e1s vulnerable, entre otras.&nbsp;<\/p>\n<p style=\"text-align: center\">&nbsp; &nbsp; &nbsp; &nbsp; Os dejamos el enlace para que pod\u00e1is tener m\u00e1s informaci\u00f3n&nbsp; &nbsp; &nbsp; &nbsp; <a href=\"https:\/\/portales.ced.junta-andalucia.es\/educacion\/portales\/web\/planes-y-programas\/planes-y-programas\/proa-transformate\/presentacion\"><img loading=\"lazy\" decoding=\"async\" class=\"\" src=\"https:\/\/blogsaverroes.juntadeandalucia.es\/ceiplacanal\/files\/2025\/03\/proa-plus-transformate-300x214.png\" width=\"49\" height=\"35\"><\/a><\/p>\n<p>&nbsp;<\/p>\n<p>&nbsp;<\/p>\n<p><img loading=\"lazy\" decoding=\"async\" class=\"aligncenter size-full wp-image-2045\" src=\"https:\/\/blogsaverroes.juntadeandalucia.es\/ceiplacanal\/files\/2025\/03\/logo-completo.png\" alt=\"\" width=\"717\" height=\"59\" srcset=\"https:\/\/blogsaverroes.juntadeandalucia.es\/ceiplacanal\/files\/2025\/03\/logo-completo.png 717w, https:\/\/blogsaverroes.juntadeandalucia.es\/ceiplacanal\/files\/2025\/03\/logo-completo-300x25.png 300w\" sizes=\"(max-width: 717px) 100vw, 717px\" \/><\/p>\n<p style=\"text-align: center\"><span style=\"font-size: 10pt\"><strong>Programa Cofinanciado por el Ministerio de Educaci\u00f3n, Formaci\u00f3n Profesional y Deportes y Fondo Social Europeo Plus (FSE+)<\/strong><\/span><\/p>\n","protected":false},"excerpt":{"rendered":"<p>&nbsp; &nbsp; &nbsp; &nbsp; &nbsp; EL CEIP LA CANAL PARTICIPA EN EL PROGRAMA DE ORIENTACI\u00d3N, AVANCE Y ENRIQUECIMIENTO EDUCATIVA PROA+, FONDO SOCIAL EUROPEO+, &#8216;TRANSF\u00d3RMATE&#8217; EN LOS CENTROS DOCENTES P\u00daBLICOS. &nbsp; &nbsp; &nbsp; &nbsp; El&#46;&#46;&#46;<\/p>\n","protected":false},"author":16186,"featured_media":0,"comment_status":"open","ping_status":"open","sticky":false,"template":"","format":"standard","meta":{"ngg_post_thumbnail":0,"footnotes":""},"categories":[49],"tags":[],"aioseo_notices":[],"_links":{"self":[{"href":"https:\/\/blogsaverroes.juntadeandalucia.es\/ceiplacanal\/wp-json\/wp\/v2\/posts\/2035"}],"collection":[{"href":"https:\/\/blogsaverroes.juntadeandalucia.es\/ceiplacanal\/wp-json\/wp\/v2\/posts"}],"about":[{"href":"https:\/\/blogsaverroes.juntadeandalucia.es\/ceiplacanal\/wp-json\/wp\/v2\/types\/post"}],"author":[{"embeddable":true,"href":"https:\/\/blogsaverroes.juntadeandalucia.es\/ceiplacanal\/wp-json\/wp\/v2\/users\/16186"}],"replies":[{"embeddable":true,"href":"https:\/\/blogsaverroes.juntadeandalucia.es\/ceiplacanal\/wp-json\/wp\/v2\/comments?post=2035"}],"version-history":[{"count":4,"href":"https:\/\/blogsaverroes.juntadeandalucia.es\/ceiplacanal\/wp-json\/wp\/v2\/posts\/2035\/revisions"}],"predecessor-version":[{"id":2046,"href":"https:\/\/blogsaverroes.juntadeandalucia.es\/ceiplacanal\/wp-json\/wp\/v2\/posts\/2035\/revisions\/2046"}],"wp:attachment":[{"href":"https:\/\/blogsaverroes.juntadeandalucia.es\/ceiplacanal\/wp-json\/wp\/v2\/media?parent=2035"}],"wp:term":[{"taxonomy":"category","embeddable":true,"href":"https:\/\/blogsaverroes.juntadeandalucia.es\/ceiplacanal\/wp-json\/wp\/v2\/categories?post=2035"},{"taxonomy":"post_tag","embeddable":true,"href":"https:\/\/blogsaverroes.juntadeandalucia.es\/ceiplacanal\/wp-json\/wp\/v2\/tags?post=2035"}],"curies":[{"name":"wp","href":"https:\/\/api.w.org\/{rel}","templated":true}]}}