{"id":2095,"date":"2025-06-03T14:45:42","date_gmt":"2025-06-03T12:45:42","guid":{"rendered":"https:\/\/blogsaverroes.juntadeandalucia.es\/ceiplacanal\/?p=2095"},"modified":"2025-06-03T15:01:44","modified_gmt":"2025-06-03T13:01:44","slug":"proa-transformate","status":"publish","type":"post","link":"https:\/\/blogsaverroes.juntadeandalucia.es\/ceiplacanal\/2025\/06\/03\/proa-transformate\/","title":{"rendered":"PROA + TRANSF\u00d3RMATE"},"content":{"rendered":"<p style=\"text-align: center\">&nbsp;<\/p>\n<p style=\"text-align: center\"><img loading=\"lazy\" decoding=\"async\" class=\"aligncenter size-medium wp-image-2096\" src=\"https:\/\/blogsaverroes.juntadeandalucia.es\/ceiplacanal\/files\/2025\/06\/proa-1-300x91.jpg\" alt=\"\" width=\"300\" height=\"91\" srcset=\"https:\/\/blogsaverroes.juntadeandalucia.es\/ceiplacanal\/files\/2025\/06\/proa-1-300x91.jpg 300w, https:\/\/blogsaverroes.juntadeandalucia.es\/ceiplacanal\/files\/2025\/06\/proa-1.jpg 396w\" sizes=\"(max-width: 300px) 100vw, 300px\" \/><\/p>\n<p style=\"text-align: center\">&nbsp;<\/p>\n<p>&nbsp;<\/p>\n<div style=\"width: 1080px;\" class=\"wp-video\"><!--[if lt IE 9]><script>document.createElement('video');<\/script><![endif]-->\n<video class=\"wp-video-shortcode\" id=\"video-2095-1\" width=\"1080\" height=\"1920\" loop=\"1\" autoplay=\"1\" preload=\"auto\" controls=\"controls\"><source type=\"video\/mp4\" src=\"https:\/\/blogsaverroes.juntadeandalucia.es\/ceiplacanal\/files\/2025\/06\/PROA-1-3.mp4?_=1\" \/><a href=\"https:\/\/blogsaverroes.juntadeandalucia.es\/ceiplacanal\/files\/2025\/06\/PROA-1-3.mp4\">https:\/\/blogsaverroes.juntadeandalucia.es\/ceiplacanal\/files\/2025\/06\/PROA-1-3.mp4<\/a><\/video><\/div>\n<p style=\"text-align: center\">&nbsp; &nbsp; &nbsp; &nbsp; &nbsp;EL CEIP LA CANAL PARTICIPA EN EL PROGRAMA DE ORIENTACI\u00d3N, AVANCE Y ENRIQUECIMIENTO EDUCATIVA PROA+, FONDO SOCIAL EUROPEO+, \u2018TRANSF\u00d3RMATE\u2019 EN LOS CENTROS DOCENTES P\u00daBLICOS.<\/p>\n<p>&nbsp; &nbsp; &nbsp; &nbsp; El objetivo de este Programa Cofinanciado por el Ministerio de Educaci\u00f3n, Formaci\u00f3n Profesional y Deportes y Fondo Social Europeo Plus (FSE+) , es el de potenciar la mejora de los resultados escolares de todo el alumnado, especialmente de aquel m\u00e1s vulnerable.<\/p>\n<p>&nbsp; &nbsp; &nbsp; &nbsp; Desde el centro llevamos a cabo serie de actividades de refuerzo encaminadas a incrementar los resultados escolares de aprendizajes cognitivos y socioemocionales, reducir el n\u00famero de alumnado repetidor y con dificultades para el aprendizaje , as\u00ed como mejorar la comprensi\u00f3n lectora y matem\u00e1ticas de todo el alumnado, especialmente del m\u00e1s vulnerable, entre otras.<\/p>\n<p>&nbsp;<\/p>\n<p style=\"text-align: center\"><strong>Programa Cofinanciado por el Ministerio de de Educaci\u00f3n, Formaci\u00f3n Profesional y Deportes, y el Fondo Social Europeo Plus (FES+)<\/strong><\/p>\n<p style=\"text-align: center\"><img loading=\"lazy\" decoding=\"async\" class=\"aligncenter wp-image-2045\" src=\"https:\/\/blogsaverroes.juntadeandalucia.es\/ceiplacanal\/files\/2025\/03\/logo-completo-300x25.png\" alt=\"\" width=\"468\" height=\"39\" srcset=\"https:\/\/blogsaverroes.juntadeandalucia.es\/ceiplacanal\/files\/2025\/03\/logo-completo-300x25.png 300w, https:\/\/blogsaverroes.juntadeandalucia.es\/ceiplacanal\/files\/2025\/03\/logo-completo.png 717w\" sizes=\"(max-width: 468px) 100vw, 468px\" \/><\/p>\n","protected":false},"excerpt":{"rendered":"<p>&nbsp; &nbsp; &nbsp; &nbsp; &nbsp; &nbsp; &nbsp; &nbsp;EL CEIP LA CANAL PARTICIPA EN EL PROGRAMA DE ORIENTACI\u00d3N, AVANCE Y ENRIQUECIMIENTO EDUCATIVA PROA+, FONDO SOCIAL EUROPEO+, \u2018TRANSF\u00d3RMATE\u2019 EN LOS CENTROS DOCENTES P\u00daBLICOS. &nbsp; &nbsp; &nbsp;&#46;&#46;&#46;<\/p>\n","protected":false},"author":16186,"featured_media":0,"comment_status":"open","ping_status":"open","sticky":false,"template":"","format":"video","meta":{"ngg_post_thumbnail":0,"footnotes":""},"categories":[49],"tags":[57],"aioseo_notices":[],"_links":{"self":[{"href":"https:\/\/blogsaverroes.juntadeandalucia.es\/ceiplacanal\/wp-json\/wp\/v2\/posts\/2095"}],"collection":[{"href":"https:\/\/blogsaverroes.juntadeandalucia.es\/ceiplacanal\/wp-json\/wp\/v2\/posts"}],"about":[{"href":"https:\/\/blogsaverroes.juntadeandalucia.es\/ceiplacanal\/wp-json\/wp\/v2\/types\/post"}],"author":[{"embeddable":true,"href":"https:\/\/blogsaverroes.juntadeandalucia.es\/ceiplacanal\/wp-json\/wp\/v2\/users\/16186"}],"replies":[{"embeddable":true,"href":"https:\/\/blogsaverroes.juntadeandalucia.es\/ceiplacanal\/wp-json\/wp\/v2\/comments?post=2095"}],"version-history":[{"count":17,"href":"https:\/\/blogsaverroes.juntadeandalucia.es\/ceiplacanal\/wp-json\/wp\/v2\/posts\/2095\/revisions"}],"predecessor-version":[{"id":2116,"href":"https:\/\/blogsaverroes.juntadeandalucia.es\/ceiplacanal\/wp-json\/wp\/v2\/posts\/2095\/revisions\/2116"}],"wp:attachment":[{"href":"https:\/\/blogsaverroes.juntadeandalucia.es\/ceiplacanal\/wp-json\/wp\/v2\/media?parent=2095"}],"wp:term":[{"taxonomy":"category","embeddable":true,"href":"https:\/\/blogsaverroes.juntadeandalucia.es\/ceiplacanal\/wp-json\/wp\/v2\/categories?post=2095"},{"taxonomy":"post_tag","embeddable":true,"href":"https:\/\/blogsaverroes.juntadeandalucia.es\/ceiplacanal\/wp-json\/wp\/v2\/tags?post=2095"}],"curies":[{"name":"wp","href":"https:\/\/api.w.org\/{rel}","templated":true}]}}