{"id":593,"date":"2022-01-26T09:51:50","date_gmt":"2022-01-26T08:51:50","guid":{"rendered":"https:\/\/blogsaverroes.juntadeandalucia.es\/ceiplacanal\/?p=593"},"modified":"2022-01-26T09:51:50","modified_gmt":"2022-01-26T08:51:50","slug":"actividades-realizadas-en-el-dia-contra-la-violencia-de-genero-25-nov","status":"publish","type":"post","link":"https:\/\/blogsaverroes.juntadeandalucia.es\/ceiplacanal\/2022\/01\/26\/actividades-realizadas-en-el-dia-contra-la-violencia-de-genero-25-nov\/","title":{"rendered":"Actividades realizadas en el d\u00eda contra la violencia de g\u00e9nero (25 NOV)"},"content":{"rendered":"<p>Durante la semana del 22 al 26 de noviembre se realizaron una serie de actividades con motivo de la efem\u00e9rides del d\u00eda contra la violencia de g\u00e9nero (25 de novimebre):<\/p>\n<ul style=\"list-style-type: circle\">\n<li>En infantil se trabaj\u00f3 el cuento de Arturo y Clementina.<\/li>\n<li>En primaria se trabaj\u00f3 el cuento del tej\u00f3n y la tejona.<\/li>\n<li>En secundaria se trabaj\u00f3 el v\u00eddeo de Pepa y Pepe.<\/li>\n<\/ul>\n<p>Adem\u00e1s, el ayuntamiento nos invit\u00f3, junto con el resto de colegios del municipio, a una jornada para concienciarnos sobre la importancia que tiene la lucha contra la violencia de g\u00e9nero.&nbsp;<\/p>\n<p>Aqu\u00ed os dejamos algunas fotos de las actividades:<\/p>\n<p><img loading=\"lazy\" decoding=\"async\" class=\"alignnone size-medium wp-image-598\" src=\"https:\/\/blogsaverroes.juntadeandalucia.es\/ceiplacanal\/files\/2022\/01\/IMG_20211122_082512-300x150.jpg\" alt=\"\" width=\"300\" height=\"150\" srcset=\"https:\/\/blogsaverroes.juntadeandalucia.es\/ceiplacanal\/files\/2022\/01\/IMG_20211122_082512-300x150.jpg 300w, https:\/\/blogsaverroes.juntadeandalucia.es\/ceiplacanal\/files\/2022\/01\/IMG_20211122_082512-1024x512.jpg 1024w, https:\/\/blogsaverroes.juntadeandalucia.es\/ceiplacanal\/files\/2022\/01\/IMG_20211122_082512-768x384.jpg 768w, https:\/\/blogsaverroes.juntadeandalucia.es\/ceiplacanal\/files\/2022\/01\/IMG_20211122_082512-1536x768.jpg 1536w, https:\/\/blogsaverroes.juntadeandalucia.es\/ceiplacanal\/files\/2022\/01\/IMG_20211122_082512-2048x1024.jpg 2048w\" sizes=\"(max-width: 300px) 100vw, 300px\" \/> <img loading=\"lazy\" decoding=\"async\" class=\"alignnone size-medium wp-image-599\" src=\"https:\/\/blogsaverroes.juntadeandalucia.es\/ceiplacanal\/files\/2022\/01\/IMG_20211125_104439-300x150.jpg\" alt=\"\" width=\"300\" height=\"150\" srcset=\"https:\/\/blogsaverroes.juntadeandalucia.es\/ceiplacanal\/files\/2022\/01\/IMG_20211125_104439-300x150.jpg 300w, https:\/\/blogsaverroes.juntadeandalucia.es\/ceiplacanal\/files\/2022\/01\/IMG_20211125_104439-1024x512.jpg 1024w, https:\/\/blogsaverroes.juntadeandalucia.es\/ceiplacanal\/files\/2022\/01\/IMG_20211125_104439-768x384.jpg 768w, https:\/\/blogsaverroes.juntadeandalucia.es\/ceiplacanal\/files\/2022\/01\/IMG_20211125_104439-1536x768.jpg 1536w, https:\/\/blogsaverroes.juntadeandalucia.es\/ceiplacanal\/files\/2022\/01\/IMG_20211125_104439-2048x1024.jpg 2048w\" sizes=\"(max-width: 300px) 100vw, 300px\" \/> <img loading=\"lazy\" decoding=\"async\" class=\"alignnone size-medium wp-image-600\" src=\"https:\/\/blogsaverroes.juntadeandalucia.es\/ceiplacanal\/files\/2022\/01\/IMG_20211201_120620-300x150.jpg\" alt=\"\" width=\"300\" height=\"150\" srcset=\"https:\/\/blogsaverroes.juntadeandalucia.es\/ceiplacanal\/files\/2022\/01\/IMG_20211201_120620-300x150.jpg 300w, https:\/\/blogsaverroes.juntadeandalucia.es\/ceiplacanal\/files\/2022\/01\/IMG_20211201_120620-1024x512.jpg 1024w, https:\/\/blogsaverroes.juntadeandalucia.es\/ceiplacanal\/files\/2022\/01\/IMG_20211201_120620-768x384.jpg 768w, https:\/\/blogsaverroes.juntadeandalucia.es\/ceiplacanal\/files\/2022\/01\/IMG_20211201_120620-1536x768.jpg 1536w, https:\/\/blogsaverroes.juntadeandalucia.es\/ceiplacanal\/files\/2022\/01\/IMG_20211201_120620-2048x1024.jpg 2048w\" sizes=\"(max-width: 300px) 100vw, 300px\" \/> <img loading=\"lazy\" decoding=\"async\" class=\"alignnone size-medium wp-image-601\" src=\"https:\/\/blogsaverroes.juntadeandalucia.es\/ceiplacanal\/files\/2022\/01\/IMG_20211202_120511-300x150.jpg\" alt=\"\" width=\"300\" height=\"150\" srcset=\"https:\/\/blogsaverroes.juntadeandalucia.es\/ceiplacanal\/files\/2022\/01\/IMG_20211202_120511-300x150.jpg 300w, https:\/\/blogsaverroes.juntadeandalucia.es\/ceiplacanal\/files\/2022\/01\/IMG_20211202_120511-1024x512.jpg 1024w, https:\/\/blogsaverroes.juntadeandalucia.es\/ceiplacanal\/files\/2022\/01\/IMG_20211202_120511-768x384.jpg 768w, https:\/\/blogsaverroes.juntadeandalucia.es\/ceiplacanal\/files\/2022\/01\/IMG_20211202_120511-1536x768.jpg 1536w, https:\/\/blogsaverroes.juntadeandalucia.es\/ceiplacanal\/files\/2022\/01\/IMG_20211202_120511-2048x1024.jpg 2048w\" sizes=\"(max-width: 300px) 100vw, 300px\" \/> <img loading=\"lazy\" decoding=\"async\" class=\"alignnone size-medium wp-image-602\" src=\"https:\/\/blogsaverroes.juntadeandalucia.es\/ceiplacanal\/files\/2022\/01\/IMG_20211202_120521-300x150.jpg\" alt=\"\" width=\"300\" height=\"150\" srcset=\"https:\/\/blogsaverroes.juntadeandalucia.es\/ceiplacanal\/files\/2022\/01\/IMG_20211202_120521-300x150.jpg 300w, https:\/\/blogsaverroes.juntadeandalucia.es\/ceiplacanal\/files\/2022\/01\/IMG_20211202_120521-1024x512.jpg 1024w, https:\/\/blogsaverroes.juntadeandalucia.es\/ceiplacanal\/files\/2022\/01\/IMG_20211202_120521-768x384.jpg 768w, https:\/\/blogsaverroes.juntadeandalucia.es\/ceiplacanal\/files\/2022\/01\/IMG_20211202_120521-1536x768.jpg 1536w, https:\/\/blogsaverroes.juntadeandalucia.es\/ceiplacanal\/files\/2022\/01\/IMG_20211202_120521-2048x1024.jpg 2048w\" sizes=\"(max-width: 300px) 100vw, 300px\" \/><\/p>\n","protected":false},"excerpt":{"rendered":"<p>Durante la semana del 22 al 26 de noviembre se realizaron una serie de actividades con motivo de la efem\u00e9rides del d\u00eda contra la violencia de g\u00e9nero (25 de novimebre): En infantil se trabaj\u00f3&#46;&#46;&#46;<\/p>\n","protected":false},"author":13360,"featured_media":0,"comment_status":"open","ping_status":"open","sticky":false,"template":"","format":"standard","meta":{"ngg_post_thumbnail":0,"footnotes":""},"categories":[3],"tags":[],"aioseo_notices":[],"_links":{"self":[{"href":"https:\/\/blogsaverroes.juntadeandalucia.es\/ceiplacanal\/wp-json\/wp\/v2\/posts\/593"}],"collection":[{"href":"https:\/\/blogsaverroes.juntadeandalucia.es\/ceiplacanal\/wp-json\/wp\/v2\/posts"}],"about":[{"href":"https:\/\/blogsaverroes.juntadeandalucia.es\/ceiplacanal\/wp-json\/wp\/v2\/types\/post"}],"author":[{"embeddable":true,"href":"https:\/\/blogsaverroes.juntadeandalucia.es\/ceiplacanal\/wp-json\/wp\/v2\/users\/13360"}],"replies":[{"embeddable":true,"href":"https:\/\/blogsaverroes.juntadeandalucia.es\/ceiplacanal\/wp-json\/wp\/v2\/comments?post=593"}],"version-history":[{"count":2,"href":"https:\/\/blogsaverroes.juntadeandalucia.es\/ceiplacanal\/wp-json\/wp\/v2\/posts\/593\/revisions"}],"predecessor-version":[{"id":603,"href":"https:\/\/blogsaverroes.juntadeandalucia.es\/ceiplacanal\/wp-json\/wp\/v2\/posts\/593\/revisions\/603"}],"wp:attachment":[{"href":"https:\/\/blogsaverroes.juntadeandalucia.es\/ceiplacanal\/wp-json\/wp\/v2\/media?parent=593"}],"wp:term":[{"taxonomy":"category","embeddable":true,"href":"https:\/\/blogsaverroes.juntadeandalucia.es\/ceiplacanal\/wp-json\/wp\/v2\/categories?post=593"},{"taxonomy":"post_tag","embeddable":true,"href":"https:\/\/blogsaverroes.juntadeandalucia.es\/ceiplacanal\/wp-json\/wp\/v2\/tags?post=593"}],"curies":[{"name":"wp","href":"https:\/\/api.w.org\/{rel}","templated":true}]}}