{"id":604,"date":"2022-01-27T09:39:03","date_gmt":"2022-01-27T08:39:03","guid":{"rendered":"https:\/\/blogsaverroes.juntadeandalucia.es\/ceiplacanal\/?p=604"},"modified":"2022-01-27T09:42:28","modified_gmt":"2022-01-27T08:42:28","slug":"participacion-programa-comunica-21-22","status":"publish","type":"post","link":"https:\/\/blogsaverroes.juntadeandalucia.es\/ceiplacanal\/2022\/01\/27\/participacion-programa-comunica-21-22\/","title":{"rendered":"Participaci\u00f3n Programa Comunica 21-22"},"content":{"rendered":"<p>Desde el <strong>Programa Comunica<\/strong>, llevado a cabo en el CEIP La Canal, favoreceremos a que el alumnado de Educaci\u00f3n Primaria y Educaci\u00f3n Secundaria desarrolle aquellas capacidades que les permitan mejorar la expresi\u00f3n y comprensi\u00f3n oral y escrita, as\u00ed como incorporar a la pr\u00e1ctica educativa metodolog\u00edas inclusivas innovadoras para la mejora de la adquisici\u00f3n de las competencias clave. Para ello, fomentaremos el lenguaje oral entre nuestro alumnado y les acercaremos a las tecnolog\u00edas de la informaci\u00f3n y la comunicaci\u00f3n, fundamentalmente mediante el desarrollo de un programa de RADIO escolar, en el que nuestros alumnos y alumnas tendr\u00e1n la oportunidad de exponer y expresar&nbsp; diferentes actividades realizadas en su aula. Todo ello se llevar\u00e1 a cabo de la manera m\u00e1s participativa, colaborativa, l\u00fadica, motivadora y atractiva posible que permita generar aprendizajes contextualizados.<\/p>\n<p>Algunas de las actuaciones y actividades que se llevar\u00e1n a cabo desde este programa son las siguientes:<\/p>\n<ul style=\"list-style-type: circle\">\n<li>Asambleas de aula para hablar sobre diferentes tem\u00e1ticas relacionadas con el desarrollo de las UDIS, as\u00ed como para a hablar sobre cualquier tema de inter\u00e9s para el alumnado que surja a lo largo del curso.<\/li>\n<li>Lecturas dial\u00f3gicas. Se leer\u00e1 en clase diferentes textos y se comentar\u00e1n oralmente de forma colaborativa para compartir e intercambiar opiniones entre todos los miembros de la clase. Se tratar\u00e1n textos relacionados con el racismo, los derechos humanos, la democracia\u2026<\/li>\n<li>Realizaci\u00f3n de debates en clase sobre diferentes temas relacionados con las efem\u00e9rides que se vayan realizando a lo largo del curso.<\/li>\n<li>Trabajos sobre diferentes tipos de textos siguiendo el mapa de g\u00e9nero incluido en el PLC.<\/li>\n<li>Emisi\u00f3n a trav\u00e9s de la p\u00e1gina web del Centro, de su blog y de su Instagram de diferentes Podcast que contendr\u00e1n la explicaci\u00f3n de las diferentes actividades orales que se realicen en clase.<\/li>\n<\/ul>\n<ul style=\"list-style-type: disc\">\n<li>Enlace al blog del Programa Comunica &#8211;&gt; <a href=\"https:\/\/blogceiplacanal.blogspot.com\/\">https:\/\/blogceiplacanal.blogspot.com\/<\/a><\/li>\n<\/ul>\n<p><img loading=\"lazy\" decoding=\"async\" class=\"size-medium wp-image-608 aligncenter\" src=\"https:\/\/blogsaverroes.juntadeandalucia.es\/ceiplacanal\/files\/2022\/01\/logo-300x215.jpg\" alt=\"\" width=\"300\" height=\"215\" srcset=\"https:\/\/blogsaverroes.juntadeandalucia.es\/ceiplacanal\/files\/2022\/01\/logo-300x215.jpg 300w, https:\/\/blogsaverroes.juntadeandalucia.es\/ceiplacanal\/files\/2022\/01\/logo.jpg 630w\" sizes=\"(max-width: 300px) 100vw, 300px\" \/><\/p>\n","protected":false},"excerpt":{"rendered":"<p>Desde el Programa Comunica, llevado a cabo en el CEIP La Canal, favoreceremos a que el alumnado de Educaci\u00f3n Primaria y Educaci\u00f3n Secundaria desarrolle aquellas capacidades que les permitan mejorar la expresi\u00f3n y comprensi\u00f3n&#46;&#46;&#46;<\/p>\n","protected":false},"author":13360,"featured_media":0,"comment_status":"open","ping_status":"open","sticky":false,"template":"","format":"standard","meta":{"ngg_post_thumbnail":0,"footnotes":""},"categories":[3],"tags":[],"aioseo_notices":[],"_links":{"self":[{"href":"https:\/\/blogsaverroes.juntadeandalucia.es\/ceiplacanal\/wp-json\/wp\/v2\/posts\/604"}],"collection":[{"href":"https:\/\/blogsaverroes.juntadeandalucia.es\/ceiplacanal\/wp-json\/wp\/v2\/posts"}],"about":[{"href":"https:\/\/blogsaverroes.juntadeandalucia.es\/ceiplacanal\/wp-json\/wp\/v2\/types\/post"}],"author":[{"embeddable":true,"href":"https:\/\/blogsaverroes.juntadeandalucia.es\/ceiplacanal\/wp-json\/wp\/v2\/users\/13360"}],"replies":[{"embeddable":true,"href":"https:\/\/blogsaverroes.juntadeandalucia.es\/ceiplacanal\/wp-json\/wp\/v2\/comments?post=604"}],"version-history":[{"count":5,"href":"https:\/\/blogsaverroes.juntadeandalucia.es\/ceiplacanal\/wp-json\/wp\/v2\/posts\/604\/revisions"}],"predecessor-version":[{"id":612,"href":"https:\/\/blogsaverroes.juntadeandalucia.es\/ceiplacanal\/wp-json\/wp\/v2\/posts\/604\/revisions\/612"}],"wp:attachment":[{"href":"https:\/\/blogsaverroes.juntadeandalucia.es\/ceiplacanal\/wp-json\/wp\/v2\/media?parent=604"}],"wp:term":[{"taxonomy":"category","embeddable":true,"href":"https:\/\/blogsaverroes.juntadeandalucia.es\/ceiplacanal\/wp-json\/wp\/v2\/categories?post=604"},{"taxonomy":"post_tag","embeddable":true,"href":"https:\/\/blogsaverroes.juntadeandalucia.es\/ceiplacanal\/wp-json\/wp\/v2\/tags?post=604"}],"curies":[{"name":"wp","href":"https:\/\/api.w.org\/{rel}","templated":true}]}}