{"id":3247,"date":"2024-02-13T16:48:43","date_gmt":"2024-02-13T16:48:43","guid":{"rendered":"https:\/\/blogsaverroes.juntadeandalucia.es\/ceiplachanca\/?p=3247"},"modified":"2024-02-13T16:48:43","modified_gmt":"2024-02-13T16:48:43","slug":"3247","status":"publish","type":"post","link":"https:\/\/blogsaverroes.juntadeandalucia.es\/ceiplachanca\/2024\/02\/13\/3247\/","title":{"rendered":""},"content":{"rendered":"<p>Desde el CEIP La Chanca queremos decir lo que de verdad nos importa y aquello que nos hace ser mejores cada d\u00eda&#8230; NUESTROS NI\u00d1OS Y NI\u00d1AS.<\/p>\n<div style=\"width: 720px;\" class=\"wp-video\"><!--[if lt IE 9]><script>document.createElement('video');<\/script><![endif]-->\n<video class=\"wp-video-shortcode\" id=\"video-3247-1\" width=\"720\" height=\"1280\" preload=\"metadata\" controls=\"controls\"><source type=\"video\/mp4\" src=\"https:\/\/blogsaverroes.juntadeandalucia.es\/ceiplachanca\/files\/2024\/02\/WhatsApp-Video-2024-02-13-at-16.42.40.mp4?_=1\" \/><a href=\"https:\/\/blogsaverroes.juntadeandalucia.es\/ceiplachanca\/files\/2024\/02\/WhatsApp-Video-2024-02-13-at-16.42.40.mp4\">https:\/\/blogsaverroes.juntadeandalucia.es\/ceiplachanca\/files\/2024\/02\/WhatsApp-Video-2024-02-13-at-16.42.40.mp4<\/a><\/video><\/div>\n","protected":false},"excerpt":{"rendered":"<p>Desde el CEIP La Chanca queremos decir lo que de verdad nos importa y aquello que nos hace ser mejores cada d\u00eda&#8230; NUESTROS NI\u00d1OS Y NI\u00d1AS.<\/p>\n","protected":false},"author":3854,"featured_media":0,"comment_status":"open","ping_status":"open","sticky":false,"template":"","format":"standard","meta":{"ngg_post_thumbnail":0,"footnotes":""},"categories":[11909],"tags":[],"aioseo_notices":[],"_links":{"self":[{"href":"https:\/\/blogsaverroes.juntadeandalucia.es\/ceiplachanca\/wp-json\/wp\/v2\/posts\/3247"}],"collection":[{"href":"https:\/\/blogsaverroes.juntadeandalucia.es\/ceiplachanca\/wp-json\/wp\/v2\/posts"}],"about":[{"href":"https:\/\/blogsaverroes.juntadeandalucia.es\/ceiplachanca\/wp-json\/wp\/v2\/types\/post"}],"author":[{"embeddable":true,"href":"https:\/\/blogsaverroes.juntadeandalucia.es\/ceiplachanca\/wp-json\/wp\/v2\/users\/3854"}],"replies":[{"embeddable":true,"href":"https:\/\/blogsaverroes.juntadeandalucia.es\/ceiplachanca\/wp-json\/wp\/v2\/comments?post=3247"}],"version-history":[{"count":1,"href":"https:\/\/blogsaverroes.juntadeandalucia.es\/ceiplachanca\/wp-json\/wp\/v2\/posts\/3247\/revisions"}],"predecessor-version":[{"id":3248,"href":"https:\/\/blogsaverroes.juntadeandalucia.es\/ceiplachanca\/wp-json\/wp\/v2\/posts\/3247\/revisions\/3248"}],"wp:attachment":[{"href":"https:\/\/blogsaverroes.juntadeandalucia.es\/ceiplachanca\/wp-json\/wp\/v2\/media?parent=3247"}],"wp:term":[{"taxonomy":"category","embeddable":true,"href":"https:\/\/blogsaverroes.juntadeandalucia.es\/ceiplachanca\/wp-json\/wp\/v2\/categories?post=3247"},{"taxonomy":"post_tag","embeddable":true,"href":"https:\/\/blogsaverroes.juntadeandalucia.es\/ceiplachanca\/wp-json\/wp\/v2\/tags?post=3247"}],"curies":[{"name":"wp","href":"https:\/\/api.w.org\/{rel}","templated":true}]}}