{"id":2330,"date":"2020-11-28T12:40:36","date_gmt":"2020-11-28T12:40:36","guid":{"rendered":"https:\/\/blogsaverroes.juntadeandalucia.es\/ceiplacruz\/?p=2330"},"modified":"2021-01-17T17:01:28","modified_gmt":"2021-01-17T17:01:28","slug":"protocolo-covid-19","status":"publish","type":"post","link":"https:\/\/blogsaverroes.juntadeandalucia.es\/ceiplacruz\/protocolo-covid-19\/","title":{"rendered":"PROTOCOLO COVID-19"},"content":{"rendered":"<p style=\"text-align: justify\">&nbsp; &nbsp; &nbsp;Este Plan se realiza acorde a las caracter\u00edsticas propias del centro y de las ense\u00f1anzas que en \u00e9l se imparten \u2013 grupos de alumnos y alumnas, caracter\u00edsticas y disposiciones espaciales, personal, aulas, las distintas actividades docentes, etc.- y contemplar\u00e1 de forma concreta las medidas que se van a adoptar en los diferentes escenarios (docencia presencial, semipresencial o telem\u00e1tica)., previendo la disponibilidad de los recursos humanos y materiales necesarios para abordar cada escenario con las garant\u00edas necesarias, adem\u00e1s de supervisar su correcta ejecuci\u00f3n para tomar las medidas correctivas necesarias.<\/p>\n<p style=\"text-align: justify\">&nbsp; &nbsp; &nbsp;El presente Plan ha sido elaborado por la Comisi\u00f3n Espec\u00edfica COVID-19, regulada por las Instrucciones 6 de julio de la Viceconsejer\u00eda de Educaci\u00f3n y Deporte relativas a la organizaci\u00f3n de los centros docentes para el curso escolar 2020\/2021, motivada por la crisis sanitaria del COVID-19, del CEIP LA CRUZ de D\u00farcal en base al modelo homologado facilitado por la Consejer\u00eda de Educaci\u00f3n y Deporte. Este documento incluye recomendaciones y directrices en relaci\u00f3n a las medidas de prevenci\u00f3n e higiene frente a la Covid-19 para las actividades e instalaciones del CEIP LA CRUZ durante el curso 2020-21, las cuales podr\u00e1n ser actualizadas cuando los cambios de la situaci\u00f3n epidemiol\u00f3gica as\u00ed lo requiera. La adopci\u00f3n y seguimiento de las medidas contempladas tiene como objetivo contribuir a que docentes y personal del centro, alumnado y familias afronten esta apertura de los centros en el curso actual de forma segura y contribuya a reducir el riesgo de contagios, resultando fundamental la asunci\u00f3n individual y colectiva de responsabilidades. Estas actualizaciones se ir\u00e1n recogiendo en las diferentes versiones del Plan y ser\u00e1n registradas.<\/p>\n<p>https:\/\/blogsaverroes.juntadeandalucia.es\/ceiplacruz\/files\/2020\/11\/PROTOCOLO-ACTUACI\u00d3N-LA-CRUZ-modificaci\u00f3n-3.pdf<\/p>\n<p>&nbsp;<\/p>\n<p>&nbsp;<\/p>\n<p>&nbsp;<\/p>\n<p>&nbsp;<\/p>\n","protected":false},"excerpt":{"rendered":"<p>&nbsp; &nbsp; &nbsp;Este Plan se realiza acorde a las caracter\u00edsticas propias del centro y de las ense\u00f1anzas que en \u00e9l se imparten \u2013 grupos de alumnos y alumnas, caracter\u00edsticas y disposiciones espaciales, personal, aulas,&#46;&#46;&#46;<\/p>\n","protected":false},"author":11553,"featured_media":2324,"comment_status":"open","ping_status":"open","sticky":true,"template":"","format":"standard","meta":{"ngg_post_thumbnail":0,"footnotes":""},"categories":[11909],"tags":[],"aioseo_notices":[],"_links":{"self":[{"href":"https:\/\/blogsaverroes.juntadeandalucia.es\/ceiplacruz\/wp-json\/wp\/v2\/posts\/2330"}],"collection":[{"href":"https:\/\/blogsaverroes.juntadeandalucia.es\/ceiplacruz\/wp-json\/wp\/v2\/posts"}],"about":[{"href":"https:\/\/blogsaverroes.juntadeandalucia.es\/ceiplacruz\/wp-json\/wp\/v2\/types\/post"}],"author":[{"embeddable":true,"href":"https:\/\/blogsaverroes.juntadeandalucia.es\/ceiplacruz\/wp-json\/wp\/v2\/users\/11553"}],"replies":[{"embeddable":true,"href":"https:\/\/blogsaverroes.juntadeandalucia.es\/ceiplacruz\/wp-json\/wp\/v2\/comments?post=2330"}],"version-history":[{"count":5,"href":"https:\/\/blogsaverroes.juntadeandalucia.es\/ceiplacruz\/wp-json\/wp\/v2\/posts\/2330\/revisions"}],"predecessor-version":[{"id":2504,"href":"https:\/\/blogsaverroes.juntadeandalucia.es\/ceiplacruz\/wp-json\/wp\/v2\/posts\/2330\/revisions\/2504"}],"wp:featuredmedia":[{"embeddable":true,"href":"https:\/\/blogsaverroes.juntadeandalucia.es\/ceiplacruz\/wp-json\/wp\/v2\/media\/2324"}],"wp:attachment":[{"href":"https:\/\/blogsaverroes.juntadeandalucia.es\/ceiplacruz\/wp-json\/wp\/v2\/media?parent=2330"}],"wp:term":[{"taxonomy":"category","embeddable":true,"href":"https:\/\/blogsaverroes.juntadeandalucia.es\/ceiplacruz\/wp-json\/wp\/v2\/categories?post=2330"},{"taxonomy":"post_tag","embeddable":true,"href":"https:\/\/blogsaverroes.juntadeandalucia.es\/ceiplacruz\/wp-json\/wp\/v2\/tags?post=2330"}],"curies":[{"name":"wp","href":"https:\/\/api.w.org\/{rel}","templated":true}]}}