{"id":2735,"date":"2021-12-11T20:58:29","date_gmt":"2021-12-11T20:58:29","guid":{"rendered":"https:\/\/blogsaverroes.juntadeandalucia.es\/ceiplacruz\/?p=2735"},"modified":"2021-12-11T20:58:29","modified_gmt":"2021-12-11T20:58:29","slug":"dia-de-la-discapacidad-funcional","status":"publish","type":"post","link":"https:\/\/blogsaverroes.juntadeandalucia.es\/ceiplacruz\/dia-de-la-discapacidad-funcional\/","title":{"rendered":"D\u00cdA DE LA DISCAPACIDAD FUNCIONAL"},"content":{"rendered":"<p>No te pierdes este video de las actividades realizadas en el centro con motivo del D\u00eda de la Discapacidad Funcional, 3 de diciembre.<\/p>\n<p>Os dejamos en este video una peque\u00f1a parte de la entrevista realizada por el alumnado de 3\u00ba de primaria a Jes\u00fas Vidal, actor de la pel\u00edcula \u00abCampeones\u00bb, podr\u00e9is escucharla completa en el programa especial de la radio del cole. Agradecemos a nuestra compa\u00f1era Pilar Mart\u00ednez su entrega y dedicaci\u00f3n por conseguir entrevistar a este actor galardonado con el premio Goya en la categor\u00eda de actor revelaci\u00f3n.<\/p>\n<p>En este video tambi\u00e9n encontrar\u00e9is im\u00e1genes de la visita Mariano I\u00e1\u00f1ez Tello, hermano de nuestra directora Vanesa, tambi\u00e9n entrevistado para la radio del cole por el alumnado de 4\u00ba de primaria.<\/p>\n<p>Agradecemos, tambi\u00e9n, al equipo de maestras de Pt y Al por organizar la jornada y a la Se\u00f1o Menchu por su propuesta de circuito.<\/p>\n<p><iframe loading=\"lazy\" title=\"D\u00cdA DE LA DISCAPACIDAD FUNCIONAL. CEIP LA CRUZ. CURSO 2021\/2022\" width=\"500\" height=\"281\" src=\"https:\/\/www.youtube.com\/embed\/L2sTtt957qk?feature=oembed&#038;wmode=opaque\" frameborder=\"0\" allow=\"accelerometer; autoplay; clipboard-write; encrypted-media; gyroscope; picture-in-picture\" allowfullscreen><\/iframe><\/p>\n<p>&nbsp;<\/p>\n","protected":false},"excerpt":{"rendered":"<p>No te pierdes este video de las actividades realizadas en el centro con motivo del D\u00eda de la Discapacidad Funcional, 3 de diciembre. Os dejamos en este video una peque\u00f1a parte de la entrevista&#46;&#46;&#46;<\/p>\n","protected":false},"author":11553,"featured_media":2736,"comment_status":"open","ping_status":"open","sticky":true,"template":"","format":"video","meta":{"ngg_post_thumbnail":0,"footnotes":""},"categories":[2351656],"tags":[],"aioseo_notices":[],"_links":{"self":[{"href":"https:\/\/blogsaverroes.juntadeandalucia.es\/ceiplacruz\/wp-json\/wp\/v2\/posts\/2735"}],"collection":[{"href":"https:\/\/blogsaverroes.juntadeandalucia.es\/ceiplacruz\/wp-json\/wp\/v2\/posts"}],"about":[{"href":"https:\/\/blogsaverroes.juntadeandalucia.es\/ceiplacruz\/wp-json\/wp\/v2\/types\/post"}],"author":[{"embeddable":true,"href":"https:\/\/blogsaverroes.juntadeandalucia.es\/ceiplacruz\/wp-json\/wp\/v2\/users\/11553"}],"replies":[{"embeddable":true,"href":"https:\/\/blogsaverroes.juntadeandalucia.es\/ceiplacruz\/wp-json\/wp\/v2\/comments?post=2735"}],"version-history":[{"count":1,"href":"https:\/\/blogsaverroes.juntadeandalucia.es\/ceiplacruz\/wp-json\/wp\/v2\/posts\/2735\/revisions"}],"predecessor-version":[{"id":2737,"href":"https:\/\/blogsaverroes.juntadeandalucia.es\/ceiplacruz\/wp-json\/wp\/v2\/posts\/2735\/revisions\/2737"}],"wp:featuredmedia":[{"embeddable":true,"href":"https:\/\/blogsaverroes.juntadeandalucia.es\/ceiplacruz\/wp-json\/wp\/v2\/media\/2736"}],"wp:attachment":[{"href":"https:\/\/blogsaverroes.juntadeandalucia.es\/ceiplacruz\/wp-json\/wp\/v2\/media?parent=2735"}],"wp:term":[{"taxonomy":"category","embeddable":true,"href":"https:\/\/blogsaverroes.juntadeandalucia.es\/ceiplacruz\/wp-json\/wp\/v2\/categories?post=2735"},{"taxonomy":"post_tag","embeddable":true,"href":"https:\/\/blogsaverroes.juntadeandalucia.es\/ceiplacruz\/wp-json\/wp\/v2\/tags?post=2735"}],"curies":[{"name":"wp","href":"https:\/\/api.w.org\/{rel}","templated":true}]}}