{"id":2872,"date":"2022-06-02T19:10:11","date_gmt":"2022-06-02T19:10:11","guid":{"rendered":"https:\/\/blogsaverroes.juntadeandalucia.es\/ceiplacruz\/?p=2872"},"modified":"2022-06-02T19:10:11","modified_gmt":"2022-06-02T19:10:11","slug":"campana-de-movilidad-sostenible","status":"publish","type":"post","link":"https:\/\/blogsaverroes.juntadeandalucia.es\/ceiplacruz\/campana-de-movilidad-sostenible\/","title":{"rendered":"CAMPA\u00d1A DE MOVILIDAD SOSTENIBLE"},"content":{"rendered":"<div dir=\"auto\">Vuelve el proyecto de \u00abLa Revoluci\u00f3n\u00bb desde el \u00e1rea de educaci\u00f3n f\u00edsica impartida por la Se\u00f1o Menchu.<\/div>\n<div dir=\"auto\">En este video encontrar\u00e9is sus videos, carteles y eslogan.<\/div>\n<div dir=\"auto\">&nbsp;<\/div>\n<div dir=\"auto\">La campa\u00f1a ser\u00e1 promocionada y presentada en Durcatel, Radio D\u00farcal, en los establecimientos de la localidad y al ciudadano de calle, as\u00ed como al resto del alumnado del centro, desde infantil a 6\u00ba de primaria. Pronto publicaremos el resultado.<\/div>\n<div dir=\"auto\">&nbsp;<\/div>\n<div dir=\"auto\">ENHORABUENA AL ALUMNADO POR SU TRABAJO.<\/div>\n<div dir=\"auto\">&nbsp;<\/div>\n<div dir=\"auto\">\n<div dir=\"auto\">\n<p><iframe loading=\"lazy\" title=\"Campa\u00f1a Movilidad Sostenible. Ceip La Cruz. Curso 21\/22\" width=\"500\" height=\"281\" src=\"https:\/\/www.youtube.com\/embed\/VixsVPuPMg8?feature=oembed&#038;wmode=opaque\" frameborder=\"0\" allow=\"accelerometer; autoplay; clipboard-write; encrypted-media; gyroscope; picture-in-picture\" allowfullscreen><\/iframe><\/p>\n<\/div>\n<div dir=\"auto\">&nbsp;<\/div>\n<div dir=\"auto\">&nbsp;<\/div>\n<div dir=\"auto\">&nbsp;<\/div>\n<div dir=\"auto\">&nbsp;<\/div>\n<div dir=\"auto\">&nbsp;<\/div>\n<\/div>\n","protected":false},"excerpt":{"rendered":"<p>Vuelve el proyecto de \u00abLa Revoluci\u00f3n\u00bb desde el \u00e1rea de educaci\u00f3n f\u00edsica impartida por la Se\u00f1o Menchu. En este video encontrar\u00e9is sus videos, carteles y eslogan. &nbsp; La campa\u00f1a ser\u00e1 promocionada y presentada en&#46;&#46;&#46;<\/p>\n","protected":false},"author":11553,"featured_media":2481,"comment_status":"open","ping_status":"open","sticky":true,"template":"","format":"video","meta":{"ngg_post_thumbnail":0,"footnotes":""},"categories":[2351653],"tags":[],"aioseo_notices":[],"_links":{"self":[{"href":"https:\/\/blogsaverroes.juntadeandalucia.es\/ceiplacruz\/wp-json\/wp\/v2\/posts\/2872"}],"collection":[{"href":"https:\/\/blogsaverroes.juntadeandalucia.es\/ceiplacruz\/wp-json\/wp\/v2\/posts"}],"about":[{"href":"https:\/\/blogsaverroes.juntadeandalucia.es\/ceiplacruz\/wp-json\/wp\/v2\/types\/post"}],"author":[{"embeddable":true,"href":"https:\/\/blogsaverroes.juntadeandalucia.es\/ceiplacruz\/wp-json\/wp\/v2\/users\/11553"}],"replies":[{"embeddable":true,"href":"https:\/\/blogsaverroes.juntadeandalucia.es\/ceiplacruz\/wp-json\/wp\/v2\/comments?post=2872"}],"version-history":[{"count":2,"href":"https:\/\/blogsaverroes.juntadeandalucia.es\/ceiplacruz\/wp-json\/wp\/v2\/posts\/2872\/revisions"}],"predecessor-version":[{"id":2874,"href":"https:\/\/blogsaverroes.juntadeandalucia.es\/ceiplacruz\/wp-json\/wp\/v2\/posts\/2872\/revisions\/2874"}],"wp:featuredmedia":[{"embeddable":true,"href":"https:\/\/blogsaverroes.juntadeandalucia.es\/ceiplacruz\/wp-json\/wp\/v2\/media\/2481"}],"wp:attachment":[{"href":"https:\/\/blogsaverroes.juntadeandalucia.es\/ceiplacruz\/wp-json\/wp\/v2\/media?parent=2872"}],"wp:term":[{"taxonomy":"category","embeddable":true,"href":"https:\/\/blogsaverroes.juntadeandalucia.es\/ceiplacruz\/wp-json\/wp\/v2\/categories?post=2872"},{"taxonomy":"post_tag","embeddable":true,"href":"https:\/\/blogsaverroes.juntadeandalucia.es\/ceiplacruz\/wp-json\/wp\/v2\/tags?post=2872"}],"curies":[{"name":"wp","href":"https:\/\/api.w.org\/{rel}","templated":true}]}}