{"id":3092,"date":"2023-02-02T19:58:37","date_gmt":"2023-02-02T19:58:37","guid":{"rendered":"https:\/\/blogsaverroes.juntadeandalucia.es\/ceiplacruz\/?p=3092"},"modified":"2023-02-02T20:01:18","modified_gmt":"2023-02-02T20:01:18","slug":"proyecto-repobladores","status":"publish","type":"post","link":"https:\/\/blogsaverroes.juntadeandalucia.es\/ceiplacruz\/proyecto-repobladores\/","title":{"rendered":"PROYECTO: REPOBLADORES"},"content":{"rendered":"<p style=\"text-align: center\">El proyecto \u201cRepobladores\u201d parte de la toma de conciencia de la emergencia clim\u00e1tica del Planeta Tierra y de nuestro entorno natural, y tiene como objetivo<br \/>\ncolaborar en la lucha contra el cambio clim\u00e1tico, un problema que nos afecta en todas las facetas de nuestra vida, y que sobre todo condicionar\u00e1 la vida a las generaciones futuras, por lo que creemos que todas las personas debemos estar implicadas. El proyecto est\u00e1 dise\u00f1ado como una actividad permanente, con actividades que se desarrollar\u00e1n a lo largo de los a\u00f1os y contempla llevar a cabo repoblaciones con especies aut\u00f3ctonas en la Sierra y en el entorno de D\u00farcal, as\u00ed como trabajos de cuidados y restauraci\u00f3n del medio natural.<\/p>\n<p style=\"text-align: center\">Durante al a\u00f1o 2023 tenemos previsto desarrollar al menos dos acciones: una plantaci\u00f3n de \u00e1rboles en el Barranco de los Lobos, en el entorno del R\u00edo, y otra repoblaci\u00f3n en la Sierra de D\u00farcal, que incluye trabajos para evitar la erosi\u00f3n en la zona.<br \/>\nLa primera de las actividades, la repoblaci\u00f3n y plan de recuperaci\u00f3n de la biodiversidad en el Barranco de Los Lobos, la llevaremos a cabo en el mes de enero<br \/>\nde 2023. Estar\u00e1 financiada por la Sociedad Ben\u00e9fica La Esperanza, y organizada en estrecha colaboraci\u00f3n con el Ayuntamiento y con voluntariado de D\u00farcal, en particular con los colectivos ciudadanos Alerta Clim\u00e1tica y SOS Pachamama, dos agrupaciones ambientalistas que desde 2019 vienen realizando acciones de reforestaci\u00f3n. Para llevarla a cabo contaremos con la participaci\u00f3n de los centros escolares de la localidad, alumnado, profesorado, padres y madres, as\u00ed como todas aquellas personas del pueblo que se quieran sumar como voluntarias.<\/p>\n<p style=\"text-align: center\">La actividad contempla:<\/p>\n<p>A) Jornada de concienciaci\u00f3n y explicaci\u00f3n de la actividad a realizar, con charlas sobre las especies aut\u00f3ctonas de la zona.<\/p>\n<p><a href=\"https:\/\/blogsaverroes.juntadeandalucia.es\/ceiplacruz\/files\/2023\/02\/20230112_102320-scaled.jpg\"><img loading=\"lazy\" decoding=\"async\" class=\"alignnone size-medium wp-image-3093\" src=\"https:\/\/blogsaverroes.juntadeandalucia.es\/ceiplacruz\/files\/2023\/02\/20230112_102320-300x169.jpg\" alt=\"\" width=\"300\" height=\"169\" srcset=\"https:\/\/blogsaverroes.juntadeandalucia.es\/ceiplacruz\/files\/2023\/02\/20230112_102320-300x169.jpg 300w, https:\/\/blogsaverroes.juntadeandalucia.es\/ceiplacruz\/files\/2023\/02\/20230112_102320-1024x577.jpg 1024w, https:\/\/blogsaverroes.juntadeandalucia.es\/ceiplacruz\/files\/2023\/02\/20230112_102320-768x432.jpg 768w, https:\/\/blogsaverroes.juntadeandalucia.es\/ceiplacruz\/files\/2023\/02\/20230112_102320-1536x865.jpg 1536w, https:\/\/blogsaverroes.juntadeandalucia.es\/ceiplacruz\/files\/2023\/02\/20230112_102320-2048x1153.jpg 2048w, https:\/\/blogsaverroes.juntadeandalucia.es\/ceiplacruz\/files\/2023\/02\/20230112_102320-scaled.jpg 1600w\" sizes=\"(max-width: 300px) 100vw, 300px\" \/><\/a> <a href=\"https:\/\/blogsaverroes.juntadeandalucia.es\/ceiplacruz\/files\/2023\/02\/20230112_104208-scaled.jpg\"><img loading=\"lazy\" decoding=\"async\" class=\"alignnone size-medium wp-image-3094\" src=\"https:\/\/blogsaverroes.juntadeandalucia.es\/ceiplacruz\/files\/2023\/02\/20230112_104208-300x169.jpg\" alt=\"\" width=\"300\" height=\"169\" srcset=\"https:\/\/blogsaverroes.juntadeandalucia.es\/ceiplacruz\/files\/2023\/02\/20230112_104208-300x169.jpg 300w, https:\/\/blogsaverroes.juntadeandalucia.es\/ceiplacruz\/files\/2023\/02\/20230112_104208-1024x577.jpg 1024w, https:\/\/blogsaverroes.juntadeandalucia.es\/ceiplacruz\/files\/2023\/02\/20230112_104208-768x432.jpg 768w, https:\/\/blogsaverroes.juntadeandalucia.es\/ceiplacruz\/files\/2023\/02\/20230112_104208-1536x865.jpg 1536w, https:\/\/blogsaverroes.juntadeandalucia.es\/ceiplacruz\/files\/2023\/02\/20230112_104208-2048x1153.jpg 2048w, https:\/\/blogsaverroes.juntadeandalucia.es\/ceiplacruz\/files\/2023\/02\/20230112_104208-scaled.jpg 1600w\" sizes=\"(max-width: 300px) 100vw, 300px\" \/><\/a> <a href=\"https:\/\/blogsaverroes.juntadeandalucia.es\/ceiplacruz\/files\/2023\/02\/20230112_110245-scaled.jpg\"><img loading=\"lazy\" decoding=\"async\" class=\"alignnone size-medium wp-image-3095\" src=\"https:\/\/blogsaverroes.juntadeandalucia.es\/ceiplacruz\/files\/2023\/02\/20230112_110245-300x169.jpg\" alt=\"\" width=\"300\" height=\"169\" srcset=\"https:\/\/blogsaverroes.juntadeandalucia.es\/ceiplacruz\/files\/2023\/02\/20230112_110245-300x169.jpg 300w, https:\/\/blogsaverroes.juntadeandalucia.es\/ceiplacruz\/files\/2023\/02\/20230112_110245-1024x577.jpg 1024w, https:\/\/blogsaverroes.juntadeandalucia.es\/ceiplacruz\/files\/2023\/02\/20230112_110245-768x432.jpg 768w, https:\/\/blogsaverroes.juntadeandalucia.es\/ceiplacruz\/files\/2023\/02\/20230112_110245-1536x865.jpg 1536w, https:\/\/blogsaverroes.juntadeandalucia.es\/ceiplacruz\/files\/2023\/02\/20230112_110245-2048x1153.jpg 2048w, https:\/\/blogsaverroes.juntadeandalucia.es\/ceiplacruz\/files\/2023\/02\/20230112_110245-scaled.jpg 1600w\" sizes=\"(max-width: 300px) 100vw, 300px\" \/><\/a> <a href=\"https:\/\/blogsaverroes.juntadeandalucia.es\/ceiplacruz\/files\/2023\/02\/20230112_102225-scaled.jpg\"><img loading=\"lazy\" decoding=\"async\" class=\"alignnone size-medium wp-image-3096\" src=\"https:\/\/blogsaverroes.juntadeandalucia.es\/ceiplacruz\/files\/2023\/02\/20230112_102225-300x169.jpg\" alt=\"\" width=\"300\" height=\"169\" srcset=\"https:\/\/blogsaverroes.juntadeandalucia.es\/ceiplacruz\/files\/2023\/02\/20230112_102225-300x169.jpg 300w, https:\/\/blogsaverroes.juntadeandalucia.es\/ceiplacruz\/files\/2023\/02\/20230112_102225-1024x577.jpg 1024w, https:\/\/blogsaverroes.juntadeandalucia.es\/ceiplacruz\/files\/2023\/02\/20230112_102225-768x432.jpg 768w, https:\/\/blogsaverroes.juntadeandalucia.es\/ceiplacruz\/files\/2023\/02\/20230112_102225-1536x865.jpg 1536w, https:\/\/blogsaverroes.juntadeandalucia.es\/ceiplacruz\/files\/2023\/02\/20230112_102225-2048x1153.jpg 2048w, https:\/\/blogsaverroes.juntadeandalucia.es\/ceiplacruz\/files\/2023\/02\/20230112_102225-scaled.jpg 1600w\" sizes=\"(max-width: 300px) 100vw, 300px\" \/><\/a><br \/>\nB) Repoblaci\u00f3n con 400 \u00e1rboles, que se llevar\u00e1n a cabo en esta primera fase en la zona del Barranco de Los Lobos<\/p>\n<p><iframe loading=\"lazy\" title=\"Reforestaci\u00f3n Barranco Los Lobos D\u00farcal. Asociaci\u00f3n ben\u00e9fica la Esperanza y Ceip La Cruz\" width=\"500\" height=\"281\" src=\"https:\/\/www.youtube.com\/embed\/SPvBJNVawQQ?feature=oembed&#038;wmode=opaque\" frameborder=\"0\" allow=\"accelerometer; autoplay; clipboard-write; encrypted-media; gyroscope; picture-in-picture; web-share\" allowfullscreen><\/iframe><\/p>\n","protected":false},"excerpt":{"rendered":"<p>El proyecto \u201cRepobladores\u201d parte de la toma de conciencia de la emergencia clim\u00e1tica del Planeta Tierra y de nuestro entorno natural, y tiene como objetivo colaborar en la lucha contra el cambio clim\u00e1tico, un&#46;&#46;&#46;<\/p>\n","protected":false},"author":11553,"featured_media":3099,"comment_status":"open","ping_status":"open","sticky":true,"template":"","format":"video","meta":{"ngg_post_thumbnail":0,"footnotes":""},"categories":[5991],"tags":[],"aioseo_notices":[],"_links":{"self":[{"href":"https:\/\/blogsaverroes.juntadeandalucia.es\/ceiplacruz\/wp-json\/wp\/v2\/posts\/3092"}],"collection":[{"href":"https:\/\/blogsaverroes.juntadeandalucia.es\/ceiplacruz\/wp-json\/wp\/v2\/posts"}],"about":[{"href":"https:\/\/blogsaverroes.juntadeandalucia.es\/ceiplacruz\/wp-json\/wp\/v2\/types\/post"}],"author":[{"embeddable":true,"href":"https:\/\/blogsaverroes.juntadeandalucia.es\/ceiplacruz\/wp-json\/wp\/v2\/users\/11553"}],"replies":[{"embeddable":true,"href":"https:\/\/blogsaverroes.juntadeandalucia.es\/ceiplacruz\/wp-json\/wp\/v2\/comments?post=3092"}],"version-history":[{"count":3,"href":"https:\/\/blogsaverroes.juntadeandalucia.es\/ceiplacruz\/wp-json\/wp\/v2\/posts\/3092\/revisions"}],"predecessor-version":[{"id":3100,"href":"https:\/\/blogsaverroes.juntadeandalucia.es\/ceiplacruz\/wp-json\/wp\/v2\/posts\/3092\/revisions\/3100"}],"wp:featuredmedia":[{"embeddable":true,"href":"https:\/\/blogsaverroes.juntadeandalucia.es\/ceiplacruz\/wp-json\/wp\/v2\/media\/3099"}],"wp:attachment":[{"href":"https:\/\/blogsaverroes.juntadeandalucia.es\/ceiplacruz\/wp-json\/wp\/v2\/media?parent=3092"}],"wp:term":[{"taxonomy":"category","embeddable":true,"href":"https:\/\/blogsaverroes.juntadeandalucia.es\/ceiplacruz\/wp-json\/wp\/v2\/categories?post=3092"},{"taxonomy":"post_tag","embeddable":true,"href":"https:\/\/blogsaverroes.juntadeandalucia.es\/ceiplacruz\/wp-json\/wp\/v2\/tags?post=3092"}],"curies":[{"name":"wp","href":"https:\/\/api.w.org\/{rel}","templated":true}]}}