{"id":3101,"date":"2023-02-06T14:05:58","date_gmt":"2023-02-06T14:05:58","guid":{"rendered":"https:\/\/blogsaverroes.juntadeandalucia.es\/ceiplacruz\/?p=3101"},"modified":"2023-02-06T14:05:58","modified_gmt":"2023-02-06T14:05:58","slug":"i-marcha-solidaria","status":"publish","type":"post","link":"https:\/\/blogsaverroes.juntadeandalucia.es\/ceiplacruz\/i-marcha-solidaria\/","title":{"rendered":"I MARCHA SOLIDARIA"},"content":{"rendered":"<p>Os dejamos una peque\u00f1a muestra de c\u00f3mo fue la jornada.<\/p>\n<p>La recaudaci\u00f3n para la Fundaci\u00f3n Save The Children ascendi\u00f3 a la cantidad de 1194,6 euros.<\/p>\n<p><iframe loading=\"lazy\" title=\"D\u00eda de la Paz. I Marcha Solidaria.\" width=\"500\" height=\"281\" src=\"https:\/\/www.youtube.com\/embed\/MpRSqc5kvSo?feature=oembed&#038;wmode=opaque\" frameborder=\"0\" allow=\"accelerometer; autoplay; clipboard-write; encrypted-media; gyroscope; picture-in-picture; web-share\" allowfullscreen><\/iframe><\/p>\n<p>&nbsp;<\/p>\n<p>&nbsp;<\/p>\n","protected":false},"excerpt":{"rendered":"<p>Os dejamos una peque\u00f1a muestra de c\u00f3mo fue la jornada. La recaudaci\u00f3n para la Fundaci\u00f3n Save The Children ascendi\u00f3 a la cantidad de 1194,6 euros. &nbsp; &nbsp;<\/p>\n","protected":false},"author":11553,"featured_media":2841,"comment_status":"open","ping_status":"open","sticky":true,"template":"","format":"standard","meta":{"ngg_post_thumbnail":0,"footnotes":""},"categories":[2351661],"tags":[],"aioseo_notices":[],"_links":{"self":[{"href":"https:\/\/blogsaverroes.juntadeandalucia.es\/ceiplacruz\/wp-json\/wp\/v2\/posts\/3101"}],"collection":[{"href":"https:\/\/blogsaverroes.juntadeandalucia.es\/ceiplacruz\/wp-json\/wp\/v2\/posts"}],"about":[{"href":"https:\/\/blogsaverroes.juntadeandalucia.es\/ceiplacruz\/wp-json\/wp\/v2\/types\/post"}],"author":[{"embeddable":true,"href":"https:\/\/blogsaverroes.juntadeandalucia.es\/ceiplacruz\/wp-json\/wp\/v2\/users\/11553"}],"replies":[{"embeddable":true,"href":"https:\/\/blogsaverroes.juntadeandalucia.es\/ceiplacruz\/wp-json\/wp\/v2\/comments?post=3101"}],"version-history":[{"count":1,"href":"https:\/\/blogsaverroes.juntadeandalucia.es\/ceiplacruz\/wp-json\/wp\/v2\/posts\/3101\/revisions"}],"predecessor-version":[{"id":3102,"href":"https:\/\/blogsaverroes.juntadeandalucia.es\/ceiplacruz\/wp-json\/wp\/v2\/posts\/3101\/revisions\/3102"}],"wp:featuredmedia":[{"embeddable":true,"href":"https:\/\/blogsaverroes.juntadeandalucia.es\/ceiplacruz\/wp-json\/wp\/v2\/media\/2841"}],"wp:attachment":[{"href":"https:\/\/blogsaverroes.juntadeandalucia.es\/ceiplacruz\/wp-json\/wp\/v2\/media?parent=3101"}],"wp:term":[{"taxonomy":"category","embeddable":true,"href":"https:\/\/blogsaverroes.juntadeandalucia.es\/ceiplacruz\/wp-json\/wp\/v2\/categories?post=3101"},{"taxonomy":"post_tag","embeddable":true,"href":"https:\/\/blogsaverroes.juntadeandalucia.es\/ceiplacruz\/wp-json\/wp\/v2\/tags?post=3101"}],"curies":[{"name":"wp","href":"https:\/\/api.w.org\/{rel}","templated":true}]}}