{"id":3297,"date":"2023-06-01T17:05:02","date_gmt":"2023-06-01T17:05:02","guid":{"rendered":"https:\/\/blogsaverroes.juntadeandalucia.es\/ceiplacruz\/?p=3297"},"modified":"2023-06-01T17:05:02","modified_gmt":"2023-06-01T17:05:02","slug":"mediacion","status":"publish","type":"post","link":"https:\/\/blogsaverroes.juntadeandalucia.es\/ceiplacruz\/mediacion\/","title":{"rendered":"MEDIACI\u00d3N"},"content":{"rendered":"<p>Nuestro alumnado seleccionado de 5\u00ba de Primaria, ha finalizado su curso de mediaci\u00f3n escolar.<\/p>\n<p>Durante m\u00e1s de un mes han ido recibiendo la formaci\u00f3n sobre mediaci\u00f3n por parte de la coordinadora de Convivencia, la Se\u00f1o Menchu.<\/p>\n<p>En su \u00faltimo d\u00eda han realizado un kahhot de evaluaci\u00f3n de contenidos y han recibido su diploma correspondiente por haber superado la formaci\u00f3n.<\/p>\n<p>\u00a1Enhorabuena a Emma, Julia, Elvira, Catalina, Jes\u00fas, Leo, \u00c1lvaro, Alejandro!<\/p>\n<p><a href=\"https:\/\/blogsaverroes.juntadeandalucia.es\/ceiplacruz\/files\/2023\/06\/20230601_134635-scaled.jpg\"><img loading=\"lazy\" decoding=\"async\" class=\"wp-image-3298 aligncenter\" src=\"https:\/\/blogsaverroes.juntadeandalucia.es\/ceiplacruz\/files\/2023\/06\/20230601_134635-300x169.jpg\" alt=\"\" width=\"699\" height=\"394\" srcset=\"https:\/\/blogsaverroes.juntadeandalucia.es\/ceiplacruz\/files\/2023\/06\/20230601_134635-300x169.jpg 300w, https:\/\/blogsaverroes.juntadeandalucia.es\/ceiplacruz\/files\/2023\/06\/20230601_134635-1024x577.jpg 1024w, https:\/\/blogsaverroes.juntadeandalucia.es\/ceiplacruz\/files\/2023\/06\/20230601_134635-768x432.jpg 768w, https:\/\/blogsaverroes.juntadeandalucia.es\/ceiplacruz\/files\/2023\/06\/20230601_134635-1536x865.jpg 1536w, https:\/\/blogsaverroes.juntadeandalucia.es\/ceiplacruz\/files\/2023\/06\/20230601_134635-2048x1153.jpg 2048w, https:\/\/blogsaverroes.juntadeandalucia.es\/ceiplacruz\/files\/2023\/06\/20230601_134635-scaled.jpg 1600w\" sizes=\"(max-width: 699px) 100vw, 699px\" \/><\/a> <a href=\"https:\/\/blogsaverroes.juntadeandalucia.es\/ceiplacruz\/files\/2023\/06\/20230601_134729-scaled.jpg\"><img loading=\"lazy\" decoding=\"async\" class=\"alignnone  wp-image-3299\" src=\"https:\/\/blogsaverroes.juntadeandalucia.es\/ceiplacruz\/files\/2023\/06\/20230601_134729-300x169.jpg\" alt=\"\" width=\"474\" height=\"267\" srcset=\"https:\/\/blogsaverroes.juntadeandalucia.es\/ceiplacruz\/files\/2023\/06\/20230601_134729-300x169.jpg 300w, https:\/\/blogsaverroes.juntadeandalucia.es\/ceiplacruz\/files\/2023\/06\/20230601_134729-1024x577.jpg 1024w, https:\/\/blogsaverroes.juntadeandalucia.es\/ceiplacruz\/files\/2023\/06\/20230601_134729-768x432.jpg 768w, https:\/\/blogsaverroes.juntadeandalucia.es\/ceiplacruz\/files\/2023\/06\/20230601_134729-1536x865.jpg 1536w, https:\/\/blogsaverroes.juntadeandalucia.es\/ceiplacruz\/files\/2023\/06\/20230601_134729-2048x1153.jpg 2048w, https:\/\/blogsaverroes.juntadeandalucia.es\/ceiplacruz\/files\/2023\/06\/20230601_134729-scaled.jpg 1600w\" sizes=\"(max-width: 474px) 100vw, 474px\" \/><\/a> <a href=\"https:\/\/blogsaverroes.juntadeandalucia.es\/ceiplacruz\/files\/2023\/06\/20230601_134740-scaled.jpg\"><img loading=\"lazy\" decoding=\"async\" class=\"alignnone  wp-image-3300\" src=\"https:\/\/blogsaverroes.juntadeandalucia.es\/ceiplacruz\/files\/2023\/06\/20230601_134740-300x169.jpg\" alt=\"\" width=\"472\" height=\"266\" srcset=\"https:\/\/blogsaverroes.juntadeandalucia.es\/ceiplacruz\/files\/2023\/06\/20230601_134740-300x169.jpg 300w, https:\/\/blogsaverroes.juntadeandalucia.es\/ceiplacruz\/files\/2023\/06\/20230601_134740-1024x577.jpg 1024w, https:\/\/blogsaverroes.juntadeandalucia.es\/ceiplacruz\/files\/2023\/06\/20230601_134740-768x432.jpg 768w, https:\/\/blogsaverroes.juntadeandalucia.es\/ceiplacruz\/files\/2023\/06\/20230601_134740-1536x865.jpg 1536w, https:\/\/blogsaverroes.juntadeandalucia.es\/ceiplacruz\/files\/2023\/06\/20230601_134740-2048x1153.jpg 2048w, https:\/\/blogsaverroes.juntadeandalucia.es\/ceiplacruz\/files\/2023\/06\/20230601_134740-scaled.jpg 1600w\" sizes=\"(max-width: 472px) 100vw, 472px\" \/><\/a> <a href=\"https:\/\/blogsaverroes.juntadeandalucia.es\/ceiplacruz\/files\/2023\/06\/20230601_134756-scaled.jpg\"><img loading=\"lazy\" decoding=\"async\" class=\"alignnone  wp-image-3301\" src=\"https:\/\/blogsaverroes.juntadeandalucia.es\/ceiplacruz\/files\/2023\/06\/20230601_134756-300x169.jpg\" alt=\"\" width=\"478\" height=\"269\" srcset=\"https:\/\/blogsaverroes.juntadeandalucia.es\/ceiplacruz\/files\/2023\/06\/20230601_134756-300x169.jpg 300w, https:\/\/blogsaverroes.juntadeandalucia.es\/ceiplacruz\/files\/2023\/06\/20230601_134756-1024x577.jpg 1024w, https:\/\/blogsaverroes.juntadeandalucia.es\/ceiplacruz\/files\/2023\/06\/20230601_134756-768x432.jpg 768w, https:\/\/blogsaverroes.juntadeandalucia.es\/ceiplacruz\/files\/2023\/06\/20230601_134756-1536x865.jpg 1536w, https:\/\/blogsaverroes.juntadeandalucia.es\/ceiplacruz\/files\/2023\/06\/20230601_134756-2048x1153.jpg 2048w, https:\/\/blogsaverroes.juntadeandalucia.es\/ceiplacruz\/files\/2023\/06\/20230601_134756-scaled.jpg 1600w\" sizes=\"(max-width: 478px) 100vw, 478px\" \/><\/a> <a href=\"https:\/\/blogsaverroes.juntadeandalucia.es\/ceiplacruz\/files\/2023\/06\/20230601_134809-scaled.jpg\"><img loading=\"lazy\" decoding=\"async\" class=\"alignnone  wp-image-3302\" src=\"https:\/\/blogsaverroes.juntadeandalucia.es\/ceiplacruz\/files\/2023\/06\/20230601_134809-300x169.jpg\" alt=\"\" width=\"472\" height=\"266\" srcset=\"https:\/\/blogsaverroes.juntadeandalucia.es\/ceiplacruz\/files\/2023\/06\/20230601_134809-300x169.jpg 300w, https:\/\/blogsaverroes.juntadeandalucia.es\/ceiplacruz\/files\/2023\/06\/20230601_134809-1024x577.jpg 1024w, https:\/\/blogsaverroes.juntadeandalucia.es\/ceiplacruz\/files\/2023\/06\/20230601_134809-768x432.jpg 768w, https:\/\/blogsaverroes.juntadeandalucia.es\/ceiplacruz\/files\/2023\/06\/20230601_134809-1536x865.jpg 1536w, https:\/\/blogsaverroes.juntadeandalucia.es\/ceiplacruz\/files\/2023\/06\/20230601_134809-2048x1153.jpg 2048w, https:\/\/blogsaverroes.juntadeandalucia.es\/ceiplacruz\/files\/2023\/06\/20230601_134809-scaled.jpg 1600w\" sizes=\"(max-width: 472px) 100vw, 472px\" \/><\/a> <a href=\"https:\/\/blogsaverroes.juntadeandalucia.es\/ceiplacruz\/files\/2023\/06\/20230601_134816-scaled.jpg\"><img loading=\"lazy\" decoding=\"async\" class=\"alignnone  wp-image-3303\" src=\"https:\/\/blogsaverroes.juntadeandalucia.es\/ceiplacruz\/files\/2023\/06\/20230601_134816-300x169.jpg\" alt=\"\" width=\"478\" height=\"269\" srcset=\"https:\/\/blogsaverroes.juntadeandalucia.es\/ceiplacruz\/files\/2023\/06\/20230601_134816-300x169.jpg 300w, https:\/\/blogsaverroes.juntadeandalucia.es\/ceiplacruz\/files\/2023\/06\/20230601_134816-1024x577.jpg 1024w, https:\/\/blogsaverroes.juntadeandalucia.es\/ceiplacruz\/files\/2023\/06\/20230601_134816-768x432.jpg 768w, https:\/\/blogsaverroes.juntadeandalucia.es\/ceiplacruz\/files\/2023\/06\/20230601_134816-1536x865.jpg 1536w, https:\/\/blogsaverroes.juntadeandalucia.es\/ceiplacruz\/files\/2023\/06\/20230601_134816-2048x1153.jpg 2048w, https:\/\/blogsaverroes.juntadeandalucia.es\/ceiplacruz\/files\/2023\/06\/20230601_134816-scaled.jpg 1600w\" sizes=\"(max-width: 478px) 100vw, 478px\" \/><\/a> <a href=\"https:\/\/blogsaverroes.juntadeandalucia.es\/ceiplacruz\/files\/2023\/06\/20230601_134836-scaled.jpg\"><img loading=\"lazy\" decoding=\"async\" class=\"alignnone  wp-image-3304\" src=\"https:\/\/blogsaverroes.juntadeandalucia.es\/ceiplacruz\/files\/2023\/06\/20230601_134836-300x169.jpg\" alt=\"\" width=\"472\" height=\"266\" srcset=\"https:\/\/blogsaverroes.juntadeandalucia.es\/ceiplacruz\/files\/2023\/06\/20230601_134836-300x169.jpg 300w, https:\/\/blogsaverroes.juntadeandalucia.es\/ceiplacruz\/files\/2023\/06\/20230601_134836-1024x577.jpg 1024w, https:\/\/blogsaverroes.juntadeandalucia.es\/ceiplacruz\/files\/2023\/06\/20230601_134836-768x432.jpg 768w, https:\/\/blogsaverroes.juntadeandalucia.es\/ceiplacruz\/files\/2023\/06\/20230601_134836-1536x865.jpg 1536w, https:\/\/blogsaverroes.juntadeandalucia.es\/ceiplacruz\/files\/2023\/06\/20230601_134836-2048x1153.jpg 2048w, https:\/\/blogsaverroes.juntadeandalucia.es\/ceiplacruz\/files\/2023\/06\/20230601_134836-scaled.jpg 1600w\" sizes=\"(max-width: 472px) 100vw, 472px\" \/><\/a> <a href=\"https:\/\/blogsaverroes.juntadeandalucia.es\/ceiplacruz\/files\/2023\/06\/20230601_134849-scaled.jpg\"><img loading=\"lazy\" decoding=\"async\" class=\"alignnone  wp-image-3305\" src=\"https:\/\/blogsaverroes.juntadeandalucia.es\/ceiplacruz\/files\/2023\/06\/20230601_134849-300x169.jpg\" alt=\"\" width=\"479\" height=\"270\" srcset=\"https:\/\/blogsaverroes.juntadeandalucia.es\/ceiplacruz\/files\/2023\/06\/20230601_134849-300x169.jpg 300w, https:\/\/blogsaverroes.juntadeandalucia.es\/ceiplacruz\/files\/2023\/06\/20230601_134849-1024x577.jpg 1024w, https:\/\/blogsaverroes.juntadeandalucia.es\/ceiplacruz\/files\/2023\/06\/20230601_134849-768x432.jpg 768w, https:\/\/blogsaverroes.juntadeandalucia.es\/ceiplacruz\/files\/2023\/06\/20230601_134849-1536x865.jpg 1536w, https:\/\/blogsaverroes.juntadeandalucia.es\/ceiplacruz\/files\/2023\/06\/20230601_134849-2048x1153.jpg 2048w, https:\/\/blogsaverroes.juntadeandalucia.es\/ceiplacruz\/files\/2023\/06\/20230601_134849-scaled.jpg 1600w\" sizes=\"(max-width: 479px) 100vw, 479px\" \/><\/a> <a href=\"https:\/\/blogsaverroes.juntadeandalucia.es\/ceiplacruz\/files\/2023\/06\/20230601_134856-scaled.jpg\"><img loading=\"lazy\" decoding=\"async\" class=\"alignnone  wp-image-3306\" src=\"https:\/\/blogsaverroes.juntadeandalucia.es\/ceiplacruz\/files\/2023\/06\/20230601_134856-300x169.jpg\" alt=\"\" width=\"472\" height=\"266\" srcset=\"https:\/\/blogsaverroes.juntadeandalucia.es\/ceiplacruz\/files\/2023\/06\/20230601_134856-300x169.jpg 300w, https:\/\/blogsaverroes.juntadeandalucia.es\/ceiplacruz\/files\/2023\/06\/20230601_134856-1024x577.jpg 1024w, https:\/\/blogsaverroes.juntadeandalucia.es\/ceiplacruz\/files\/2023\/06\/20230601_134856-768x432.jpg 768w, https:\/\/blogsaverroes.juntadeandalucia.es\/ceiplacruz\/files\/2023\/06\/20230601_134856-1536x865.jpg 1536w, https:\/\/blogsaverroes.juntadeandalucia.es\/ceiplacruz\/files\/2023\/06\/20230601_134856-2048x1153.jpg 2048w, https:\/\/blogsaverroes.juntadeandalucia.es\/ceiplacruz\/files\/2023\/06\/20230601_134856-scaled.jpg 1600w\" sizes=\"(max-width: 472px) 100vw, 472px\" \/><\/a><\/p>\n","protected":false},"excerpt":{"rendered":"<p>Nuestro alumnado seleccionado de 5\u00ba de Primaria, ha finalizado su curso de mediaci\u00f3n escolar. Durante m\u00e1s de un mes han ido recibiendo la formaci\u00f3n sobre mediaci\u00f3n por parte de la coordinadora de Convivencia, la&#46;&#46;&#46;<\/p>\n","protected":false},"author":11553,"featured_media":2459,"comment_status":"open","ping_status":"open","sticky":true,"template":"","format":"standard","meta":{"ngg_post_thumbnail":0,"footnotes":""},"categories":[2351661],"tags":[],"aioseo_notices":[],"_links":{"self":[{"href":"https:\/\/blogsaverroes.juntadeandalucia.es\/ceiplacruz\/wp-json\/wp\/v2\/posts\/3297"}],"collection":[{"href":"https:\/\/blogsaverroes.juntadeandalucia.es\/ceiplacruz\/wp-json\/wp\/v2\/posts"}],"about":[{"href":"https:\/\/blogsaverroes.juntadeandalucia.es\/ceiplacruz\/wp-json\/wp\/v2\/types\/post"}],"author":[{"embeddable":true,"href":"https:\/\/blogsaverroes.juntadeandalucia.es\/ceiplacruz\/wp-json\/wp\/v2\/users\/11553"}],"replies":[{"embeddable":true,"href":"https:\/\/blogsaverroes.juntadeandalucia.es\/ceiplacruz\/wp-json\/wp\/v2\/comments?post=3297"}],"version-history":[{"count":2,"href":"https:\/\/blogsaverroes.juntadeandalucia.es\/ceiplacruz\/wp-json\/wp\/v2\/posts\/3297\/revisions"}],"predecessor-version":[{"id":3308,"href":"https:\/\/blogsaverroes.juntadeandalucia.es\/ceiplacruz\/wp-json\/wp\/v2\/posts\/3297\/revisions\/3308"}],"wp:featuredmedia":[{"embeddable":true,"href":"https:\/\/blogsaverroes.juntadeandalucia.es\/ceiplacruz\/wp-json\/wp\/v2\/media\/2459"}],"wp:attachment":[{"href":"https:\/\/blogsaverroes.juntadeandalucia.es\/ceiplacruz\/wp-json\/wp\/v2\/media?parent=3297"}],"wp:term":[{"taxonomy":"category","embeddable":true,"href":"https:\/\/blogsaverroes.juntadeandalucia.es\/ceiplacruz\/wp-json\/wp\/v2\/categories?post=3297"},{"taxonomy":"post_tag","embeddable":true,"href":"https:\/\/blogsaverroes.juntadeandalucia.es\/ceiplacruz\/wp-json\/wp\/v2\/tags?post=3297"}],"curies":[{"name":"wp","href":"https:\/\/api.w.org\/{rel}","templated":true}]}}