{"id":3327,"date":"2023-06-07T10:54:48","date_gmt":"2023-06-07T10:54:48","guid":{"rendered":"https:\/\/blogsaverroes.juntadeandalucia.es\/ceiplacruz\/?p=3327"},"modified":"2023-06-07T10:54:48","modified_gmt":"2023-06-07T10:54:48","slug":"programa-de-transito-de-infantil-a-primaria","status":"publish","type":"post","link":"https:\/\/blogsaverroes.juntadeandalucia.es\/ceiplacruz\/programa-de-transito-de-infantil-a-primaria\/","title":{"rendered":"Programa de tr\u00e1nsito de Infantil a Primaria"},"content":{"rendered":"<p>Nuestro alumnado de Educaci\u00f3n Infantil de 5 a\u00f1os realiza una visita al edificio de Primaria.<\/p>\n<p>Esta actividad, recogida en nuestro programa de tr\u00e1nsito, acerca a nuestros peques su paso a la etapa de Primaria.<\/p>\n<p>Han sido apadrinados por el alumnado de 1\u00ba de primaria, han visitado las instalaciones, realizado una clase de educaci\u00f3n f\u00edsica o la presentaci\u00f3n del \u00e1rea de m\u00fasica.<\/p>\n<p>Os dejamos un video de la jornada.<\/p>\n<p><iframe loading=\"lazy\" title=\"Los peques De la Cruz visitan el cole de Primaria\" width=\"500\" height=\"281\" src=\"https:\/\/www.youtube.com\/embed\/QFY3Sl9t70A?feature=oembed&#038;wmode=opaque\" frameborder=\"0\" allow=\"accelerometer; autoplay; clipboard-write; encrypted-media; gyroscope; picture-in-picture; web-share\" allowfullscreen><\/iframe><\/p>\n","protected":false},"excerpt":{"rendered":"<p>Nuestro alumnado de Educaci\u00f3n Infantil de 5 a\u00f1os realiza una visita al edificio de Primaria. Esta actividad, recogida en nuestro programa de tr\u00e1nsito, acerca a nuestros peques su paso a la etapa de Primaria.&#46;&#46;&#46;<\/p>\n","protected":false},"author":11553,"featured_media":3192,"comment_status":"open","ping_status":"open","sticky":true,"template":"","format":"standard","meta":{"ngg_post_thumbnail":0,"footnotes":""},"categories":[26636],"tags":[],"aioseo_notices":[],"_links":{"self":[{"href":"https:\/\/blogsaverroes.juntadeandalucia.es\/ceiplacruz\/wp-json\/wp\/v2\/posts\/3327"}],"collection":[{"href":"https:\/\/blogsaverroes.juntadeandalucia.es\/ceiplacruz\/wp-json\/wp\/v2\/posts"}],"about":[{"href":"https:\/\/blogsaverroes.juntadeandalucia.es\/ceiplacruz\/wp-json\/wp\/v2\/types\/post"}],"author":[{"embeddable":true,"href":"https:\/\/blogsaverroes.juntadeandalucia.es\/ceiplacruz\/wp-json\/wp\/v2\/users\/11553"}],"replies":[{"embeddable":true,"href":"https:\/\/blogsaverroes.juntadeandalucia.es\/ceiplacruz\/wp-json\/wp\/v2\/comments?post=3327"}],"version-history":[{"count":1,"href":"https:\/\/blogsaverroes.juntadeandalucia.es\/ceiplacruz\/wp-json\/wp\/v2\/posts\/3327\/revisions"}],"predecessor-version":[{"id":3328,"href":"https:\/\/blogsaverroes.juntadeandalucia.es\/ceiplacruz\/wp-json\/wp\/v2\/posts\/3327\/revisions\/3328"}],"wp:featuredmedia":[{"embeddable":true,"href":"https:\/\/blogsaverroes.juntadeandalucia.es\/ceiplacruz\/wp-json\/wp\/v2\/media\/3192"}],"wp:attachment":[{"href":"https:\/\/blogsaverroes.juntadeandalucia.es\/ceiplacruz\/wp-json\/wp\/v2\/media?parent=3327"}],"wp:term":[{"taxonomy":"category","embeddable":true,"href":"https:\/\/blogsaverroes.juntadeandalucia.es\/ceiplacruz\/wp-json\/wp\/v2\/categories?post=3327"},{"taxonomy":"post_tag","embeddable":true,"href":"https:\/\/blogsaverroes.juntadeandalucia.es\/ceiplacruz\/wp-json\/wp\/v2\/tags?post=3327"}],"curies":[{"name":"wp","href":"https:\/\/api.w.org\/{rel}","templated":true}]}}