{"id":4166,"date":"2024-10-22T16:32:46","date_gmt":"2024-10-22T16:32:46","guid":{"rendered":"https:\/\/blogsaverroes.juntadeandalucia.es\/ceiplacruz\/?p=4166"},"modified":"2024-10-22T16:32:46","modified_gmt":"2024-10-22T16:32:46","slug":"biblioteca-del-cole","status":"publish","type":"post","link":"https:\/\/blogsaverroes.juntadeandalucia.es\/ceiplacruz\/biblioteca-del-cole\/","title":{"rendered":"BIBLIOTECA DEL COLE"},"content":{"rendered":"<p>El pasado 4 de octubre se inaugur\u00f3 nuestra biblioteca escolar.<\/p>\n<p>La coordinadora del programa, Albertina Robles, fue la encargada de anunciarlo a nuestro alumnado.<\/p>\n<p>La biblioteca abre sus puertas para un sinf\u00edn de actividades: lectura, talleres, cuentacuentos, celebraci\u00f3n de efem\u00e9rides&#8230;as\u00ed como su uso en el horario de recreo.<\/p>\n<p>Gracias por tu trabajo.<\/p>\n<p><a href=\"https:\/\/blogsaverroes.juntadeandalucia.es\/ceiplacruz\/files\/2024\/10\/20241004_093111.jpg\"><img loading=\"lazy\" decoding=\"async\" class=\"alignnone  wp-image-4168\" src=\"https:\/\/blogsaverroes.juntadeandalucia.es\/ceiplacruz\/files\/2024\/10\/20241004_093111-300x225.jpg\" alt=\"\" width=\"379\" height=\"284\" srcset=\"https:\/\/blogsaverroes.juntadeandalucia.es\/ceiplacruz\/files\/2024\/10\/20241004_093111-300x225.jpg 300w, https:\/\/blogsaverroes.juntadeandalucia.es\/ceiplacruz\/files\/2024\/10\/20241004_093111-1024x768.jpg 1024w, https:\/\/blogsaverroes.juntadeandalucia.es\/ceiplacruz\/files\/2024\/10\/20241004_093111-768x576.jpg 768w, https:\/\/blogsaverroes.juntadeandalucia.es\/ceiplacruz\/files\/2024\/10\/20241004_093111-1536x1152.jpg 1536w, https:\/\/blogsaverroes.juntadeandalucia.es\/ceiplacruz\/files\/2024\/10\/20241004_093111-2048x1536.jpg 2048w, https:\/\/blogsaverroes.juntadeandalucia.es\/ceiplacruz\/files\/2024\/10\/20241004_093111.jpg 1600w\" sizes=\"(max-width: 379px) 100vw, 379px\" \/><\/a> <a href=\"https:\/\/blogsaverroes.juntadeandalucia.es\/ceiplacruz\/files\/2024\/10\/20241004_093201.jpg\"><img loading=\"lazy\" decoding=\"async\" class=\"alignnone  wp-image-4169\" src=\"https:\/\/blogsaverroes.juntadeandalucia.es\/ceiplacruz\/files\/2024\/10\/20241004_093201-300x225.jpg\" alt=\"\" width=\"353\" height=\"265\" srcset=\"https:\/\/blogsaverroes.juntadeandalucia.es\/ceiplacruz\/files\/2024\/10\/20241004_093201-300x225.jpg 300w, https:\/\/blogsaverroes.juntadeandalucia.es\/ceiplacruz\/files\/2024\/10\/20241004_093201-1024x768.jpg 1024w, https:\/\/blogsaverroes.juntadeandalucia.es\/ceiplacruz\/files\/2024\/10\/20241004_093201-768x576.jpg 768w, https:\/\/blogsaverroes.juntadeandalucia.es\/ceiplacruz\/files\/2024\/10\/20241004_093201-1536x1152.jpg 1536w, https:\/\/blogsaverroes.juntadeandalucia.es\/ceiplacruz\/files\/2024\/10\/20241004_093201-2048x1536.jpg 2048w, https:\/\/blogsaverroes.juntadeandalucia.es\/ceiplacruz\/files\/2024\/10\/20241004_093201.jpg 1600w\" sizes=\"(max-width: 353px) 100vw, 353px\" \/><\/a> <a href=\"https:\/\/blogsaverroes.juntadeandalucia.es\/ceiplacruz\/files\/2024\/10\/20241004_093207.jpg\"><img loading=\"lazy\" decoding=\"async\" class=\"alignnone  wp-image-4170\" src=\"https:\/\/blogsaverroes.juntadeandalucia.es\/ceiplacruz\/files\/2024\/10\/20241004_093207-300x225.jpg\" alt=\"\" width=\"365\" height=\"274\" srcset=\"https:\/\/blogsaverroes.juntadeandalucia.es\/ceiplacruz\/files\/2024\/10\/20241004_093207-300x225.jpg 300w, https:\/\/blogsaverroes.juntadeandalucia.es\/ceiplacruz\/files\/2024\/10\/20241004_093207-1024x768.jpg 1024w, https:\/\/blogsaverroes.juntadeandalucia.es\/ceiplacruz\/files\/2024\/10\/20241004_093207-768x576.jpg 768w, https:\/\/blogsaverroes.juntadeandalucia.es\/ceiplacruz\/files\/2024\/10\/20241004_093207-1536x1152.jpg 1536w, https:\/\/blogsaverroes.juntadeandalucia.es\/ceiplacruz\/files\/2024\/10\/20241004_093207-2048x1536.jpg 2048w, https:\/\/blogsaverroes.juntadeandalucia.es\/ceiplacruz\/files\/2024\/10\/20241004_093207.jpg 1600w\" sizes=\"(max-width: 365px) 100vw, 365px\" \/><\/a> <a href=\"https:\/\/blogsaverroes.juntadeandalucia.es\/ceiplacruz\/files\/2024\/10\/20241004_093221.jpg\"><img loading=\"lazy\" decoding=\"async\" class=\"alignnone  wp-image-4171\" src=\"https:\/\/blogsaverroes.juntadeandalucia.es\/ceiplacruz\/files\/2024\/10\/20241004_093221-300x225.jpg\" alt=\"\" width=\"381\" height=\"286\" srcset=\"https:\/\/blogsaverroes.juntadeandalucia.es\/ceiplacruz\/files\/2024\/10\/20241004_093221-300x225.jpg 300w, https:\/\/blogsaverroes.juntadeandalucia.es\/ceiplacruz\/files\/2024\/10\/20241004_093221-1024x768.jpg 1024w, https:\/\/blogsaverroes.juntadeandalucia.es\/ceiplacruz\/files\/2024\/10\/20241004_093221-768x576.jpg 768w, https:\/\/blogsaverroes.juntadeandalucia.es\/ceiplacruz\/files\/2024\/10\/20241004_093221-1536x1152.jpg 1536w, https:\/\/blogsaverroes.juntadeandalucia.es\/ceiplacruz\/files\/2024\/10\/20241004_093221-2048x1536.jpg 2048w, https:\/\/blogsaverroes.juntadeandalucia.es\/ceiplacruz\/files\/2024\/10\/20241004_093221.jpg 1600w\" sizes=\"(max-width: 381px) 100vw, 381px\" \/><\/a> <a href=\"https:\/\/blogsaverroes.juntadeandalucia.es\/ceiplacruz\/files\/2024\/10\/20241009_123254.jpg\"><img loading=\"lazy\" decoding=\"async\" class=\"alignnone  wp-image-4172\" src=\"https:\/\/blogsaverroes.juntadeandalucia.es\/ceiplacruz\/files\/2024\/10\/20241009_123254-300x225.jpg\" alt=\"\" width=\"388\" height=\"291\" srcset=\"https:\/\/blogsaverroes.juntadeandalucia.es\/ceiplacruz\/files\/2024\/10\/20241009_123254-300x225.jpg 300w, https:\/\/blogsaverroes.juntadeandalucia.es\/ceiplacruz\/files\/2024\/10\/20241009_123254-1024x768.jpg 1024w, https:\/\/blogsaverroes.juntadeandalucia.es\/ceiplacruz\/files\/2024\/10\/20241009_123254-768x576.jpg 768w, https:\/\/blogsaverroes.juntadeandalucia.es\/ceiplacruz\/files\/2024\/10\/20241009_123254-1536x1152.jpg 1536w, https:\/\/blogsaverroes.juntadeandalucia.es\/ceiplacruz\/files\/2024\/10\/20241009_123254-2048x1536.jpg 2048w, https:\/\/blogsaverroes.juntadeandalucia.es\/ceiplacruz\/files\/2024\/10\/20241009_123254.jpg 1600w\" sizes=\"(max-width: 388px) 100vw, 388px\" \/><\/a><\/p>\n","protected":false},"excerpt":{"rendered":"<p>El pasado 4 de octubre se inaugur\u00f3 nuestra biblioteca escolar. La coordinadora del programa, Albertina Robles, fue la encargada de anunciarlo a nuestro alumnado. La biblioteca abre sus puertas para un sinf\u00edn de actividades:&#46;&#46;&#46;<\/p>\n","protected":false},"author":11553,"featured_media":4167,"comment_status":"open","ping_status":"open","sticky":true,"template":"","format":"image","meta":{"ngg_post_thumbnail":0,"footnotes":""},"categories":[213],"tags":[],"aioseo_notices":[],"_links":{"self":[{"href":"https:\/\/blogsaverroes.juntadeandalucia.es\/ceiplacruz\/wp-json\/wp\/v2\/posts\/4166"}],"collection":[{"href":"https:\/\/blogsaverroes.juntadeandalucia.es\/ceiplacruz\/wp-json\/wp\/v2\/posts"}],"about":[{"href":"https:\/\/blogsaverroes.juntadeandalucia.es\/ceiplacruz\/wp-json\/wp\/v2\/types\/post"}],"author":[{"embeddable":true,"href":"https:\/\/blogsaverroes.juntadeandalucia.es\/ceiplacruz\/wp-json\/wp\/v2\/users\/11553"}],"replies":[{"embeddable":true,"href":"https:\/\/blogsaverroes.juntadeandalucia.es\/ceiplacruz\/wp-json\/wp\/v2\/comments?post=4166"}],"version-history":[{"count":1,"href":"https:\/\/blogsaverroes.juntadeandalucia.es\/ceiplacruz\/wp-json\/wp\/v2\/posts\/4166\/revisions"}],"predecessor-version":[{"id":4173,"href":"https:\/\/blogsaverroes.juntadeandalucia.es\/ceiplacruz\/wp-json\/wp\/v2\/posts\/4166\/revisions\/4173"}],"wp:featuredmedia":[{"embeddable":true,"href":"https:\/\/blogsaverroes.juntadeandalucia.es\/ceiplacruz\/wp-json\/wp\/v2\/media\/4167"}],"wp:attachment":[{"href":"https:\/\/blogsaverroes.juntadeandalucia.es\/ceiplacruz\/wp-json\/wp\/v2\/media?parent=4166"}],"wp:term":[{"taxonomy":"category","embeddable":true,"href":"https:\/\/blogsaverroes.juntadeandalucia.es\/ceiplacruz\/wp-json\/wp\/v2\/categories?post=4166"},{"taxonomy":"post_tag","embeddable":true,"href":"https:\/\/blogsaverroes.juntadeandalucia.es\/ceiplacruz\/wp-json\/wp\/v2\/tags?post=4166"}],"curies":[{"name":"wp","href":"https:\/\/api.w.org\/{rel}","templated":true}]}}