{"id":4448,"date":"2025-01-22T18:24:14","date_gmt":"2025-01-22T18:24:14","guid":{"rendered":"https:\/\/blogsaverroes.juntadeandalucia.es\/ceiplacruz\/?p=4448"},"modified":"2025-01-23T18:58:47","modified_gmt":"2025-01-23T18:58:47","slug":"dia-de-la-mediacion-2","status":"publish","type":"post","link":"https:\/\/blogsaverroes.juntadeandalucia.es\/ceiplacruz\/dia-de-la-mediacion-2\/","title":{"rendered":"D\u00cdA DE LA MEDIACI\u00d3N"},"content":{"rendered":"<p><b>21 de enero<\/b>: D\u00eda Europeo de la Mediaci\u00f3n. En el d\u00eda europeo de la mediaci\u00f3n queremos hacer un reconocimiento a todo el profesorado y al alumnado que apuesta por la mediaci\u00f3n como medio para resolver los conflictos que surgen en el d\u00eda a d\u00eda de los centros educativos.<\/p>\n<p>El&nbsp;<b>21 de enero<\/b> es el D\u00eda Internacional de la Mediaci\u00f3n que coincide con el primer texto legislativo sobre mediaci\u00f3n familiar en Europa a trav\u00e9s de la Recomendaci\u00f3n n\u00ba 98 aprobada por el Comit\u00e9 de Ministros del Consejo de Europa el 21 de Enero de 1998 .<\/p>\n<p>Nuestro equipo de mediaci\u00f3n ha preparado un video para conmemorar este d\u00eda.<\/p>\n<p>\u00a1Enhorabuena al equipo!<\/p>\n<p><iframe loading=\"lazy\" src=\"\/\/www.youtube.com\/embed\/n19EVyOeVVI\" width=\"560\" height=\"314\"><\/iframe><\/p>\n","protected":false},"excerpt":{"rendered":"<p>21 de enero: D\u00eda Europeo de la Mediaci\u00f3n. En el d\u00eda europeo de la mediaci\u00f3n queremos hacer un reconocimiento a todo el profesorado y al alumnado que apuesta por la mediaci\u00f3n como medio para&#46;&#46;&#46;<\/p>\n","protected":false},"author":11553,"featured_media":4456,"comment_status":"open","ping_status":"open","sticky":true,"template":"","format":"video","meta":{"ngg_post_thumbnail":0,"footnotes":""},"categories":[2351661],"tags":[],"aioseo_notices":[],"_links":{"self":[{"href":"https:\/\/blogsaverroes.juntadeandalucia.es\/ceiplacruz\/wp-json\/wp\/v2\/posts\/4448"}],"collection":[{"href":"https:\/\/blogsaverroes.juntadeandalucia.es\/ceiplacruz\/wp-json\/wp\/v2\/posts"}],"about":[{"href":"https:\/\/blogsaverroes.juntadeandalucia.es\/ceiplacruz\/wp-json\/wp\/v2\/types\/post"}],"author":[{"embeddable":true,"href":"https:\/\/blogsaverroes.juntadeandalucia.es\/ceiplacruz\/wp-json\/wp\/v2\/users\/11553"}],"replies":[{"embeddable":true,"href":"https:\/\/blogsaverroes.juntadeandalucia.es\/ceiplacruz\/wp-json\/wp\/v2\/comments?post=4448"}],"version-history":[{"count":1,"href":"https:\/\/blogsaverroes.juntadeandalucia.es\/ceiplacruz\/wp-json\/wp\/v2\/posts\/4448\/revisions"}],"predecessor-version":[{"id":4449,"href":"https:\/\/blogsaverroes.juntadeandalucia.es\/ceiplacruz\/wp-json\/wp\/v2\/posts\/4448\/revisions\/4449"}],"wp:featuredmedia":[{"embeddable":true,"href":"https:\/\/blogsaverroes.juntadeandalucia.es\/ceiplacruz\/wp-json\/wp\/v2\/media\/4456"}],"wp:attachment":[{"href":"https:\/\/blogsaverroes.juntadeandalucia.es\/ceiplacruz\/wp-json\/wp\/v2\/media?parent=4448"}],"wp:term":[{"taxonomy":"category","embeddable":true,"href":"https:\/\/blogsaverroes.juntadeandalucia.es\/ceiplacruz\/wp-json\/wp\/v2\/categories?post=4448"},{"taxonomy":"post_tag","embeddable":true,"href":"https:\/\/blogsaverroes.juntadeandalucia.es\/ceiplacruz\/wp-json\/wp\/v2\/tags?post=4448"}],"curies":[{"name":"wp","href":"https:\/\/api.w.org\/{rel}","templated":true}]}}