{"id":4619,"date":"2025-04-07T13:14:38","date_gmt":"2025-04-07T13:14:38","guid":{"rendered":"https:\/\/blogsaverroes.juntadeandalucia.es\/ceiplacruz\/?p=4619"},"modified":"2025-04-09T07:38:54","modified_gmt":"2025-04-09T07:38:54","slug":"sindrome-down","status":"publish","type":"post","link":"https:\/\/blogsaverroes.juntadeandalucia.es\/ceiplacruz\/sindrome-down\/","title":{"rendered":"S\u00cdNDROME DOWN"},"content":{"rendered":"<p>La iniciativa para conmemorar el D\u00eda Internacional del S\u00edndrome de Down fue liderada por la Federaci\u00f3n Internacional de S\u00edndrome de Down <sup id=\"cite_ref-2\" class=\"mw-references reference separada\"><\/sup>y recibi\u00f3 reconocimiento oficial por la <a title=\"Organizaci\u00f3n de las Naciones Unidas\" href=\"https:\/\/es.wikipedia.org\/wiki\/Organizaci%C3%B3n_de_las_Naciones_Unidas\">Organizaci\u00f3n de las Naciones Unidas<\/a>&nbsp;(ONU) el 19 de diciembre de 2011.<sup id=\"cite_ref-:16_3-0\" class=\"mw-references reference separada\"><\/sup>\u200b Este reconocimiento tuvo como prop\u00f3sito principal aumentar la conciencia sobre esta condici\u00f3n&nbsp;<a title=\"Gen\u00e9tica\" href=\"https:\/\/es.wikipedia.org\/wiki\/Gen%C3%A9tica\">gen\u00e9tica<\/a>, promoviendo la inclusi\u00f3n y la val\u00eda de las personas con S\u00edndrome de Down en la sociedad.<\/p>\n<div dir=\"auto\">Nuestro centro realiza campa\u00f1a de sensibilizaci\u00f3n: \u00abLuce tus calcetines\u00bb<\/div>\n<div dir=\"auto\">\u25b6 Venir al cole con calcetines diferentes.<\/div>\n<div dir=\"auto\">\u25b6 Decorar el cole con calcetines de colores.<\/div>\n<div dir=\"auto\">&nbsp;<\/div>\n<div dir=\"auto\">El equipo de orientaci\u00f3n ha organizado una serie de actividades para conmemorar esta fecha.<\/div>\n<p>\u25b6 Visionado de corto sobre el S\u00edndrome de Down:<br \/>\n\ud83d\udcccCromocuento (3,23 min) Cuento que explica q es el S\u00edndrome de Down<br \/>\nInfantil, 1\u00b0, 2\u00b0 y 3\u00b0 Primaria<\/p>\n<p>\ud83d\udcccAut\u00e9nticos (3,49 min)<\/p>\n<p>\ud83d\udccc Tan como t\u00fa (1,44 min)<\/p>\n<p>4\u00b0, 5\u00b0 y 6\u00b0 primaria<\/p>\n<p>\ud83d\udcccDistintos (20,59 min)<br \/>\nCorto protagonizado por dos chicos con S. Down. 6\u00b0primaria<\/p>\n<p>Os dejamos algunas fotos del d\u00eda<\/p>\n<p><a href=\"https:\/\/blogsaverroes.juntadeandalucia.es\/ceiplacruz\/files\/2025\/04\/IMG_6235.jpg\"><img loading=\"lazy\" decoding=\"async\" class=\"aligncenter size-large wp-image-4621\" src=\"https:\/\/blogsaverroes.juntadeandalucia.es\/ceiplacruz\/files\/2025\/04\/IMG_6235-1024x768.jpg\" alt=\"\" width=\"1024\" height=\"768\" srcset=\"https:\/\/blogsaverroes.juntadeandalucia.es\/ceiplacruz\/files\/2025\/04\/IMG_6235-1024x768.jpg 1024w, https:\/\/blogsaverroes.juntadeandalucia.es\/ceiplacruz\/files\/2025\/04\/IMG_6235-300x225.jpg 300w, https:\/\/blogsaverroes.juntadeandalucia.es\/ceiplacruz\/files\/2025\/04\/IMG_6235-768x576.jpg 768w, https:\/\/blogsaverroes.juntadeandalucia.es\/ceiplacruz\/files\/2025\/04\/IMG_6235-1536x1152.jpg 1536w, https:\/\/blogsaverroes.juntadeandalucia.es\/ceiplacruz\/files\/2025\/04\/IMG_6235-2048x1536.jpg 2048w, https:\/\/blogsaverroes.juntadeandalucia.es\/ceiplacruz\/files\/2025\/04\/IMG_6235.jpg 1600w\" sizes=\"(max-width: 1024px) 100vw, 1024px\" \/><\/a><\/p>\n<p><a href=\"https:\/\/blogsaverroes.juntadeandalucia.es\/ceiplacruz\/files\/2025\/04\/Imagen-de-WhatsApp-2025-04-07-a-las-10.38.06_16c906cd.jpg\"><img loading=\"lazy\" decoding=\"async\" class=\"aligncenter size-large wp-image-4622\" src=\"https:\/\/blogsaverroes.juntadeandalucia.es\/ceiplacruz\/files\/2025\/04\/Imagen-de-WhatsApp-2025-04-07-a-las-10.38.06_16c906cd-1024x576.jpg\" alt=\"\" width=\"1024\" height=\"576\" srcset=\"https:\/\/blogsaverroes.juntadeandalucia.es\/ceiplacruz\/files\/2025\/04\/Imagen-de-WhatsApp-2025-04-07-a-las-10.38.06_16c906cd-1024x576.jpg 1024w, https:\/\/blogsaverroes.juntadeandalucia.es\/ceiplacruz\/files\/2025\/04\/Imagen-de-WhatsApp-2025-04-07-a-las-10.38.06_16c906cd-300x169.jpg 300w, https:\/\/blogsaverroes.juntadeandalucia.es\/ceiplacruz\/files\/2025\/04\/Imagen-de-WhatsApp-2025-04-07-a-las-10.38.06_16c906cd-768x432.jpg 768w, https:\/\/blogsaverroes.juntadeandalucia.es\/ceiplacruz\/files\/2025\/04\/Imagen-de-WhatsApp-2025-04-07-a-las-10.38.06_16c906cd-1536x864.jpg 1536w, https:\/\/blogsaverroes.juntadeandalucia.es\/ceiplacruz\/files\/2025\/04\/Imagen-de-WhatsApp-2025-04-07-a-las-10.38.06_16c906cd.jpg 1600w\" sizes=\"(max-width: 1024px) 100vw, 1024px\" \/><\/a> <a href=\"https:\/\/blogsaverroes.juntadeandalucia.es\/ceiplacruz\/files\/2025\/04\/IMG_20250321_100241.jpg\"><img loading=\"lazy\" decoding=\"async\" class=\"aligncenter size-large wp-image-4623\" src=\"https:\/\/blogsaverroes.juntadeandalucia.es\/ceiplacruz\/files\/2025\/04\/IMG_20250321_100241-769x1024.jpg\" alt=\"\" width=\"769\" height=\"1024\" srcset=\"https:\/\/blogsaverroes.juntadeandalucia.es\/ceiplacruz\/files\/2025\/04\/IMG_20250321_100241-769x1024.jpg 769w, https:\/\/blogsaverroes.juntadeandalucia.es\/ceiplacruz\/files\/2025\/04\/IMG_20250321_100241-225x300.jpg 225w, https:\/\/blogsaverroes.juntadeandalucia.es\/ceiplacruz\/files\/2025\/04\/IMG_20250321_100241-768x1023.jpg 768w, https:\/\/blogsaverroes.juntadeandalucia.es\/ceiplacruz\/files\/2025\/04\/IMG_20250321_100241-1153x1536.jpg 1153w, https:\/\/blogsaverroes.juntadeandalucia.es\/ceiplacruz\/files\/2025\/04\/IMG_20250321_100241-1538x2048.jpg 1538w, https:\/\/blogsaverroes.juntadeandalucia.es\/ceiplacruz\/files\/2025\/04\/IMG_20250321_100241.jpg 1201w\" sizes=\"(max-width: 769px) 100vw, 769px\" \/><\/a> <a href=\"https:\/\/blogsaverroes.juntadeandalucia.es\/ceiplacruz\/files\/2025\/04\/IMG_20250321_100302.jpg\"><img loading=\"lazy\" decoding=\"async\" class=\"aligncenter size-large wp-image-4624\" src=\"https:\/\/blogsaverroes.juntadeandalucia.es\/ceiplacruz\/files\/2025\/04\/IMG_20250321_100302-769x1024.jpg\" alt=\"\" width=\"769\" height=\"1024\" srcset=\"https:\/\/blogsaverroes.juntadeandalucia.es\/ceiplacruz\/files\/2025\/04\/IMG_20250321_100302-769x1024.jpg 769w, https:\/\/blogsaverroes.juntadeandalucia.es\/ceiplacruz\/files\/2025\/04\/IMG_20250321_100302-225x300.jpg 225w, https:\/\/blogsaverroes.juntadeandalucia.es\/ceiplacruz\/files\/2025\/04\/IMG_20250321_100302-768x1023.jpg 768w, https:\/\/blogsaverroes.juntadeandalucia.es\/ceiplacruz\/files\/2025\/04\/IMG_20250321_100302-1153x1536.jpg 1153w, https:\/\/blogsaverroes.juntadeandalucia.es\/ceiplacruz\/files\/2025\/04\/IMG_20250321_100302-1538x2048.jpg 1538w\" sizes=\"(max-width: 769px) 100vw, 769px\" \/><\/a> <a href=\"https:\/\/blogsaverroes.juntadeandalucia.es\/ceiplacruz\/files\/2025\/04\/IMG_20250321_130746.jpg\"><img loading=\"lazy\" decoding=\"async\" class=\"aligncenter size-large wp-image-4625\" src=\"https:\/\/blogsaverroes.juntadeandalucia.es\/ceiplacruz\/files\/2025\/04\/IMG_20250321_130746-769x1024.jpg\" alt=\"\" width=\"769\" height=\"1024\" srcset=\"https:\/\/blogsaverroes.juntadeandalucia.es\/ceiplacruz\/files\/2025\/04\/IMG_20250321_130746-769x1024.jpg 769w, https:\/\/blogsaverroes.juntadeandalucia.es\/ceiplacruz\/files\/2025\/04\/IMG_20250321_130746-225x300.jpg 225w, https:\/\/blogsaverroes.juntadeandalucia.es\/ceiplacruz\/files\/2025\/04\/IMG_20250321_130746-768x1023.jpg 768w, https:\/\/blogsaverroes.juntadeandalucia.es\/ceiplacruz\/files\/2025\/04\/IMG_20250321_130746-1153x1536.jpg 1153w, https:\/\/blogsaverroes.juntadeandalucia.es\/ceiplacruz\/files\/2025\/04\/IMG_20250321_130746-1538x2048.jpg 1538w, https:\/\/blogsaverroes.juntadeandalucia.es\/ceiplacruz\/files\/2025\/04\/IMG_20250321_130746.jpg 1201w\" sizes=\"(max-width: 769px) 100vw, 769px\" \/><\/a> <a href=\"https:\/\/blogsaverroes.juntadeandalucia.es\/ceiplacruz\/files\/2025\/04\/IMG_20250321_131757.jpg\"><img loading=\"lazy\" decoding=\"async\" class=\"aligncenter size-large wp-image-4626\" src=\"https:\/\/blogsaverroes.juntadeandalucia.es\/ceiplacruz\/files\/2025\/04\/IMG_20250321_131757-1024x769.jpg\" alt=\"\" width=\"1024\" height=\"769\" srcset=\"https:\/\/blogsaverroes.juntadeandalucia.es\/ceiplacruz\/files\/2025\/04\/IMG_20250321_131757-1024x769.jpg 1024w, https:\/\/blogsaverroes.juntadeandalucia.es\/ceiplacruz\/files\/2025\/04\/IMG_20250321_131757-300x225.jpg 300w, https:\/\/blogsaverroes.juntadeandalucia.es\/ceiplacruz\/files\/2025\/04\/IMG_20250321_131757-768x577.jpg 768w, https:\/\/blogsaverroes.juntadeandalucia.es\/ceiplacruz\/files\/2025\/04\/IMG_20250321_131757-1536x1153.jpg 1536w, https:\/\/blogsaverroes.juntadeandalucia.es\/ceiplacruz\/files\/2025\/04\/IMG_20250321_131757-2048x1538.jpg 2048w\" sizes=\"(max-width: 1024px) 100vw, 1024px\" \/><\/a> <a href=\"https:\/\/blogsaverroes.juntadeandalucia.es\/ceiplacruz\/files\/2025\/04\/IMG-20250321-WA0007.jpg\"><img loading=\"lazy\" decoding=\"async\" class=\"aligncenter size-large wp-image-4627\" src=\"https:\/\/blogsaverroes.juntadeandalucia.es\/ceiplacruz\/files\/2025\/04\/IMG-20250321-WA0007-1024x768.jpg\" alt=\"\" width=\"1024\" height=\"768\" srcset=\"https:\/\/blogsaverroes.juntadeandalucia.es\/ceiplacruz\/files\/2025\/04\/IMG-20250321-WA0007-1024x768.jpg 1024w, https:\/\/blogsaverroes.juntadeandalucia.es\/ceiplacruz\/files\/2025\/04\/IMG-20250321-WA0007-300x225.jpg 300w, https:\/\/blogsaverroes.juntadeandalucia.es\/ceiplacruz\/files\/2025\/04\/IMG-20250321-WA0007-768x576.jpg 768w, https:\/\/blogsaverroes.juntadeandalucia.es\/ceiplacruz\/files\/2025\/04\/IMG-20250321-WA0007-1536x1152.jpg 1536w, https:\/\/blogsaverroes.juntadeandalucia.es\/ceiplacruz\/files\/2025\/04\/IMG-20250321-WA0007.jpg 1600w\" sizes=\"(max-width: 1024px) 100vw, 1024px\" \/><\/a> <a href=\"https:\/\/blogsaverroes.juntadeandalucia.es\/ceiplacruz\/files\/2025\/04\/20250321_123659-rotated.jpg\"><img loading=\"lazy\" decoding=\"async\" class=\"aligncenter size-large wp-image-4628\" src=\"https:\/\/blogsaverroes.juntadeandalucia.es\/ceiplacruz\/files\/2025\/04\/20250321_123659-576x1024.jpg\" alt=\"\" width=\"576\" height=\"1024\" srcset=\"https:\/\/blogsaverroes.juntadeandalucia.es\/ceiplacruz\/files\/2025\/04\/20250321_123659-576x1024.jpg 576w, https:\/\/blogsaverroes.juntadeandalucia.es\/ceiplacruz\/files\/2025\/04\/20250321_123659-169x300.jpg 169w, https:\/\/blogsaverroes.juntadeandalucia.es\/ceiplacruz\/files\/2025\/04\/20250321_123659-768x1365.jpg 768w, https:\/\/blogsaverroes.juntadeandalucia.es\/ceiplacruz\/files\/2025\/04\/20250321_123659-864x1536.jpg 864w, https:\/\/blogsaverroes.juntadeandalucia.es\/ceiplacruz\/files\/2025\/04\/20250321_123659-1153x2048.jpg 1153w, https:\/\/blogsaverroes.juntadeandalucia.es\/ceiplacruz\/files\/2025\/04\/20250321_123659-rotated.jpg 900w\" sizes=\"(max-width: 576px) 100vw, 576px\" \/><\/a><\/p>\n","protected":false},"excerpt":{"rendered":"<p>La iniciativa para conmemorar el D\u00eda Internacional del S\u00edndrome de Down fue liderada por la Federaci\u00f3n Internacional de S\u00edndrome de Down y recibi\u00f3 reconocimiento oficial por la Organizaci\u00f3n de las Naciones Unidas&nbsp;(ONU) el 19&#46;&#46;&#46;<\/p>\n","protected":false},"author":11553,"featured_media":4629,"comment_status":"open","ping_status":"open","sticky":true,"template":"","format":"image","meta":{"ngg_post_thumbnail":0,"footnotes":""},"categories":[2351661],"tags":[],"aioseo_notices":[],"_links":{"self":[{"href":"https:\/\/blogsaverroes.juntadeandalucia.es\/ceiplacruz\/wp-json\/wp\/v2\/posts\/4619"}],"collection":[{"href":"https:\/\/blogsaverroes.juntadeandalucia.es\/ceiplacruz\/wp-json\/wp\/v2\/posts"}],"about":[{"href":"https:\/\/blogsaverroes.juntadeandalucia.es\/ceiplacruz\/wp-json\/wp\/v2\/types\/post"}],"author":[{"embeddable":true,"href":"https:\/\/blogsaverroes.juntadeandalucia.es\/ceiplacruz\/wp-json\/wp\/v2\/users\/11553"}],"replies":[{"embeddable":true,"href":"https:\/\/blogsaverroes.juntadeandalucia.es\/ceiplacruz\/wp-json\/wp\/v2\/comments?post=4619"}],"version-history":[{"count":2,"href":"https:\/\/blogsaverroes.juntadeandalucia.es\/ceiplacruz\/wp-json\/wp\/v2\/posts\/4619\/revisions"}],"predecessor-version":[{"id":4630,"href":"https:\/\/blogsaverroes.juntadeandalucia.es\/ceiplacruz\/wp-json\/wp\/v2\/posts\/4619\/revisions\/4630"}],"wp:featuredmedia":[{"embeddable":true,"href":"https:\/\/blogsaverroes.juntadeandalucia.es\/ceiplacruz\/wp-json\/wp\/v2\/media\/4629"}],"wp:attachment":[{"href":"https:\/\/blogsaverroes.juntadeandalucia.es\/ceiplacruz\/wp-json\/wp\/v2\/media?parent=4619"}],"wp:term":[{"taxonomy":"category","embeddable":true,"href":"https:\/\/blogsaverroes.juntadeandalucia.es\/ceiplacruz\/wp-json\/wp\/v2\/categories?post=4619"},{"taxonomy":"post_tag","embeddable":true,"href":"https:\/\/blogsaverroes.juntadeandalucia.es\/ceiplacruz\/wp-json\/wp\/v2\/tags?post=4619"}],"curies":[{"name":"wp","href":"https:\/\/api.w.org\/{rel}","templated":true}]}}