{"id":4784,"date":"2025-06-12T17:10:42","date_gmt":"2025-06-12T17:10:42","guid":{"rendered":"https:\/\/blogsaverroes.juntadeandalucia.es\/ceiplacruz\/?p=4784"},"modified":"2025-06-12T17:10:42","modified_gmt":"2025-06-12T17:10:42","slug":"consejo-de-primaria-2","status":"publish","type":"post","link":"https:\/\/blogsaverroes.juntadeandalucia.es\/ceiplacruz\/consejo-de-primaria-2\/","title":{"rendered":"CONSEJO DE PRIMARIA"},"content":{"rendered":"<p><em>\u00a1Nuestros delegados\/as , la voz de la Primaria! <span class=\"x1xsqp64 xiy17q3 x1o6pynw x19co3pv xdj266r xjn30re xat24cr x1hb08if x2b8uid\" data-testid=\"emoji\"><span class=\"xexx8yu xcaqkgz x18d9i69 xbwkkl7 x3jgonx x1bhl96m\">\ud83c\udfeb<\/span><\/span><span class=\"x1xsqp64 xiy17q3 x1o6pynw x19co3pv xdj266r xjn30re xat24cr x1hb08if x2b8uid\" data-testid=\"emoji\"><span class=\"xexx8yu xcaqkgz x18d9i69 xbwkkl7 x3jgonx x1bhl96m\">\u2728<\/span><\/span><br \/>\nHoy ha sido un d\u00eda de mucho trabajo y colaboraci\u00f3n en el CEIP La Cruz. Como directora, tuve el placer de reunirme con los delegados y delegadas de clase en nuestro Consejo de Primaria. \u00a1Son los verdaderos representantes de sus compa\u00f1eros y compa\u00f1eras!<\/p>\n<p>Los temas que tratamos ya hab\u00edan sido debatidos previamente en las tutor\u00edas de cada clase, lo que permiti\u00f3 que todos trajeran ideas y propuestas muy valiosas. Hemos dialogado sobre:<\/p>\n<p>&#8211; Convivencia y resoluci\u00f3n de conflictos: C\u00f3mo podemos seguir construyendo un ambiente escolar donde todos se sientan bien y sepan resolver sus diferencias.<br \/>\n&#8211; La labor fundamental de la patrulla del reciclaje: Debemos mejorar nuestro compromiso con el planeta <span class=\"x1xsqp64 xiy17q3 x1o6pynw x19co3pv xdj266r xjn30re xat24cr x1hb08if x2b8uid\" data-testid=\"emoji\"><span class=\"xexx8yu xcaqkgz x18d9i69 xbwkkl7 x3jgonx x1bhl96m\">\u267b\ufe0f<\/span><\/span><br \/>\n&#8211; Actividades y salidas escolares: Recopilamos las que m\u00e1s les gustaron este curso y recogimos sus sugerencias para futuras experiencias. \u00a1Se vienen cosas muy interesantes!<\/p>\n<p>Y, por supuesto, propuestas para la hora del recreo: Ideas para hacer de este tiempo libre un momento a\u00fan m\u00e1s divertido y aprovechado para todos.<\/p>\n<p>Fue una reuni\u00f3n muy productiva y enriquecedora. Agradezco a cada delegado y delegada por su compromiso, madurez y por ser la voz de sus compa\u00f1eros\/as. \u00a1Su participaci\u00f3n es clave para seguir mejorando nuestro cole!<\/em><\/p>\n<p><a href=\"https:\/\/blogsaverroes.juntadeandalucia.es\/ceiplacruz\/files\/2025\/06\/Imagen-de-WhatsApp-2025-06-12-a-las-18.41.58_5ca30f3b.jpg\"><img loading=\"lazy\" decoding=\"async\" class=\"aligncenter size-large wp-image-4785\" src=\"https:\/\/blogsaverroes.juntadeandalucia.es\/ceiplacruz\/files\/2025\/06\/Imagen-de-WhatsApp-2025-06-12-a-las-18.41.58_5ca30f3b-576x1024.jpg\" alt=\"\" width=\"576\" height=\"1024\" srcset=\"https:\/\/blogsaverroes.juntadeandalucia.es\/ceiplacruz\/files\/2025\/06\/Imagen-de-WhatsApp-2025-06-12-a-las-18.41.58_5ca30f3b-576x1024.jpg 576w, https:\/\/blogsaverroes.juntadeandalucia.es\/ceiplacruz\/files\/2025\/06\/Imagen-de-WhatsApp-2025-06-12-a-las-18.41.58_5ca30f3b-169x300.jpg 169w, https:\/\/blogsaverroes.juntadeandalucia.es\/ceiplacruz\/files\/2025\/06\/Imagen-de-WhatsApp-2025-06-12-a-las-18.41.58_5ca30f3b-768x1365.jpg 768w, https:\/\/blogsaverroes.juntadeandalucia.es\/ceiplacruz\/files\/2025\/06\/Imagen-de-WhatsApp-2025-06-12-a-las-18.41.58_5ca30f3b-864x1536.jpg 864w, https:\/\/blogsaverroes.juntadeandalucia.es\/ceiplacruz\/files\/2025\/06\/Imagen-de-WhatsApp-2025-06-12-a-las-18.41.58_5ca30f3b.jpg 900w\" sizes=\"(max-width: 576px) 100vw, 576px\" \/><\/a><\/p>\n","protected":false},"excerpt":{"rendered":"<p>\u00a1Nuestros delegados\/as , la voz de la Primaria! \ud83c\udfeb\u2728 Hoy ha sido un d\u00eda de mucho trabajo y colaboraci\u00f3n en el CEIP La Cruz. Como directora, tuve el placer de reunirme con los delegados&#46;&#46;&#46;<\/p>\n","protected":false},"author":11553,"featured_media":4786,"comment_status":"open","ping_status":"open","sticky":true,"template":"","format":"standard","meta":{"ngg_post_thumbnail":0,"footnotes":""},"categories":[784],"tags":[],"aioseo_notices":[],"_links":{"self":[{"href":"https:\/\/blogsaverroes.juntadeandalucia.es\/ceiplacruz\/wp-json\/wp\/v2\/posts\/4784"}],"collection":[{"href":"https:\/\/blogsaverroes.juntadeandalucia.es\/ceiplacruz\/wp-json\/wp\/v2\/posts"}],"about":[{"href":"https:\/\/blogsaverroes.juntadeandalucia.es\/ceiplacruz\/wp-json\/wp\/v2\/types\/post"}],"author":[{"embeddable":true,"href":"https:\/\/blogsaverroes.juntadeandalucia.es\/ceiplacruz\/wp-json\/wp\/v2\/users\/11553"}],"replies":[{"embeddable":true,"href":"https:\/\/blogsaverroes.juntadeandalucia.es\/ceiplacruz\/wp-json\/wp\/v2\/comments?post=4784"}],"version-history":[{"count":1,"href":"https:\/\/blogsaverroes.juntadeandalucia.es\/ceiplacruz\/wp-json\/wp\/v2\/posts\/4784\/revisions"}],"predecessor-version":[{"id":4787,"href":"https:\/\/blogsaverroes.juntadeandalucia.es\/ceiplacruz\/wp-json\/wp\/v2\/posts\/4784\/revisions\/4787"}],"wp:featuredmedia":[{"embeddable":true,"href":"https:\/\/blogsaverroes.juntadeandalucia.es\/ceiplacruz\/wp-json\/wp\/v2\/media\/4786"}],"wp:attachment":[{"href":"https:\/\/blogsaverroes.juntadeandalucia.es\/ceiplacruz\/wp-json\/wp\/v2\/media?parent=4784"}],"wp:term":[{"taxonomy":"category","embeddable":true,"href":"https:\/\/blogsaverroes.juntadeandalucia.es\/ceiplacruz\/wp-json\/wp\/v2\/categories?post=4784"},{"taxonomy":"post_tag","embeddable":true,"href":"https:\/\/blogsaverroes.juntadeandalucia.es\/ceiplacruz\/wp-json\/wp\/v2\/tags?post=4784"}],"curies":[{"name":"wp","href":"https:\/\/api.w.org\/{rel}","templated":true}]}}